{"id":35416,"date":"2025-10-30T15:30:17","date_gmt":"2025-10-30T15:30:17","guid":{"rendered":"https:\/\/www.europesays.com\/lv\/35416\/"},"modified":"2025-10-30T15:30:17","modified_gmt":"2025-10-30T15:30:17","slug":"pret-riga-si-man-bija-loti-personiska-spele-futbols-sportacentrs-com","status":"publish","type":"post","link":"https:\/\/www.europesays.com\/lv\/35416\/","title":{"rendered":"&#8220;Pret &#8220;Riga&#8221; \u0161\u012b man bija \u013coti personiska sp\u0113le&#8221; \u2013 Futbols \u2013 Sportacentrs.com"},"content":{"rendered":"<p>&#8220;Gaid\u012bj\u0101m gr\u016btu sp\u0113li, un man pa\u0161am t\u0101 bija \u013coti personiska. Man \u0161\u012b sp\u0113le noz\u012bm\u0113ja \u013coti daudz, un dom\u0101ju, ka uz visiem jaut\u0101jumiem atbild\u0113ju laukum\u0101. Prieks par komandu, prieks par komandas biedriem, prieks par treneriem, paldies l\u012bdzjut\u0113jiem. N\u0101kamgad sp\u0113l\u0113sim Eirokausos!&#8221; p\u0113c uzvaras p\u0101r &#8220;Riga&#8221; LTV intervij\u0101 sac\u012bja 23 gadus vecais daugavpilietis. Sezonas pirmaj\u0101 pus\u0113 vi\u0146\u0161 &#8220;Riga&#8221; rind\u0101s Virsl\u012bg\u0101 17 sp\u0113l\u0113s tika pie 2+1, ta\u010du aizvad\u012bja tikai piecus pilnus puslaikus un tikai vien\u0101 sp\u0113l\u0113 sp\u0113l\u0113ja ilg\u0101k par puslaiku. Turpret\u012b &#8220;Aud\u0101&#8221; vi\u0146\u0161 atkal sp\u0113l\u0113 80 un 90 min\u016btes, ir atplaucis un k\u013cuvis par neap\u0161aub\u0101mi komandas vado\u0161o sp\u0113l\u0113t\u0101ju, kur\u0161 vakar bija motiv\u0113ts v\u0113l \u012bpa\u0161\u0101k nek\u0101 citos ma\u010dos.<\/p>\n<p> <img decoding=\"async\" src=\"https:\/\/www.europesays.com\/lv\/wp-content\/uploads\/2025\/10\/08b5_eduards_daskevics_auda_lff.jpg\" class=\"img-fluid\"\/><br \/> Eduards Da\u0161\u0137evi\u010ds svin uzvaras v\u0101rtu guvumu 77. min\u016bt\u0113. Foto: LFF<\/p>\n<p>&#8220;Dom\u0101ju, ka j\u016bs nevarat pat iedom\u0101ties, ko p\u0101rdz\u012bvoju sezonas pirmaj\u0101 pus\u0113 &#8220;Riga&#8221; rind\u0101s. Negribu p\u0101r\u0101k daudz par to run\u0101t, jo tas man bija \u013coti sare\u017e\u0123\u012bts br\u012bdis. \u0160\u012b sp\u0113le man noz\u012bm\u0113ja \u013coti, \u013coti daudz. Centos motiv\u0113t visus sp\u0113l\u0113t\u0101jus, jo mums Virsl\u012bg\u0101 iet \u013coti gr\u016bti, bet zin\u0101j\u0101m, ka fin\u0101ls ir tikai viena sp\u0113le un viss ir iesp\u0113jams \u2013 m\u0113s tom\u0113r sp\u0113l\u0113j\u0101m nevis pret &#8220;Barcelona&#8221;, bet gan &#8220;Riga&#8221;, kurai nupat bija 0:0 pret Tukumu. Tic\u0113ju l\u012bdz galam, un ar\u012b komandas biedri tic\u0113ja l\u012bdz galam,&#8221; teica Briseles &#8220;Anderlecht&#8221; jaunatnes sist\u0113m\u0101 sp\u0113l\u0113ju\u0161ais Da\u0161\u0137evi\u010ds, kuram &#8220;Aud\u0101&#8221; 10 sp\u0113l\u0113s ir 4+2.<\/p>\n<p>L\u012bdz ar treneru mai\u0146u un neofici\u0101l\u0101, bet faktisk\u0101 fran\u010du galven\u0101 trenera Didj\u0113 Dzaneti iera\u0161anos kreilis Da\u0161\u0137evi\u010ds no kreis\u0101s malas ir p\u0101rb\u012bd\u012bts uz labo flangu. Visdr\u012bz\u0101k ar nodomu, lai var\u0113tu iet vid\u016b un sist vai piesp\u0113l\u0113t ar stipro kreiso k\u0101ju, bet uzvaras v\u0101rtus kausa fin\u0101l\u0101 vi\u0146\u0161 guva tie\u0161i ar labo k\u0101ju. LTV intervij\u0101 vi\u0146\u0161 epizodei var\u0113ja iet cauri jau video form\u0101t\u0101: &#8220;Momentu vairs pat neatceros. L\u016bk, at\u0146\u0113m\u0101m bumbu, nok\u013cuvu viens pret vienu pret Jurkovski. Pirms tam bija epizode, kur\u0101 aizg\u0101ju uz kreiso k\u0101ju, un dom\u0101ju, ka ir kaut kas j\u0101pamaina un j\u0101iet uz labo, jo ticu ar\u012b savai labajai k\u0101jai. Manas svin\u012bbas, emocijas&#8230;Esmu sp\u0113l\u0113jis Vemblij\u0101 un 45 t\u016bksto\u0161u stadion\u0101 Turcij\u0101 [Konj\u0101], bet tie\u0161i \u0161\u012b bija vissvar\u012bg\u0101k\u0101 un visliel\u0101k\u0101 sp\u0113le man\u0101 dz\u012bv\u0113. T\u0101d\u0113\u013c ar\u012b t\u0101das emocijas.&#8221;<\/p>\n<p> <img decoding=\"async\" src=\"https:\/\/www.europesays.com\/lv\/wp-content\/uploads\/2025\/10\/10b0_eduards_daskevics_auda_adri.jpg\" class=\"img-fluid\"\/><br \/> Eduards Da\u0161\u0137evi\u010ds ar savu sezonas pirm\u0101s puses treneri Adri\u0101nu Gu\u013cu. Foto: LFF<\/p>\n<p>L\u012bdz ar Latvijas kausu &#8220;Auda&#8221; nopeln\u012bja Eirokausu p\u0113d\u0113jo ce\u013caz\u012bmi, kuru &#8220;Riga&#8221; uzvaras gad\u012bjum\u0101 caur l\u012bgu visdr\u012bz\u0101k b\u016btu ieguvusi Da\u0161\u0137evi\u010da dzimt\u0101 pils\u0113ta Daugavpils. Turkl\u0101t kausa fin\u0101listei pien\u0101kas galven\u0101 Konferences l\u012bgas ce\u013caz\u012bme jeb ar otro k\u0101rtu, ja UEFA nemain\u012bs ierasto form\u0101tu, s\u0101ks tie\u0161i &#8220;Auda&#8221;, nevis vice\u010dempione RFS. &#8220;Ko mums noz\u012bm\u0113 Eirokausu ce\u013caz\u012bmes ieg\u016b\u0161ana? Vad\u012bba, pirmk\u0101rt, par to laikam nopeln\u012bs kaut k\u0101du naudu (iesmejas). Es nezinu, k\u0101da b\u016bs mana n\u0101kotne \u2013 vai t\u0101 b\u016bs &#8220;Aud\u0101&#8221; vai ar\u012b &#8220;Riga&#8221;, to v\u0113l nezinu. Ja mana n\u0101kotne b\u016bs &#8220;Aud\u0101&#8221;, tad ar\u012b man \u0161\u012b ce\u013caz\u012bme noz\u012bm\u0113s daudz, jo gribu sp\u0113l\u0113t Eirokausos.&#8221;<\/p>\n<p>Latvijas izlas\u0113 Da\u0161\u0137evi\u010ds ir aizvad\u012bjis 22 sp\u0113les. \u0160aj\u0101 cikl\u0101 vi\u0146\u0161 ir piedal\u012bjies piec\u0101s no septi\u0146\u0101m atlase sp\u0113l\u0113m un septembr\u012b Alb\u0101nij\u0101 (0:1) jau p\u0113c kluba mai\u0146as ar\u012b dev\u0101s pamatsast\u0101v\u0101.<\/p>\n","protected":false},"excerpt":{"rendered":"&#8220;Gaid\u012bj\u0101m gr\u016btu sp\u0113li, un man pa\u0161am t\u0101 bija \u013coti personiska. Man \u0161\u012b sp\u0113le noz\u012bm\u0113ja \u013coti daudz, un dom\u0101ju,&hellip;\n","protected":false},"author":2,"featured_media":35417,"comment_status":"","ping_status":"","sticky":false,"template":"","format":"standard","meta":{"footnotes":""},"categories":[5],"tags":[23,28,29,32,33,676,22,30,31,35,39,38,36,37,34,40,20,26,27,24,25,21],"class_list":{"0":"post-35416","1":"post","2":"type-post","3":"status-publish","4":"format-standard","5":"has-post-thumbnail","7":"category-aktualitates","8":"tag-aktualitates","9":"tag-breaking-news","10":"tag-breakingnews","11":"tag-featured-news","12":"tag-featurednews","13":"tag-futbols","14":"tag-headlines","15":"tag-latest-news","16":"tag-latestnews","17":"tag-latvia","18":"tag-latvian","19":"tag-latviesu","20":"tag-latviesu-valoda","21":"tag-latviesuvaloda","22":"tag-latvija","23":"tag-lv","24":"tag-news","25":"tag-popularakas-zinas","26":"tag-popularakaszinas","27":"tag-top-stories","28":"tag-topstories","29":"tag-zinas"},"share_on_mastodon":{"url":"https:\/\/pubeurope.com\/@lv\/115463836542252673","error":""},"_links":{"self":[{"href":"https:\/\/www.europesays.com\/lv\/wp-json\/wp\/v2\/posts\/35416","targetHints":{"allow":["GET"]}}],"collection":[{"href":"https:\/\/www.europesays.com\/lv\/wp-json\/wp\/v2\/posts"}],"about":[{"href":"https:\/\/www.europesays.com\/lv\/wp-json\/wp\/v2\/types\/post"}],"author":[{"embeddable":true,"href":"https:\/\/www.europesays.com\/lv\/wp-json\/wp\/v2\/users\/2"}],"replies":[{"embeddable":true,"href":"https:\/\/www.europesays.com\/lv\/wp-json\/wp\/v2\/comments?post=35416"}],"version-history":[{"count":0,"href":"https:\/\/www.europesays.com\/lv\/wp-json\/wp\/v2\/posts\/35416\/revisions"}],"wp:featuredmedia":[{"embeddable":true,"href":"https:\/\/www.europesays.com\/lv\/wp-json\/wp\/v2\/media\/35417"}],"wp:attachment":[{"href":"https:\/\/www.europesays.com\/lv\/wp-json\/wp\/v2\/media?parent=35416"}],"wp:term":[{"taxonomy":"category","embeddable":true,"href":"https:\/\/www.europesays.com\/lv\/wp-json\/wp\/v2\/categories?post=35416"},{"taxonomy":"post_tag","embeddable":true,"href":"https:\/\/www.europesays.com\/lv\/wp-json\/wp\/v2\/tags?post=35416"}],"curies":[{"name":"wp","href":"https:\/\/api.w.org\/{rel}","templated":true}]}}