{"id":35424,"date":"2025-10-30T15:36:10","date_gmt":"2025-10-30T15:36:10","guid":{"rendered":"https:\/\/www.europesays.com\/lv\/35424\/"},"modified":"2025-10-30T15:36:10","modified_gmt":"2025-10-30T15:36:10","slug":"nosauto-sunu-lieta-atklati-butiski-parkapumi-bauskas-pasvaldibas-policijas-prieksnieks-zaude-amatu-jauns-lv","status":"publish","type":"post","link":"https:\/\/www.europesays.com\/lv\/35424\/","title":{"rendered":"No\u0161auto su\u0146u liet\u0101 atkl\u0101ti b\u016btiski p\u0101rk\u0101pumi &#8211; Bauskas pa\u0161vald\u012bbas policijas priek\u0161nieks zaud\u0113 amatu &#8211; Jauns.lv"},"content":{"rendered":"<ol>\n<li><a href=\"https:\/\/news.google.com\/rss\/articles\/CBMi0AFBVV95cUxNSXNLeWQwODZjYXJTbGxJWllEb1NZYnIyMHg0bGlVRnpLZzhqZnNHWWc5RmF3UGVQcHhPS0NibTh0TUJvN1dDRDhPR2w0VUlvS3UwYWJFUV9aN1Z5M0tGN2dfYlQ4MlBpR2RxeTdsa3oyOUwyODVTYTB6T0ZibVltX25OY3hHZHVLcGtMWmF6QWdEVk01ell5dzRXS1V6OG1rdlVjcWNOU200dUlfMjhkMXlFRzlhWWNCUGo4dmMwUFJxWVl6clVTQjlXVFA0dlVL?oc=5\" target=\"_blank\" rel=\"nofollow noopener\">No\u0161auto su\u0146u liet\u0101 atkl\u0101ti b\u016btiski p\u0101rk\u0101pumi &#8211; Bauskas pa\u0161vald\u012bbas policijas priek\u0161nieks zaud\u0113 amatu<\/a>&nbsp;&nbsp;Jauns.lv<\/li>\n<li><a href=\"https:\/\/news.google.com\/rss\/articles\/CBMisAFBVV95cUxPQkRuMUR1VnlUY250eVY2aEpNbUg4ZzA1OWI2cDhlc0lHaEVONjEtRHAzODVNVndINFUzSkxadjhXVzhxYjZycGI0TWdrWng1eTNwMU9HbWI0N2o4UE5hUkRFWk4xVDlYLW5EOUptRFVEWVhHYUlCWVFaWGE2WGtJc3gtWkpnbTBFVjMxaVVUTlRROWNnM0JEMnRIZ053dW4tZHU1cWd3T2R2X2xtZmxGMQ?oc=5\" target=\"_blank\" rel=\"nofollow noopener\">Video: K\u0101p\u0113c amatu zaud\u0113ja Bauskas pa\u0161vald\u012bbas policijas priek\u0161nieks<\/a>&nbsp;&nbsp;Delfi<\/li>\n<li><a href=\"https:\/\/news.google.com\/rss\/articles\/CBMi9wFBVV95cUxNQmRMcHlLSXVXMWlEUUk4eWx3a0dURC12bmlQN2hoRXNtVGowZFVSbnNhdEsxdzRHOWg2Z2FVekxXa05nNVZYaWpRX0ppM0djRVhxcXRiUHBhSFZnUndjZXBhNHNKQXZXVXRibVpxcDBXNThrTnVBUXBRblRMUURvaldzQUxTYVR0UW9haWtxM3FPNlR4c0F3SzM0dm9xUTk3bkRwUFhGTmRURXJlMlluWmFRdm9OTjBZcjIzWjZPZlA3Q3dQeFpGTmk0RmdRd2JURjNTdkpISHdySW5XZ0lKX0preFgzNzY1TjI3OWlCd1lZLUZMSFFj?oc=5\" target=\"_blank\" rel=\"nofollow noopener\">VIDEO; FOTO: Bausk\u0101 nedom\u0101 aizmirst tra\u0123\u0113diju ar su\u0146iem &#8211; r\u012bt k\u0101rt\u0113jais pikets par dz\u012bvnieku ties\u012bb\u0101m un Modra Konovalova atbalstam<\/a>&nbsp;&nbsp;Jauns.lv<\/li>\n<li><a href=\"https:\/\/news.google.com\/rss\/articles\/CBMilwFBVV95cUxPUU5RVzZ4QzFvQmc1emhYMG00RWtPa0tQbnNqYzRVWFBQZDNFdDhQTWQzY19YRUtmMl9nei1RblNTT1BvVHk5czQ1U2lhMjZUcE5WMG5peFFCQmd1N2FmLUhXdmF3YUdVdkxLZjJDMkVGOFJhblE3Rng4TWVScUR2OWlyXzFQMnQ3aU1MdDlOWVFCMkxpbEZB?oc=5\" target=\"_blank\" rel=\"nofollow noopener\">Bausk\u0101 protestam pret su\u0146u no\u0161au\u0161anu r\u012bko n\u0101kamo piketu<\/a>&nbsp;&nbsp;BauskasDzive.lv<\/li>\n<li><a href=\"https:\/\/news.google.com\/rss\/articles\/CBMi6wFBVV95cUxOWjl2TkoxMVJwUUg4d0NEUzFBNTltYlV6SW1yY1FxdWNDclRwb042UzJYNHNGS1F4NmxaMDVlUzRQbFIzVkw5R0hfeTF3b25jMFlFVUFMelBEX3puZDI2MFpwWktMU09nNEFWVTNOTWFHMUNodHJsQzBQeE9oaUVjbG9FYlhjemRyX1JjeVZKRWdKZFF5NktOOWNpNy1NRmdobEdkYXZ6SmJucWdNWjZIaEIyZVZXRUlBMUlvWTlpTDV3WFVEUVdralpaZnFYQlNxcU40UHZiVEdYam1qc2ZnNTB2R3RRRGwzanYw?oc=5\" target=\"_blank\" rel=\"nofollow noopener\">Su\u0146u no\u0161au\u0161ana Bauskas novad\u0101: dienesta p\u0101rbaudes laik\u0101 atlai\u017e pa\u0161vald\u012bbas policijas priek\u0161nieku<\/a>&nbsp;&nbsp;LSM<\/li>\n<\/ol>\n","protected":false},"excerpt":{"rendered":"No\u0161auto su\u0146u liet\u0101 atkl\u0101ti b\u016btiski p\u0101rk\u0101pumi &#8211; Bauskas pa\u0161vald\u012bbas policijas priek\u0161nieks zaud\u0113 amatu&nbsp;&nbsp;Jauns.lv Video: K\u0101p\u0113c amatu zaud\u0113ja Bauskas&hellip;\n","protected":false},"author":2,"featured_media":35425,"comment_status":"","ping_status":"","sticky":false,"template":"","format":"standard","meta":{"footnotes":""},"categories":[5],"tags":[23,28,29,32,33,22,30,31,35,39,38,36,37,34,40,20,26,27,24,25,21],"class_list":{"0":"post-35424","1":"post","2":"type-post","3":"status-publish","4":"format-standard","5":"has-post-thumbnail","7":"category-aktualitates","8":"tag-aktualitates","9":"tag-breaking-news","10":"tag-breakingnews","11":"tag-featured-news","12":"tag-featurednews","13":"tag-headlines","14":"tag-latest-news","15":"tag-latestnews","16":"tag-latvia","17":"tag-latvian","18":"tag-latviesu","19":"tag-latviesu-valoda","20":"tag-latviesuvaloda","21":"tag-latvija","22":"tag-lv","23":"tag-news","24":"tag-popularakas-zinas","25":"tag-popularakaszinas","26":"tag-top-stories","27":"tag-topstories","28":"tag-zinas"},"share_on_mastodon":{"url":"https:\/\/pubeurope.com\/@lv\/115463860154519901","error":""},"_links":{"self":[{"href":"https:\/\/www.europesays.com\/lv\/wp-json\/wp\/v2\/posts\/35424","targetHints":{"allow":["GET"]}}],"collection":[{"href":"https:\/\/www.europesays.com\/lv\/wp-json\/wp\/v2\/posts"}],"about":[{"href":"https:\/\/www.europesays.com\/lv\/wp-json\/wp\/v2\/types\/post"}],"author":[{"embeddable":true,"href":"https:\/\/www.europesays.com\/lv\/wp-json\/wp\/v2\/users\/2"}],"replies":[{"embeddable":true,"href":"https:\/\/www.europesays.com\/lv\/wp-json\/wp\/v2\/comments?post=35424"}],"version-history":[{"count":0,"href":"https:\/\/www.europesays.com\/lv\/wp-json\/wp\/v2\/posts\/35424\/revisions"}],"wp:featuredmedia":[{"embeddable":true,"href":"https:\/\/www.europesays.com\/lv\/wp-json\/wp\/v2\/media\/35425"}],"wp:attachment":[{"href":"https:\/\/www.europesays.com\/lv\/wp-json\/wp\/v2\/media?parent=35424"}],"wp:term":[{"taxonomy":"category","embeddable":true,"href":"https:\/\/www.europesays.com\/lv\/wp-json\/wp\/v2\/categories?post=35424"},{"taxonomy":"post_tag","embeddable":true,"href":"https:\/\/www.europesays.com\/lv\/wp-json\/wp\/v2\/tags?post=35424"}],"curies":[{"name":"wp","href":"https:\/\/api.w.org\/{rel}","templated":true}]}}