{"id":35428,"date":"2025-10-30T15:42:19","date_gmt":"2025-10-30T15:42:19","guid":{"rendered":"https:\/\/www.europesays.com\/lv\/35428\/"},"modified":"2025-10-30T15:42:19","modified_gmt":"2025-10-30T15:42:19","slug":"brazilija-notikusi-asinainaka-policijas-operacija-regiona-vesture-nogalinati-64-cilveki","status":"publish","type":"post","link":"https:\/\/www.europesays.com\/lv\/35428\/","title":{"rendered":"Braz\u012blij\u0101 notikusi asi\u0146ain\u0101k\u0101 policijas oper\u0101cija re\u0123iona v\u0113stur\u0113 \u2013 nogalin\u0101ti 64 cilv\u0113ki"},"content":{"rendered":"<p>Oper\u0101cija pret bandu &#8220;Comando Vermelho&#8221; (&#8220;Sarkan\u0101 komanda&#8221;) bija asi\u0146ain\u0101k\u0101 policijas oper\u0101cija re\u0123iona v\u0113stur\u0113, atzina viet\u0113j\u0101 vald\u012bba.<\/p>\n<p>Apjom\u012bg\u0101 oper\u0101cija notika Alemanas favel\u0101 (graustu rajon\u0101) un Penjas rajon\u0101, un t\u0101s gait\u0101 ar\u012b tika aiztur\u0113ts 81 bandas loceklis. <a href=\"https:\/\/www.apollo.lv\/term\/565901\/policija\" class=\"topicLink\" target=\"_blank\" rel=\"nofollow noopener\">Policija<\/a> konfisc\u0113ja 75 \u0101tr\u0161au\u0161anas pistoles.<\/p>\n<p>&#8220;Comando Vermelho&#8221; ir viens no liel\u0101kajiem noziedz\u012bgajiem sindik\u0101tiem Braz\u012blij\u0101 un darbojas galvenok\u0101rt narkotiku tirdzniec\u012bb\u0101. Varas iest\u0101des inform\u0113ja, ka starp aiztur\u0113tajiem bija bandas re\u0123ion\u0101lais l\u012bderis un viena bandas bosa finan\u0161u p\u0101rzinis.<\/p>\n<p>Oper\u0101cij\u0101 piedal\u012bj\u0101s vismaz 2500 policistu, lai izpild\u012btu aiztur\u0113\u0161anas orderus.<\/p>\n<p>Devi\u0146i policisti un tr\u012bs civiliedz\u012bvot\u0101ji guva \u0161autus ievainojumus.<\/p>\n<p>Noziedznieki aizdedzin\u0101ja barik\u0101des, meta spridzek\u013cus no droniem un atkl\u0101ja uguni uz policistiem.<\/p>\n","protected":false},"excerpt":{"rendered":"Oper\u0101cija pret bandu &#8220;Comando Vermelho&#8221; (&#8220;Sarkan\u0101 komanda&#8221;) bija asi\u0146ain\u0101k\u0101 policijas oper\u0101cija re\u0123iona v\u0113stur\u0113, atzina viet\u0113j\u0101 vald\u012bba. Apjom\u012bg\u0101 oper\u0101cija&hellip;\n","protected":false},"author":2,"featured_media":35429,"comment_status":"","ping_status":"","sticky":false,"template":"","format":"standard","meta":{"footnotes":""},"categories":[5],"tags":[23,1408,28,29,32,33,22,30,31,35,39,38,36,37,34,40,20,163,26,27,24,25,21],"class_list":{"0":"post-35428","1":"post","2":"type-post","3":"status-publish","4":"format-standard","5":"has-post-thumbnail","7":"category-aktualitates","8":"tag-aktualitates","9":"tag-brazilija","10":"tag-breaking-news","11":"tag-breakingnews","12":"tag-featured-news","13":"tag-featurednews","14":"tag-headlines","15":"tag-latest-news","16":"tag-latestnews","17":"tag-latvia","18":"tag-latvian","19":"tag-latviesu","20":"tag-latviesu-valoda","21":"tag-latviesuvaloda","22":"tag-latvija","23":"tag-lv","24":"tag-news","25":"tag-policija","26":"tag-popularakas-zinas","27":"tag-popularakaszinas","28":"tag-top-stories","29":"tag-topstories","30":"tag-zinas"},"share_on_mastodon":{"url":"https:\/\/pubeurope.com\/@lv\/115463883606623343","error":""},"_links":{"self":[{"href":"https:\/\/www.europesays.com\/lv\/wp-json\/wp\/v2\/posts\/35428","targetHints":{"allow":["GET"]}}],"collection":[{"href":"https:\/\/www.europesays.com\/lv\/wp-json\/wp\/v2\/posts"}],"about":[{"href":"https:\/\/www.europesays.com\/lv\/wp-json\/wp\/v2\/types\/post"}],"author":[{"embeddable":true,"href":"https:\/\/www.europesays.com\/lv\/wp-json\/wp\/v2\/users\/2"}],"replies":[{"embeddable":true,"href":"https:\/\/www.europesays.com\/lv\/wp-json\/wp\/v2\/comments?post=35428"}],"version-history":[{"count":0,"href":"https:\/\/www.europesays.com\/lv\/wp-json\/wp\/v2\/posts\/35428\/revisions"}],"wp:featuredmedia":[{"embeddable":true,"href":"https:\/\/www.europesays.com\/lv\/wp-json\/wp\/v2\/media\/35429"}],"wp:attachment":[{"href":"https:\/\/www.europesays.com\/lv\/wp-json\/wp\/v2\/media?parent=35428"}],"wp:term":[{"taxonomy":"category","embeddable":true,"href":"https:\/\/www.europesays.com\/lv\/wp-json\/wp\/v2\/categories?post=35428"},{"taxonomy":"post_tag","embeddable":true,"href":"https:\/\/www.europesays.com\/lv\/wp-json\/wp\/v2\/tags?post=35428"}],"curies":[{"name":"wp","href":"https:\/\/api.w.org\/{rel}","templated":true}]}}