{"id":35438,"date":"2025-10-30T15:54:09","date_gmt":"2025-10-30T15:54:09","guid":{"rendered":"https:\/\/www.europesays.com\/lv\/35438\/"},"modified":"2025-10-30T15:54:09","modified_gmt":"2025-10-30T15:54:09","slug":"riga-brutali-aplaupiti-divi-veikali","status":"publish","type":"post","link":"https:\/\/www.europesays.com\/lv\/35438\/","title":{"rendered":"R\u012bg\u0101 brut\u0101li aplaup\u012bti divi veikali"},"content":{"rendered":"<p>Par notiku\u0161o uzs\u0101kti divi krimin\u0101lprocesi p\u0113c Krimin\u0101llikuma 176. panta pirm\u0101s da\u013cas, proti, par sve\u0161as kustamas mantas nolaup\u012b\u0161anu, ja t\u0101 saist\u012bta ar vardarb\u012bbu vai vardarb\u012bbas piedraud\u0113jumu (laup\u012b\u0161ana). Par \u0161\u0101du noziegumu soda ar br\u012bv\u012bbas at\u0146em\u0161anu uz laiku l\u012bdz pieciem gadiem vai ar \u012bslaic\u012bgu br\u012bv\u012bbas at\u0146em\u0161anu, vai ar prob\u0101cijas uzraudz\u012bbu, vai ar sabiedrisko darbu, vai ar naudas sodu, konfisc\u0113jot mantu vai bez mantas konfisk\u0101cijas.<\/p>\n","protected":false},"excerpt":{"rendered":"Par notiku\u0161o uzs\u0101kti divi krimin\u0101lprocesi p\u0113c Krimin\u0101llikuma 176. panta pirm\u0101s da\u013cas, proti, par sve\u0161as kustamas mantas nolaup\u012b\u0161anu, ja&hellip;\n","protected":false},"author":2,"featured_media":35439,"comment_status":"","ping_status":"","sticky":false,"template":"","format":"standard","meta":{"footnotes":""},"categories":[5],"tags":[23,28,29,32,33,22,30,31,35,39,38,36,37,34,40,20,26,27,24,25,21],"class_list":{"0":"post-35438","1":"post","2":"type-post","3":"status-publish","4":"format-standard","5":"has-post-thumbnail","7":"category-aktualitates","8":"tag-aktualitates","9":"tag-breaking-news","10":"tag-breakingnews","11":"tag-featured-news","12":"tag-featurednews","13":"tag-headlines","14":"tag-latest-news","15":"tag-latestnews","16":"tag-latvia","17":"tag-latvian","18":"tag-latviesu","19":"tag-latviesu-valoda","20":"tag-latviesuvaloda","21":"tag-latvija","22":"tag-lv","23":"tag-news","24":"tag-popularakas-zinas","25":"tag-popularakaszinas","26":"tag-top-stories","27":"tag-topstories","28":"tag-zinas"},"share_on_mastodon":{"url":"https:\/\/pubeurope.com\/@lv\/115463930741949159","error":""},"_links":{"self":[{"href":"https:\/\/www.europesays.com\/lv\/wp-json\/wp\/v2\/posts\/35438","targetHints":{"allow":["GET"]}}],"collection":[{"href":"https:\/\/www.europesays.com\/lv\/wp-json\/wp\/v2\/posts"}],"about":[{"href":"https:\/\/www.europesays.com\/lv\/wp-json\/wp\/v2\/types\/post"}],"author":[{"embeddable":true,"href":"https:\/\/www.europesays.com\/lv\/wp-json\/wp\/v2\/users\/2"}],"replies":[{"embeddable":true,"href":"https:\/\/www.europesays.com\/lv\/wp-json\/wp\/v2\/comments?post=35438"}],"version-history":[{"count":0,"href":"https:\/\/www.europesays.com\/lv\/wp-json\/wp\/v2\/posts\/35438\/revisions"}],"wp:featuredmedia":[{"embeddable":true,"href":"https:\/\/www.europesays.com\/lv\/wp-json\/wp\/v2\/media\/35439"}],"wp:attachment":[{"href":"https:\/\/www.europesays.com\/lv\/wp-json\/wp\/v2\/media?parent=35438"}],"wp:term":[{"taxonomy":"category","embeddable":true,"href":"https:\/\/www.europesays.com\/lv\/wp-json\/wp\/v2\/categories?post=35438"},{"taxonomy":"post_tag","embeddable":true,"href":"https:\/\/www.europesays.com\/lv\/wp-json\/wp\/v2\/tags?post=35438"}],"curies":[{"name":"wp","href":"https:\/\/api.w.org\/{rel}","templated":true}]}}