{"id":35444,"date":"2025-10-30T16:00:14","date_gmt":"2025-10-30T16:00:14","guid":{"rendered":"https:\/\/www.europesays.com\/lv\/35444\/"},"modified":"2025-10-30T16:00:14","modified_gmt":"2025-10-30T16:00:14","slug":"krievija-sogad-veikusi-ap-75-000-triecienu-ukrainas-infrastrukturai-raksts","status":"publish","type":"post","link":"https:\/\/www.europesays.com\/lv\/35444\/","title":{"rendered":"Krievija \u0161ogad veikusi ap 75 000 triecienu Ukrainas infrastrukt\u016brai \/ Raksts"},"content":{"rendered":"<p>Krievijas karasp\u0113ks kop\u0161 gada s\u0101kuma veicis 75 000 triecienu Ukrainas infrastrukt\u016brai, nacion\u0101l\u0101 telemaratona \u0113ter\u0101 pazi\u0146oja iek\u0161lietu ministrs Ihors K\u013cimenko.\u00a0<\/p>\n<p>&#8220;Kop\u0161 gada s\u0101kuma krievi veiku\u0161i 75 000 triecienu m\u016bsu valsts infrastrukt\u016brai, ar\u012b civilajai. Liel\u0101k\u0101 da\u013ca \u2013 daudzst\u0101vu \u0113kas, priv\u0101tais sektors, slimn\u012bcas, skolas, b\u0113rnud\u0101rzi,&#8221; sac\u012bja ministrs.\u00a0<\/p>\n<p>Varasiest\u0101des p\u0113c triecieniem past\u0101v\u012bgi maina dro\u0161\u012bbas protokolus, nor\u0101d\u012bja K\u013cimenko.<\/p>\n<p>&#8220;M\u0113s dar\u0101m visu, lai nodro\u0161in\u0101tu, ka tie dienesti, kas ierodas \u2013 medi\u0137i, policija, gl\u0101b\u0113ji, komun\u0101lo dienestu darbinieki \u2013, lai vi\u0146i laikus sa\u0146emtu inform\u0101ciju par iesp\u0113jamu atk\u0101rtotu ap\u0161audi, lai m\u0113s var\u0113tu saglab\u0101t person\u0101lu,&#8221; sac\u012bja ministrs.\u00a0<\/p>\n<p>Izveidotas ar\u012b papildu speci\u0101listu vien\u012bbas, kas str\u0101d\u0101 liel\u0101 augstum\u0101. Pa\u0161laik vi\u0146u skaits ir 500, l\u012bdz gada beig\u0101m gl\u0101b\u0113ju skaitu pl\u0101nots palielin\u0101t l\u012bdz 700.\u00a0<\/p>\n<p>&#8220;Mums ir ar\u012b \u012bpa\u0161as gl\u0101b\u0161anas vien\u012bbas ar nosaukumu &#8220;Delta&#8221;. Tie ir cilv\u0113ki, kas var str\u0101d\u0101t ne tikai augstum\u0101, bet ar\u012b zem \u016bdens un pazem\u0113,&#8221; piebilda ministrs.<\/p>\n<p>KONTEKSTS:<\/p>\n<p>Nepamatotais un neizprovoc\u0113tais Krievijas pla\u0161a m\u0113roga iebrukums Ukrain\u0101 s\u0101k\u0101s<a href=\"https:\/\/www.lsm.lv\/raksts\/zinas\/arzemes\/putina-rezims-sacis-masivu-uzbrukumu-ukrainai.a445043\/\" class=\"lsm-link\" data-type=\"article\" data-id=\"445043\" rel=\"nofollow noopener\" target=\"_blank\"> 2022. gada 24. febru\u0101r\u012b<\/a>. Krem\u013ca propaganda sol\u012bja ie\u0146emt Kijivu tr\u012bs dien\u0101s, ta\u010du ukrai\u0146u sp\u0113c\u012bg\u0101 pretest\u012bba ne\u013c\u0101va Kremlim realiz\u0113t savus pl\u0101nus.<\/p>\n<p>P\u0113c neveiksm\u0113m Kremlis izveda armiju no Kijivas apgabala, bet turpin\u0101ja ofens\u012bvu citos re\u0123ionos. 2022. gada ruden\u012b ukrai\u0146u armijai izdev\u0101s atbr\u012bvot <a href=\"https:\/\/www.lsm.lv\/raksts\/zinas\/arzemes\/sala-zeme-harkivas-atbrivosana--ltv-zinu-dienesta-filma-par-krievijas-kara-plosito-ukrainu.a477237\/\" class=\"lsm-link\" data-type=\"article\" data-id=\"477237\" rel=\"nofollow noopener\" target=\"_blank\">Harkivas apgabalu<\/a> un da\u013cu<a href=\"https:\/\/www.lsm.lv\/raksts\/zinas\/arzemes\/zelenskis-mes-esam-atguvusi-hersonu.a482245\/\" class=\"lsm-link\" data-type=\"article\" data-id=\"482245\" rel=\"nofollow noopener\" target=\"_blank\"> Hersonas apgabala<\/a>, vairojot cer\u012bbas uz iesp\u0113ju sakaut pretinieku.<\/p>\n<p>Ta\u010du 2023. gada vasar\u0101 s\u0101ktais Ukrainas pretuzbrukums nebija tik veiksm\u012bgs, ko Ukrainas armija skaidro gan ar nepietiekamu iero\u010du nodro\u0161in\u0101jumu no Rietumu sabiedrotajiem, gan ar Krievijas armijas izveidoto pamat\u012bgo aizsardz\u012bbas l\u012bniju un pla\u0161ajiem m\u012bnu laukiem.<\/p>\n<p>2024. gada august\u0101 Ukraina veica<a href=\"https:\/\/www.lsm.lv\/article-preview\/zinas\/arzemes\/07.08.2024-ukraina-un-krievija-uzsakusi-cinas-kurskas-apgabala.a564270\/\" class=\"lsm-link\" data-type=\"article\" data-id=\"564270\" rel=\"nofollow noopener\" target=\"_blank\"> iebrukumu<\/a> Kurskas apgabal\u0101 Krievij\u0101. T\u0101 ir pirm\u0101 reize kop\u0161 Otr\u0101 pasaules kara, kad Krievijas teritorijas da\u013cu ilgsto\u0161i ie\u0146\u0113mis \u0101rvalstu karasp\u0113ks.<\/p>\n<p>Kop\u0161 2024. gada rudens Krievija karadarb\u012bb\u0101 pret Ukrainu iesaist\u012bjusi ar\u012b lielu<a href=\"https:\/\/www.lsm.lv\/raksts\/zinas\/arzemes\/18.10.2024-izluki-ziemelkoreja-grib-nosutit-12-000-karaviru-uz-karu-ukraina-dalu-jau-apmaca-krievija.a573077\/?utm_source=lsm&amp;utm_medium=article-body&amp;utm_campaign=admin\" class=\"lsm-link\" data-type=\"article\" data-id=\"573077\" rel=\"nofollow noopener\" target=\"_blank\"> Zieme\u013ckorejas karav\u012bru<\/a> skaitu. 2025. gada vasar\u0101 Zelenskis<a href=\"https:\/\/www.lsm.lv\/article-preview\/zinas\/arzemes\/05.08.2025-zelenskis-ukrainas-austrumos-krievijas-armija-karo-algotni-no-kinas-un-pakistanas.a609234\/\" class=\"lsm-link\" data-type=\"article\" data-id=\"609234\" rel=\"nofollow noopener\" target=\"_blank\"> pav\u0113st\u012bja<\/a>, ka Ukrainas austrumos Krievijas armij\u0101 karo ar\u012b algot\u0146i no \u0136\u012bnas un Pakist\u0101nas.<\/p>\n<p>Lai ar\u012b l\u012bdz ar ASV prezidenta Donalda Trampa st\u0101\u0161anos amat\u0101 starp Balto namu, Kremli un Kijivu vair\u0101kk\u0101rt notiku\u0161as sarunas par pamieru Ukrain\u0101, l\u012bdz \u0161im t\u0101s rezult\u0101tus nav devu\u0161as.<\/p>\n<p>                    Valodas k\u013c\u016bda rakst\u0101?<\/p>\n<p class=\"d-none d-md-block\">Iez\u012bm\u0113jiet tekstu un spiediet Ctrl+Enter, lai nos\u016bt\u012btu labojamo teksta fragmentu redaktoram! Par faktu k\u013c\u016bd\u0101m l\u016bdzam zi\u0146ot e-past\u0101 <a href=\"https:\/\/www.lsm.lv\/cdn-cgi\/l\/email-protection\" class=\"__cf_email__\" data-cfemail=\"225047464349414b4843624e514f0c4e54\" rel=\"nofollow noopener\" target=\"_blank\">[email\u00a0protected]<\/a>.<\/p>\n<p class=\"d-md-none\">Iez\u012bm\u0113jiet tekstu un spiediet uz Zi\u0146ot par k\u013c\u016bdu pogas, lai nos\u016bt\u012btu labojamo teksta fragmentu redaktoram!<\/p>\n<p>\n                    Zi\u0146ot par k\u013c\u016bdu\n                <\/p>\n","protected":false},"excerpt":{"rendered":"Krievijas karasp\u0113ks kop\u0161 gada s\u0101kuma veicis 75 000 triecienu Ukrainas infrastrukt\u016brai, nacion\u0101l\u0101 telemaratona \u0113ter\u0101 pazi\u0146oja iek\u0161lietu ministrs Ihors&hellip;\n","protected":false},"author":2,"featured_media":35445,"comment_status":"","ping_status":"","sticky":false,"template":"","format":"standard","meta":{"footnotes":""},"categories":[5],"tags":[23,28,29,32,33,22,30,31,35,39,38,36,37,34,40,20,26,27,24,25,21],"class_list":{"0":"post-35444","1":"post","2":"type-post","3":"status-publish","4":"format-standard","5":"has-post-thumbnail","7":"category-aktualitates","8":"tag-aktualitates","9":"tag-breaking-news","10":"tag-breakingnews","11":"tag-featured-news","12":"tag-featurednews","13":"tag-headlines","14":"tag-latest-news","15":"tag-latestnews","16":"tag-latvia","17":"tag-latvian","18":"tag-latviesu","19":"tag-latviesu-valoda","20":"tag-latviesuvaloda","21":"tag-latvija","22":"tag-lv","23":"tag-news","24":"tag-popularakas-zinas","25":"tag-popularakaszinas","26":"tag-top-stories","27":"tag-topstories","28":"tag-zinas"},"share_on_mastodon":{"url":"https:\/\/pubeurope.com\/@lv\/115463954322920981","error":""},"_links":{"self":[{"href":"https:\/\/www.europesays.com\/lv\/wp-json\/wp\/v2\/posts\/35444","targetHints":{"allow":["GET"]}}],"collection":[{"href":"https:\/\/www.europesays.com\/lv\/wp-json\/wp\/v2\/posts"}],"about":[{"href":"https:\/\/www.europesays.com\/lv\/wp-json\/wp\/v2\/types\/post"}],"author":[{"embeddable":true,"href":"https:\/\/www.europesays.com\/lv\/wp-json\/wp\/v2\/users\/2"}],"replies":[{"embeddable":true,"href":"https:\/\/www.europesays.com\/lv\/wp-json\/wp\/v2\/comments?post=35444"}],"version-history":[{"count":0,"href":"https:\/\/www.europesays.com\/lv\/wp-json\/wp\/v2\/posts\/35444\/revisions"}],"wp:featuredmedia":[{"embeddable":true,"href":"https:\/\/www.europesays.com\/lv\/wp-json\/wp\/v2\/media\/35445"}],"wp:attachment":[{"href":"https:\/\/www.europesays.com\/lv\/wp-json\/wp\/v2\/media?parent=35444"}],"wp:term":[{"taxonomy":"category","embeddable":true,"href":"https:\/\/www.europesays.com\/lv\/wp-json\/wp\/v2\/categories?post=35444"},{"taxonomy":"post_tag","embeddable":true,"href":"https:\/\/www.europesays.com\/lv\/wp-json\/wp\/v2\/tags?post=35444"}],"curies":[{"name":"wp","href":"https:\/\/api.w.org\/{rel}","templated":true}]}}