{"id":35460,"date":"2025-10-30T16:35:04","date_gmt":"2025-10-30T16:35:04","guid":{"rendered":"https:\/\/www.europesays.com\/lv\/35460\/"},"modified":"2025-10-30T16:35:04","modified_gmt":"2025-10-30T16:35:04","slug":"stambulas-konvencija-vairakas-eiropas-valstis-veicinajusi-likumdosanas-un-politikas-uzlabojumus","status":"publish","type":"post","link":"https:\/\/www.europesays.com\/lv\/35460\/","title":{"rendered":"Stambulas konvencija vair\u0101k\u0101s Eiropas valst\u012bs veicin\u0101jusi likumdo\u0161anas un politikas uzlabojumus"},"content":{"rendered":"<p>T\u0101pat v\u0113stuli parakst\u012bjis Polijas v\u0113stniec\u012bbas pagaidu lietvedis Toma\u0161s Seroti\u010ds, Zviedrijas v\u0113stnieks Latvij\u0101 D\u0101niels Ulsons, \u0160veices v\u0113stniece Latvij\u0101 Anja Zobrista-Renten\u0101ra, Lielbrit\u0101nijas v\u0113stniece Latvij\u0101 Ketija L\u012b\u010da, Slov\u0113nijas v\u0113stnieks Latvij\u0101 Toma\u017es Matja\u0161ecs un Sp\u0101nijas v\u0113stnieks Latvij\u0101 Manuels Alama Oreness.<\/p>\n<p>Jau rakst\u012bts, ka Saeimas s\u0113d\u0113 ceturtdien jau vair\u0101kas stundas diskut\u0113 par izst\u0101\u0161anos no Stambulas konvencijas. Ceturtdien gaid\u0101ms balsojums otraj\u0101, gal\u012bgaj\u0101 las\u012bjum\u0101.<\/p>\n<p>Likumprojekta otrajam las\u012bjumam bija sa\u0146emti 17 priek\u0161likumi, un tie visi tre\u0161dien Saeimas \u0100rlietu komisij\u0101 tika noraid\u012bti. Priek\u0161likumus bija sagatavoju\u0161i &#8220;Jaun\u0101s vienot\u012bbas&#8221; (JV), k\u0101 ar\u012b &#8220;Progres\u012bvo&#8221; deput\u0101ti, kas ir vien\u012bg\u0101s Saeimas partijas, kas neatbalsta izst\u0101\u0161anos no konvencijas.<\/p>\n<p>Tre\u0161dienas vakar\u0101 pret izst\u0101\u0161anos no konvencijas pie Saeimas protest\u0113ja ap 5000 cilv\u0113ku.<\/p>\n<p>Likumprojektu par izst\u0101\u0161anos no konvencijas iesniedza opoz\u012bcijas partija &#8220;Latvija pirmaj\u0101 viet\u0101&#8221; (LPV), bet to atbalsta ar\u012b citas opoz\u012bcijas partijas &#8211; Nacion\u0101l\u0101 apvien\u012bba (NA), &#8220;Apvienotais saraksts&#8221; (AS) un &#8220;Stabilit\u0101tei&#8221;, k\u0101 ar\u012b valdo\u0161aj\u0101 koal\u012bcij\u0101 eso\u0161ie Za\u013co un zemnieku savien\u012bbas (ZZS) politi\u0137i. Izst\u0101\u0161anos no konvencijas neatbalsta koal\u012bcijas partijas JV un &#8220;Progres\u012bvie&#8221;.<\/p>\n<p>ZZS \u0161aj\u0101 jaut\u0101jum\u0101 opoz\u012bcijai piesl\u0113j\u0101s balsojum\u0101 septembra izska\u0146\u0101, l\u012bdz ar to izraisot izteiktu nestabilit\u0101ti vald\u012bbas koal\u012bcij\u0101. Koal\u012bcijas partneri gan ap\u0146\u0113mu\u0161ies str\u0101d\u0101t, lai pie\u0146emtu n\u0101kam\u0101 gada &#8220;dro\u0161\u012bbas bud\u017eetu&#8221;, ta\u010du tic\u012bbu Ministru prezidentes Evikas Sili\u0146as (JV) vald\u012bbas sp\u0113jai str\u0101d\u0101t ilgtermi\u0146\u0101 nu jau pau\u017e vien retais politi\u0137is. Atbalsts Stambulas konvencijas ratific\u0113\u0161anai bija viens no pamatiem Sili\u0146as vald\u012bbas izveido\u0161anai un ZZS iek\u013cau\u0161anai koal\u012bcij\u0101 ar JV un &#8220;Progres\u012bvajiem&#8221;.<\/p>\n","protected":false},"excerpt":{"rendered":"T\u0101pat v\u0113stuli parakst\u012bjis Polijas v\u0113stniec\u012bbas pagaidu lietvedis Toma\u0161s Seroti\u010ds, Zviedrijas v\u0113stnieks Latvij\u0101 D\u0101niels Ulsons, \u0160veices v\u0113stniece Latvij\u0101 Anja&hellip;\n","protected":false},"author":2,"featured_media":18153,"comment_status":"","ping_status":"","sticky":false,"template":"","format":"standard","meta":{"footnotes":""},"categories":[12],"tags":[23,28,29,3524,32,33,22,30,31,35,39,38,36,37,34,40,20,26,27,2023,24,25,21],"class_list":{"0":"post-35460","1":"post","2":"type-post","3":"status-publish","4":"format-standard","5":"has-post-thumbnail","7":"category-latvija","8":"tag-aktualitates","9":"tag-breaking-news","10":"tag-breakingnews","11":"tag-daiga-mierina","12":"tag-featured-news","13":"tag-featurednews","14":"tag-headlines","15":"tag-latest-news","16":"tag-latestnews","17":"tag-latvia","18":"tag-latvian","19":"tag-latviesu","20":"tag-latviesu-valoda","21":"tag-latviesuvaloda","22":"tag-latvija","23":"tag-lv","24":"tag-news","25":"tag-popularakas-zinas","26":"tag-popularakaszinas","27":"tag-stambulas-konvencija","28":"tag-top-stories","29":"tag-topstories","30":"tag-zinas"},"share_on_mastodon":{"url":"https:\/\/pubeurope.com\/@lv\/115464091878560268","error":""},"_links":{"self":[{"href":"https:\/\/www.europesays.com\/lv\/wp-json\/wp\/v2\/posts\/35460","targetHints":{"allow":["GET"]}}],"collection":[{"href":"https:\/\/www.europesays.com\/lv\/wp-json\/wp\/v2\/posts"}],"about":[{"href":"https:\/\/www.europesays.com\/lv\/wp-json\/wp\/v2\/types\/post"}],"author":[{"embeddable":true,"href":"https:\/\/www.europesays.com\/lv\/wp-json\/wp\/v2\/users\/2"}],"replies":[{"embeddable":true,"href":"https:\/\/www.europesays.com\/lv\/wp-json\/wp\/v2\/comments?post=35460"}],"version-history":[{"count":0,"href":"https:\/\/www.europesays.com\/lv\/wp-json\/wp\/v2\/posts\/35460\/revisions"}],"wp:featuredmedia":[{"embeddable":true,"href":"https:\/\/www.europesays.com\/lv\/wp-json\/wp\/v2\/media\/18153"}],"wp:attachment":[{"href":"https:\/\/www.europesays.com\/lv\/wp-json\/wp\/v2\/media?parent=35460"}],"wp:term":[{"taxonomy":"category","embeddable":true,"href":"https:\/\/www.europesays.com\/lv\/wp-json\/wp\/v2\/categories?post=35460"},{"taxonomy":"post_tag","embeddable":true,"href":"https:\/\/www.europesays.com\/lv\/wp-json\/wp\/v2\/tags?post=35460"}],"curies":[{"name":"wp","href":"https:\/\/api.w.org\/{rel}","templated":true}]}}