{"id":35467,"date":"2025-10-30T16:47:09","date_gmt":"2025-10-30T16:47:09","guid":{"rendered":"https:\/\/www.europesays.com\/lv\/35467\/"},"modified":"2025-10-30T16:47:09","modified_gmt":"2025-10-30T16:47:09","slug":"atrada-bumbuli-kruti-bet-bija-bail-iet-pie-arsta","status":"publish","type":"post","link":"https:\/\/www.europesays.com\/lv\/35467\/","title":{"rendered":"Atrada bumbuli kr\u016bt\u012b, bet bija bail iet pie \u0101rsta"},"content":{"rendered":"<p>&#8220;D\u0101rg\u0101s Latvijas sievietes, l\u016bdzu, ejiet uz p\u0101rbaud\u0113m. Un p\u0101rbaudiet pa\u0161as sevi. Un, l\u016bdzu, l\u016bdzu, ja jums ir bailes no slikt\u0101m zi\u0146\u0101m, tad saprotiet, ka medic\u012bnas sp\u0113ki var jums \u0161\u012bs bailes at\u0146emt un j\u016bs iz\u0101rst\u0113t. Es varu liecin\u0101t, ka mana nabaga m\u0101te tie\u0161i man atzin\u0101s, ka vi\u0146a atrada bumbuli kr\u016bt\u012b un vi\u0146ai bija bailes iet pie \u0101rsta. Bet t\u0101s slikt\u0101s zi\u0146as bija j\u0101dab\u016b t\u0101 vai t\u0101. Jau daudzus gadus esmu Roz\u0101 lent\u012b\u0161u kust\u012bbas patronese un, protams, pievienojos ar\u012b Pupkult\u016brai. Mums ir j\u0101samazina to sievie\u0161u skaits, kas tiek diagnostic\u0113tas tre\u0161aj\u0101 un ceturtaj\u0101 stadij\u0101,&#8221; saka bijus\u012b Latvijas prezidente Vaira V\u012b\u0137e-Freiberga.<\/p>\n","protected":false},"excerpt":{"rendered":"&#8220;D\u0101rg\u0101s Latvijas sievietes, l\u016bdzu, ejiet uz p\u0101rbaud\u0113m. Un p\u0101rbaudiet pa\u0161as sevi. Un, l\u016bdzu, l\u016bdzu, ja jums ir bailes&hellip;\n","protected":false},"author":2,"featured_media":35468,"comment_status":"","ping_status":"","sticky":false,"template":"","format":"standard","meta":{"footnotes":""},"categories":[12],"tags":[23,28,29,32,33,22,30,31,35,39,38,36,37,34,40,20,26,27,24,25,21],"class_list":{"0":"post-35467","1":"post","2":"type-post","3":"status-publish","4":"format-standard","5":"has-post-thumbnail","7":"category-latvija","8":"tag-aktualitates","9":"tag-breaking-news","10":"tag-breakingnews","11":"tag-featured-news","12":"tag-featurednews","13":"tag-headlines","14":"tag-latest-news","15":"tag-latestnews","16":"tag-latvia","17":"tag-latvian","18":"tag-latviesu","19":"tag-latviesu-valoda","20":"tag-latviesuvaloda","21":"tag-latvija","22":"tag-lv","23":"tag-news","24":"tag-popularakas-zinas","25":"tag-popularakaszinas","26":"tag-top-stories","27":"tag-topstories","28":"tag-zinas"},"share_on_mastodon":{"url":"https:\/\/pubeurope.com\/@lv\/115464139090798141","error":""},"_links":{"self":[{"href":"https:\/\/www.europesays.com\/lv\/wp-json\/wp\/v2\/posts\/35467","targetHints":{"allow":["GET"]}}],"collection":[{"href":"https:\/\/www.europesays.com\/lv\/wp-json\/wp\/v2\/posts"}],"about":[{"href":"https:\/\/www.europesays.com\/lv\/wp-json\/wp\/v2\/types\/post"}],"author":[{"embeddable":true,"href":"https:\/\/www.europesays.com\/lv\/wp-json\/wp\/v2\/users\/2"}],"replies":[{"embeddable":true,"href":"https:\/\/www.europesays.com\/lv\/wp-json\/wp\/v2\/comments?post=35467"}],"version-history":[{"count":0,"href":"https:\/\/www.europesays.com\/lv\/wp-json\/wp\/v2\/posts\/35467\/revisions"}],"wp:featuredmedia":[{"embeddable":true,"href":"https:\/\/www.europesays.com\/lv\/wp-json\/wp\/v2\/media\/35468"}],"wp:attachment":[{"href":"https:\/\/www.europesays.com\/lv\/wp-json\/wp\/v2\/media?parent=35467"}],"wp:term":[{"taxonomy":"category","embeddable":true,"href":"https:\/\/www.europesays.com\/lv\/wp-json\/wp\/v2\/categories?post=35467"},{"taxonomy":"post_tag","embeddable":true,"href":"https:\/\/www.europesays.com\/lv\/wp-json\/wp\/v2\/tags?post=35467"}],"curies":[{"name":"wp","href":"https:\/\/api.w.org\/{rel}","templated":true}]}}