{"id":35469,"date":"2025-10-30T16:53:08","date_gmt":"2025-10-30T16:53:08","guid":{"rendered":"https:\/\/www.europesays.com\/lv\/35469\/"},"modified":"2025-10-30T16:53:08","modified_gmt":"2025-10-30T16:53:08","slug":"neviena-no-ierakstiem-neviena-skanu-celina-dienesta-parbaude-saistiba-ar-sunu-nosausanu-atklati-smagi-parkapumi","status":"publish","type":"post","link":"https:\/\/www.europesays.com\/lv\/35469\/","title":{"rendered":"\u201cNevien\u0101 no ierakstiem, nevien\u0101 ska\u0146u celi\u0146\u0101\u2026\u201d Dienesta p\u0101rbaud\u0113 saist\u012bb\u0101 ar su\u0146u no\u0161au\u0161anu atkl\u0101ti smagi p\u0101rk\u0101pumi"},"content":{"rendered":"<p>    <img decoding=\"async\" src=\"https:\/\/www.europesays.com\/lv\/wp-content\/uploads\/2025\/10\/png-6-1-1024x683.png\" alt=\"&#10;\"\/><\/p>\n<p>Foto: LETA; Ekr\u0101nuz\u0146\u0113mums no \u201cYouTube\u201d\n<\/p>\n<p>K\u0101 jau iepriek\u0161 v\u0113st\u012bts, Bauskas novada pa\u0161vald\u012bba \u0161odien inform\u0113ja, ka, pamatojoties uz komisijas starpzi\u0146ojumu par dienesta p\u0101rbaudi, ar Bauskas novada domes l\u0113mumu no amata atbr\u012bvots pa\u0161vald\u012bbas policijas priek\u0161nieks Eg\u012bls Gailis. Preses konferenc\u0113 domes p\u0101rst\u0101vji dal\u012bj\u0101s ar detaliz\u0113t\u0101ku inform\u0101ciju saist\u012bb\u0101 ar dienesta p\u0101rbaudes zi\u0146ojumu.  <\/p>\n<p>        Las\u012bt\u0101kie<br \/>\n        <a data-imagesrc=\"{&quot;300&quot;:&quot;https:\\\/\\\/lastatic.ams3.cdn.digitaloceanspaces.com\\\/2022\\\/11\\\/0A0A5710-300x200.jpg&quot;,&quot;1024&quot;:&quot;https:\\\/\\\/lastatic.ams3.cdn.digitaloceanspaces.com\\\/2022\\\/11\\\/0A0A5710-1024x683.jpg&quot;,&quot;768&quot;:&quot;https:\\\/\\\/lastatic.ams3.cdn.digitaloceanspaces.com\\\/2022\\\/11\\\/0A0A5710-768x512.jpg&quot;,&quot;200&quot;:&quot;https:\\\/\\\/lastatic.ams3.cdn.digitaloceanspaces.com\\\/2022\\\/11\\\/0A0A5710-200x133.jpg&quot;,&quot;400&quot;:&quot;https:\\\/\\\/lastatic.ams3.cdn.digitaloceanspaces.com\\\/2022\\\/11\\\/0A0A5710-400x267.jpg&quot;,&quot;500&quot;:&quot;https:\\\/\\\/lastatic.ams3.cdn.digitaloceanspaces.com\\\/2022\\\/11\\\/0A0A5710-500x333.jpg&quot;,&quot;800&quot;:&quot;https:\\\/\\\/lastatic.ams3.cdn.digitaloceanspaces.com\\\/2022\\\/11\\\/0A0A5710-800x533.jpg&quot;,&quot;1000&quot;:&quot;https:\\\/\\\/lastatic.ams3.cdn.digitaloceanspaces.com\\\/2022\\\/11\\\/0A0A5710-1000x667.jpg&quot;,&quot;1200&quot;:&quot;https:\\\/\\\/lastatic.ams3.cdn.digitaloceanspaces.com\\\/2022\\\/11\\\/0A0A5710.jpg&quot;}\" data-focuspoint=\"&quot;&quot;\" data-p=\"2457169\" href=\"https:\/\/www.la.lv\/vispar-vajadzetu-aizliegt-donu-un-vina-jauno-dziesmu-muzika-jaunakais-veikums-izraisa-negaiditu-sabiedribas-reakciju\" class=\"content-item lazy-load\" wp_automatic_readability=\"26.5\" rel=\"nofollow noopener\" target=\"_blank\"><\/p>\n<p>                                <img decoding=\"async\" src=\"\" alt=\"\" style=\"\" data-imageid=\"\"\/><\/p>\n<p>                                Kokteilis<\/p>\n<p>                                            \u201cVisp\u0101r vajadz\u0113tu aizliegt Donu un vi\u0146a jauno dziesmu\u2026\u201d M\u016bzi\u0137a jaun\u0101kais veikums izraisa negaid\u012btu sabiedr\u012bbas reakciju<\/p>\n<p><\/a><a data-imagesrc=\"{&quot;300&quot;:&quot;https:\\\/\\\/lastatic.ams3.cdn.digitaloceanspaces.com\\\/2025\\\/10\\\/Untitled-1500-x-1000-px-2025-10-29T143924.921-300x200.jpg&quot;,&quot;1024&quot;:&quot;https:\\\/\\\/lastatic.ams3.cdn.digitaloceanspaces.com\\\/2025\\\/10\\\/Untitled-1500-x-1000-px-2025-10-29T143924.921-1024x683.jpg&quot;,&quot;500&quot;:&quot;https:\\\/\\\/lastatic.ams3.cdn.digitaloceanspaces.com\\\/2025\\\/10\\\/Untitled-1500-x-1000-px-2025-10-29T143924.921-500x333.jpg&quot;,&quot;800&quot;:&quot;https:\\\/\\\/lastatic.ams3.cdn.digitaloceanspaces.com\\\/2025\\\/10\\\/Untitled-1500-x-1000-px-2025-10-29T143924.921-800x533.jpg&quot;,&quot;1500&quot;:&quot;https:\\\/\\\/lastatic.ams3.cdn.digitaloceanspaces.com\\\/2025\\\/10\\\/Untitled-1500-x-1000-px-2025-10-29T143924.921.jpg&quot;}\" data-focuspoint=\"&quot;&quot;\" data-p=\"2456614\" href=\"https:\/\/www.la.lv\/slesers-publice-vikes-freibergas-foto-ar-putinu-bet-sabiedribas-atbalsta-vieta-sanem-parmetumu-par-pasa-sievas-saistibu-ar-krieviju\" class=\"content-item lazy-load\" wp_automatic_readability=\"27\" rel=\"nofollow noopener\" target=\"_blank\"><\/p>\n<p>                                <img decoding=\"async\" src=\"\" alt=\"\" style=\"\" data-imageid=\"\"\/><\/p>\n<p>\n                                                \u0160lesers public\u0113 V\u012b\u0137es-Freibergas foto ar Putinu, bet sabiedr\u012bbas atbalsta viet\u0101 sa\u0146em p\u0101rmetumu par pa\u0161a sievas saist\u012bbu ar Krieviju\n                            <\/p>\n<p><\/a><a data-imagesrc=\"{&quot;300&quot;:&quot;https:\\\/\\\/lastatic.ams3.cdn.digitaloceanspaces.com\\\/2025\\\/10\\\/Ekranuznemums-2025-10-30-131058-300x201.png&quot;,&quot;1024&quot;:&quot;https:\\\/\\\/lastatic.ams3.cdn.digitaloceanspaces.com\\\/2025\\\/10\\\/Ekranuznemums-2025-10-30-131058-1024x687.png&quot;,&quot;500&quot;:&quot;https:\\\/\\\/lastatic.ams3.cdn.digitaloceanspaces.com\\\/2025\\\/10\\\/Ekranuznemums-2025-10-30-131058-500x335.png&quot;,&quot;800&quot;:&quot;https:\\\/\\\/lastatic.ams3.cdn.digitaloceanspaces.com\\\/2025\\\/10\\\/Ekranuznemums-2025-10-30-131058-800x536.png&quot;,&quot;1068&quot;:&quot;https:\\\/\\\/lastatic.ams3.cdn.digitaloceanspaces.com\\\/2025\\\/10\\\/Ekranuznemums-2025-10-30-131058.png&quot;}\" data-focuspoint=\"&quot;&quot;\" data-p=\"2457854\" href=\"https:\/\/www.la.lv\/foto-uz-latvijas-robezas-ir-kritiska-situacija-lietuviesi-aicina-veikt-koordinetus-pasakumus\" class=\"content-item lazy-load\" wp_automatic_readability=\"26.5\" rel=\"nofollow noopener\" target=\"_blank\"><\/p>\n<p>                                <img decoding=\"async\" src=\"\" alt=\"\" style=\"\" data-imageid=\"\"\/><\/p>\n<p>                                            FOTO. Vai ar\u012b uz Latvijas robe\u017eas ir kritiska situ\u0101cija? Lietuvie\u0161i aicina veikt koordin\u0113tus pas\u0101kumus; robe\u017esardze zi\u0146o par redz\u0113to<\/p>\n<p><\/a><br \/>\n        <a class=\"read-more\" href=\"https:\/\/www.la.lv\/top\" rel=\"nofollow noopener\" target=\"_blank\">Las\u012bt citas zi\u0146as<\/a><\/p>\n<p>\u201cP\u0101rk\u0101pumi v\u0113rt\u0113jami k\u0101 smagi,\u201d t\u0101 sac\u012bja Bauskas novada domes priek\u0161s\u0113d\u0113t\u0101js Aivars Ma\u010deks. <\/p>\n<p>Atkl\u0101ti jauni apst\u0101k\u013ci un konstat\u0113tas pretrunas. Ma\u010deks nor\u0101d\u012bja, ka, \u0146emot v\u0113r\u0101 atkl\u0101tos faktus un nepiecie\u0161am\u012bbu tos pilnv\u0113rt\u012bgi izv\u0113rt\u0113t, komisija ir l\u016bgusi papildu laiku darba turpin\u0101\u0161anai l\u012bdz 14.novembrim, lai sagatavotu visaptvero\u0161u dienesta p\u0101rbaudes materi\u0101lu nodo\u0161anai Valsts policijai.<\/p>\n<p>    CITI \u0160OBR\u012aD LASA<\/p>\n<p>P\u0101rbaud\u0113 konstat\u0113ts, ka policijas priek\u0161nieks nav pilnv\u0113rt\u012bgi izv\u0113rt\u0113jis notikumu, nav noteicis priorit\u0101tes un atst\u0101jis procesu bez kontroles. <\/p>\n<blockquote><p>Vienlaikus p\u0101rbaudes gait\u0101 ieg\u016bt\u0101 inform\u0101cija nesniedza apstiprin\u0101jumu tam, ka darbinieki b\u016btu izsauku\u0161i Valsts policiju, turkl\u0101t pa\u0161vald\u012bbas policijas darbinieki atst\u0101ja notikuma vietu notikuma laik\u0101. T\u0101pat darbinieku sniegtajos paskaidrojumos un video materi\u0101los nov\u0113rotas pretrunas, kas rada \u0161aubas par  notikum\u0101 iesaist\u012bto personu godpr\u0101t\u012bbu.<\/p><\/blockquote>\n<p>P\u0101rbaud\u0113 fiks\u0113ts, ka nav iev\u0113roti iek\u0161\u0113j\u0101s k\u0101rt\u012bbas noteikumi par \u0137erme\u0146a kameru lieto\u0161anu: p\u0113c pieejam\u0101s inform\u0101cijas atsevi\u0161\u0137\u0101s notikuma epizod\u0113s un br\u012bd\u012b, kad darbinieki kontakt\u0113j\u0101s ar tre\u0161aj\u0101m person\u0101m, kameras bija izsl\u0113gtas. Nav iev\u0113rota video materi\u0101lu lejupiel\u0101\u017eu k\u0101rt\u012bba. <\/p>\n<blockquote><p>Pieejamie dienesta p\u0101rbaudes materi\u0101li liecina, ka pav\u0113le \u0161aut nav dota.<\/p><\/blockquote>\n<p>\u201cNevien\u0101 no ierakstiem, nevien\u0101 ska\u0146u celi\u0146\u0101 no pieejamiem inform\u0101cijas avotiem neesam guvu\u0161i apliecin\u0101jumu tam, ka k\u0101ds no pa\u0161vald\u012bbas policijas darbiniekiem vai policijas priek\u0161nieks b\u016btu devis uzdevumu nogalin\u0101t dz\u012bvniekus,\u201d preses konferenc\u0113 inform\u0113ja Bauskas novada pa\u0161vald\u012bbas izpilddirektors Ivars Rom\u0101novs. <\/p>\n<p>Pa\u0161vald\u012bbas policijas priek\u0161niekam Gailim bija j\u0101p\u0101r\u0146em kr\u012bzes situ\u0101cijas vad\u012b\u0161ana un j\u0101uzrauga bru\u0146ota cilv\u0113ka \u2013 mednieka darb\u012bbas.<\/p>\n<p>Rom\u0101novs sac\u012bja: \u201cDiem\u017e\u0113l nepietiekamas mednieka kl\u0101tesam\u012bbas uzraudz\u012bbas d\u0113\u013c \u0161is notikums izv\u0113rties likten\u012bgaj\u0101 k\u013c\u016bd\u0101 ar \u0161\u012bm sek\u0101m.\u201d <\/p>\n<p>Uz jaut\u0101jumu, kas \u012bsti tad izsauca mednieku, Rom\u0101novs atbild\u0113ja: \u201cBrunavas mednieku kolekt\u012bva vad\u012bt\u0101js, ar kuru sazin\u0101j\u0101s \u012bpa\u0161uma saimniece.\u201d <\/p>\n<p>\u201cKolekt\u012bva vad\u012bt\u0101js uzreiz zvan\u012bjis pa\u0161vald\u012bbas policijai uz de\u017e\u016brda\u013cu un inform\u0113jis, ka \u012bsti \u0161aj\u0101 notikum\u0101 mednieks iesaist\u012bties nevar. T\u0101l\u0101k biju\u0161as vair\u0101kas sarunas, kuru ierakstu diem\u017e\u0113l m\u016bsu r\u012bc\u012bb\u0101 \u0161obr\u012bd nav. Bet ir paskaidrojumi, konkr\u0113ti Gai\u013ca kunga paskaidrojum\u0101 rakst\u012bts, ka vi\u0146i vienoj\u0101s par mednieka kl\u0101tesam\u012bbu. Ac\u012bmredzot, vieno\u0161an\u0101s pamats bija, vadoties no inform\u0101cijas, ko bija sniegusi saimniece, ka su\u0146i ir \u013coti agres\u012bvi,\u201d inform\u0113ja pa\u0161vald\u012bbas izpilddirektors.<\/p>\n<p>Dienesta p\u0101rbaud\u0113 ar\u012b secin\u0101ts, ka VP uz notikuma vietu izsaukta aptuveni pusotru stundu p\u0113c notiku\u0161\u0101, kl\u0101st\u012bja pa\u0161vald\u012bbas izpilddirektors.<\/p>\n<p>Bauskas novada pa\u0161vald\u012bbas izpilddirektors Rom\u0101novs ir uzdevis pa\u0161vald\u012bbas policijas priek\u0161nieka pien\u0101kumu izpild\u012bt\u0101jam Aivaram Vilci\u0146am iepaz\u012bties ar dienesta p\u0101rbaudes starpzi\u0146ojumu un pie\u0146emt l\u0113mumu par darbinieku atbild\u012bbu un atbilst\u012bbu ie\u0146emamajam amatam. Dienesta p\u0101rbaude ir s\u0101kta pret tr\u012bs pa\u0161vald\u012bbas policijas darbiniekiem \u2013 diviem, kas atrad\u0101s policijas ekip\u0101\u017e\u0101 izsaukuma viet\u0101, un de\u017e\u016brda\u013cas darbinieku. <\/p>\n<p>Bauskas novada pa\u0161vald\u012bbas p\u0101rst\u0101vji uzsv\u0113ra, ka v\u0113rt\u0113t mednieka r\u012bc\u012bbu nav vi\u0146u kompetenc\u0113. <\/p>\n<p>Video no preses konferences!<\/p>\n<p>            Protests Modra atbalstam Bausk\u0101<\/p>\n<p>T\u0113mas<\/p>\n<p>    SAIST\u012aTIE RAKSTI<\/p>\n","protected":false},"excerpt":{"rendered":"Foto: LETA; Ekr\u0101nuz\u0146\u0113mums no \u201cYouTube\u201d K\u0101 jau iepriek\u0161 v\u0113st\u012bts, Bauskas novada pa\u0161vald\u012bba \u0161odien inform\u0113ja, ka, pamatojoties uz komisijas&hellip;\n","protected":false},"author":2,"featured_media":35470,"comment_status":"","ping_status":"","sticky":false,"template":"","format":"standard","meta":{"footnotes":""},"categories":[12],"tags":[23,28,29,32,33,22,30,31,35,39,38,36,37,34,40,20,26,27,24,25,21],"class_list":{"0":"post-35469","1":"post","2":"type-post","3":"status-publish","4":"format-standard","5":"has-post-thumbnail","7":"category-latvija","8":"tag-aktualitates","9":"tag-breaking-news","10":"tag-breakingnews","11":"tag-featured-news","12":"tag-featurednews","13":"tag-headlines","14":"tag-latest-news","15":"tag-latestnews","16":"tag-latvia","17":"tag-latvian","18":"tag-latviesu","19":"tag-latviesu-valoda","20":"tag-latviesuvaloda","21":"tag-latvija","22":"tag-lv","23":"tag-news","24":"tag-popularakas-zinas","25":"tag-popularakaszinas","26":"tag-top-stories","27":"tag-topstories","28":"tag-zinas"},"share_on_mastodon":{"url":"https:\/\/pubeurope.com\/@lv\/115464162771902680","error":""},"_links":{"self":[{"href":"https:\/\/www.europesays.com\/lv\/wp-json\/wp\/v2\/posts\/35469","targetHints":{"allow":["GET"]}}],"collection":[{"href":"https:\/\/www.europesays.com\/lv\/wp-json\/wp\/v2\/posts"}],"about":[{"href":"https:\/\/www.europesays.com\/lv\/wp-json\/wp\/v2\/types\/post"}],"author":[{"embeddable":true,"href":"https:\/\/www.europesays.com\/lv\/wp-json\/wp\/v2\/users\/2"}],"replies":[{"embeddable":true,"href":"https:\/\/www.europesays.com\/lv\/wp-json\/wp\/v2\/comments?post=35469"}],"version-history":[{"count":0,"href":"https:\/\/www.europesays.com\/lv\/wp-json\/wp\/v2\/posts\/35469\/revisions"}],"wp:featuredmedia":[{"embeddable":true,"href":"https:\/\/www.europesays.com\/lv\/wp-json\/wp\/v2\/media\/35470"}],"wp:attachment":[{"href":"https:\/\/www.europesays.com\/lv\/wp-json\/wp\/v2\/media?parent=35469"}],"wp:term":[{"taxonomy":"category","embeddable":true,"href":"https:\/\/www.europesays.com\/lv\/wp-json\/wp\/v2\/categories?post=35469"},{"taxonomy":"post_tag","embeddable":true,"href":"https:\/\/www.europesays.com\/lv\/wp-json\/wp\/v2\/tags?post=35469"}],"curies":[{"name":"wp","href":"https:\/\/api.w.org\/{rel}","templated":true}]}}