{"id":35471,"date":"2025-10-30T16:59:11","date_gmt":"2025-10-30T16:59:11","guid":{"rendered":"https:\/\/www.europesays.com\/lv\/35471\/"},"modified":"2025-10-30T16:59:11","modified_gmt":"2025-10-30T16:59:11","slug":"barbora-pamet-sesus-baltijas-valstu-regionus-starp-tam-divas-lielakas-latvijas-pilsetas-santa","status":"publish","type":"post","link":"https:\/\/www.europesays.com\/lv\/35471\/","title":{"rendered":"\u00abBarbora\u00bb pamet se\u0161us Baltijas valstu re\u0123ionus. Starp t\u0101m \u2013 divas liel\u0101k\u0101s Latvijas pils\u0113tas \u2014 Santa"},"content":{"rendered":"<p>Barbora\u00a0darb\u012bba tiks p\u0101rtraukta ar\u012b Austrumviru apri\u0146\u0137\u012b Igaunij\u0101, k\u0101 ar\u012b Panev\u0113\u017e\u0101 un \u0160au\u013cos Lietuv\u0101. Komp\u0101nijas \u0123ener\u0101ldirektors Povils \u0160ulis port\u0101lam l\u0113mumu p\u0101rtraukt darb\u012bbu \u0161ajos Lietuvas re\u0123ionos skaidroja ar to, ka darb\u012bbas rezult\u0101ti nav biju\u0161i apmierino\u0161i.<\/p>\n<p>\u00abT\u0101p\u0113c esam pie\u0146\u0113mu\u0161i sare\u017e\u0123\u012bto l\u0113mumu p\u0101rtraukt darb\u012bbu \u0161aj\u0101s pils\u0113t\u0101s. M\u0113s nepl\u0101nojam turpm\u0101k samazin\u0101t savu \u0123eogr\u0101fiju un koncentr\u0113sim visu savu uzman\u012bbu uz darb\u012bbu Vi\u013c\u0146\u0101, Kau\u0146\u0101, Klaip\u0113d\u0101, Marijampol\u0113 un Al\u012bt\u0101, k\u0101 ar\u012b blakus eso\u0161aj\u0101s apdz\u012bvotaj\u0101s viet\u0101s,\u00bb kl\u0101st\u012bja \u0160ulis.<\/p>\n<p>Vienlaikus Latvijas Barbora\u00a0m\u0101jaslap\u0101 teikts, ka, izv\u0113rt\u0113jot piepras\u012bjumu, pieg\u0101des tiks aptur\u0113tas uz nenoteiktu laiku.<\/p>\n<blockquote><p>&#13;<\/p>\n<p>\u00abJa situ\u0101cija main\u012bsies, m\u0113s inform\u0113sim par iesp\u0113jamu ats\u0101k\u0161anu,\u00bb<\/p>\n<p>&#13;\n<\/p><\/blockquote>\n<p>teikts pazi\u0146ojum\u0101.<\/p>\n<p>T\u0101pat publiskot\u0101 inform\u0101cija liecina, ka no 2025. gada 11. oktobra Barbora\u00a0ir p\u0101rtraukusi pieg\u0101des uz J\u0101\u0146upi, Plakanciemu, Mellupiem, Vaivadiem, D\u0101viem, St\u012bpniekiem, Laps\u0101m un Dz\u0113rumiem.<\/p>\n<p>Barbora\u00a0m\u0101jaslap\u0101 pieejam\u0101 inform\u0101cija liecina, ka Latvij\u0101 pieg\u0101des tiek nodro\u0161in\u0101tas R\u012bg\u0101, J\u016brmal\u0101, Olain\u0113, \u0136ekav\u0101, Salaspil\u012b, Ik\u0161\u0137il\u0113, Ogr\u0113 un tuv\u0101kaj\u0101 apk\u0101rtn\u0113, k\u0101 ar\u012b Jelgav\u0101. Savuk\u0101rt Igaunij\u0101 pieg\u0101des pieejamas Tallin\u0101 un Tartu.<\/p>\n<p>Barbora\u00a0p\u0101rst\u0101vji skaidroja, ka l\u0113mums p\u0101rtraukt pakalpojuma pieejam\u012bbu re\u0123ionos ir da\u013ca no izmai\u0146\u0101m, kas nepiecie\u0161amas, lai nodro\u0161in\u0101tu uz\u0146\u0113muma ilgtsp\u0113ju, \u0146emot v\u0113r\u0101 piepras\u012bjumu un klientu paradumus.<\/p>\n<p>P\u0113rn mart\u0101 darb\u012bbu izbeidza grupas uz\u0146\u0113mums Barbora\u00a0Polska, kas nodro\u0161in\u0101ja p\u0101rtikas produktu pieg\u0101di m\u0101j\u0101s da\u017e\u0101d\u0101s Polijas pils\u0113t\u0101s. Grupa ietilpst Nerijus Numas kontrol\u0113taj\u0101 Lietuvas koncern\u0101 Vilniaus prekyba.<\/p>\n<p>\u00a0<\/p>\n","protected":false},"excerpt":{"rendered":"Barbora\u00a0darb\u012bba tiks p\u0101rtraukta ar\u012b Austrumviru apri\u0146\u0137\u012b Igaunij\u0101, k\u0101 ar\u012b Panev\u0113\u017e\u0101 un \u0160au\u013cos Lietuv\u0101. Komp\u0101nijas \u0123ener\u0101ldirektors Povils \u0160ulis port\u0101lam&hellip;\n","protected":false},"author":2,"featured_media":35472,"comment_status":"","ping_status":"","sticky":false,"template":"","format":"standard","meta":{"footnotes":""},"categories":[12],"tags":[23,28,29,32,33,22,30,31,35,39,38,36,37,34,40,20,26,27,24,25,21],"class_list":{"0":"post-35471","1":"post","2":"type-post","3":"status-publish","4":"format-standard","5":"has-post-thumbnail","7":"category-latvija","8":"tag-aktualitates","9":"tag-breaking-news","10":"tag-breakingnews","11":"tag-featured-news","12":"tag-featurednews","13":"tag-headlines","14":"tag-latest-news","15":"tag-latestnews","16":"tag-latvia","17":"tag-latvian","18":"tag-latviesu","19":"tag-latviesu-valoda","20":"tag-latviesuvaloda","21":"tag-latvija","22":"tag-lv","23":"tag-news","24":"tag-popularakas-zinas","25":"tag-popularakaszinas","26":"tag-top-stories","27":"tag-topstories","28":"tag-zinas"},"share_on_mastodon":{"url":"https:\/\/pubeurope.com\/@lv\/115464186278575695","error":""},"_links":{"self":[{"href":"https:\/\/www.europesays.com\/lv\/wp-json\/wp\/v2\/posts\/35471","targetHints":{"allow":["GET"]}}],"collection":[{"href":"https:\/\/www.europesays.com\/lv\/wp-json\/wp\/v2\/posts"}],"about":[{"href":"https:\/\/www.europesays.com\/lv\/wp-json\/wp\/v2\/types\/post"}],"author":[{"embeddable":true,"href":"https:\/\/www.europesays.com\/lv\/wp-json\/wp\/v2\/users\/2"}],"replies":[{"embeddable":true,"href":"https:\/\/www.europesays.com\/lv\/wp-json\/wp\/v2\/comments?post=35471"}],"version-history":[{"count":0,"href":"https:\/\/www.europesays.com\/lv\/wp-json\/wp\/v2\/posts\/35471\/revisions"}],"wp:featuredmedia":[{"embeddable":true,"href":"https:\/\/www.europesays.com\/lv\/wp-json\/wp\/v2\/media\/35472"}],"wp:attachment":[{"href":"https:\/\/www.europesays.com\/lv\/wp-json\/wp\/v2\/media?parent=35471"}],"wp:term":[{"taxonomy":"category","embeddable":true,"href":"https:\/\/www.europesays.com\/lv\/wp-json\/wp\/v2\/categories?post=35471"},{"taxonomy":"post_tag","embeddable":true,"href":"https:\/\/www.europesays.com\/lv\/wp-json\/wp\/v2\/tags?post=35471"}],"curies":[{"name":"wp","href":"https:\/\/api.w.org\/{rel}","templated":true}]}}