{"id":35473,"date":"2025-10-30T17:05:09","date_gmt":"2025-10-30T17:05:09","guid":{"rendered":"https:\/\/www.europesays.com\/lv\/35473\/"},"modified":"2025-10-30T17:05:09","modified_gmt":"2025-10-30T17:05:09","slug":"vienota-un-daudzslanaina-muzeja-ekosistema-mes-turpinasim-stastit-daugavpils-vestures-un-sodienas-stastu","status":"publish","type":"post","link":"https:\/\/www.europesays.com\/lv\/35473\/","title":{"rendered":"Vienot\u0101 un daudzsl\u0101\u0146ain\u0101 muzeja ekosist\u0113m\u0101 m\u0113s turpin\u0101sim st\u0101st\u012bt Daugavpils v\u0113stures un \u0161odienas st\u0101stu"},"content":{"rendered":"<p>\t\t        \t<a href=\"https:\/\/www.daugavpils.lv\/assets\/upload\/news\/2025\/10\/rotko-muzeja-vadtjs-mris-aka-foto-didzis-grodzs-001_max.jpg\" rel=\"nofollow noopener\" target=\"_blank\"><img decoding=\"async\" src=\"https:\/\/www.europesays.com\/lv\/wp-content\/uploads\/2025\/10\/rotko-muzeja-vadtjs-mris-aka-foto-didzis-grodzs-001_sml.jpg\" class=\"news-image\" title=\"M\u0101ris \u010ca\u010dka: Vienot\u0101 un daudzsl\u0101\u0146ain\u0101 muzeja ekosist\u0113m\u0101 m\u0113s turpin\u0101sim st\u0101st\u012bt Daugavpils v\u0113stures un \u0161odienas st\u0101stu\" alt=\"M\u0101ris \u010ca\u010dka: Vienot\u0101 un daudzsl\u0101\u0146ain\u0101 muzeja ekosist\u0113m\u0101 m\u0113s turpin\u0101sim st\u0101st\u012bt Daugavpils v\u0113stures un \u0161odienas st\u0101stu\"\/><\/a><\/p>\n<p style=\"text-align: justify;\">Daugavpils valstspils\u0113tas pa\u0161vald\u012bba ir uzs\u0101kusi t\u0101s dibin\u0101to muzeju apvieno\u0161anu, virzoties uz vienotu un laikmet\u012bgu m\u0101kslas un atmi\u0146u instit\u016bciju p\u0101rvald\u012bbas modeli. \u0160\u0101da pieeja veicin\u0101s saska\u0146otu un efekt\u012bvu darb\u012bbu, \u013caujot koncentr\u0113t resursus kult\u016bras mantojuma saglab\u0101\u0161anai un m\u0101ksliniecisk\u0101s jaunrades att\u012bst\u012bbai gan pils\u0113t\u0101, gan vis\u0101 Latgales re\u0123ion\u0101.<\/p>\n<p>&#13;<\/p>\n<p style=\"text-align: justify;\">Turpm\u0101k Rotko muzejs, kas ir liel\u0101k\u0101 un starptautiski atpaz\u012bstam\u0101k\u0101 pa\u0161vald\u012bbas kult\u016bras instit\u016bcija, p\u0101r\u0146ems Daugavpils Novadp\u0113tniec\u012bbas un m\u0101kslas muzeja ties\u012bbas, saist\u012bbas un funkcijas. T\u0101d\u0113j\u0101di tiks nodro\u0161in\u0101ta uzkr\u0101t\u0101 kult\u016bras mantojuma efekt\u012bva p\u0101rraudz\u012bba, saglab\u0101\u0161ana un pieejam\u012bba, k\u0101 ar\u012b nep\u0101rtraukta viet\u0113j\u0101s v\u0113stures izp\u0113te. L\u0113mums par abu muzeju apvieno\u0161anu pie\u0146emts Daugavpils domes s\u0113d\u0113 30. oktobr\u012b.<\/p>\n<p>&#13;<\/p>\n<p style=\"text-align: justify;\">P\u0113c reformas Rotko muzejs saglab\u0101s savu nosaukumu un identit\u0101ti, vienlaikus ieg\u016bstot vair\u0101kas savstarp\u0113ji papildino\u0161as strukt\u016brvien\u012bbas \u2013 Martinsona m\u0101ju, m\u0101kslinieku darbn\u012bcas, Daugavpils muzeju un Amatu m\u0101ju. \u0160\u012b integr\u0101cija \u013caus apvienot profesion\u0101lo pieredzi, kr\u0101jumus un infrastrukt\u016bru, veicinot muzeja ilgtsp\u0113j\u012bgu att\u012bst\u012bbu un nostiprinot Daugavpils poz\u012bcijas k\u0101 noz\u012bm\u012bgai un inovat\u012bvai kult\u016brtelpai gan Latvij\u0101, gan \u0101rvalst\u012bs.<\/p>\n<p>&#13;<\/p>\n<p style=\"text-align: justify;\">S\u0101kot ar 2026. gada janv\u0101ri, Rotko muzeja darb\u012bbu nodro\u0161in\u0101s \u010detri departamenti: Kr\u0101juma, M\u0101kslas un satura komunik\u0101cijas, V\u0113stures un p\u0113tniec\u012bbas, k\u0101 ar\u012b Tehnisk\u0101 nodro\u0161in\u0101juma departaments. \u0160\u012bs struktur\u0101l\u0101s p\u0101rmai\u0146as apvienos lab\u0101kos jomas profesion\u0101\u013cus, sekm\u0113jot att\u012bst\u012bbas pl\u0101no\u0161anu un jaunu sadarb\u012bbas partneru piesaisti.<\/p>\n<p>&#13;<\/p>\n<p style=\"text-align: justify;\">Rotko muzeja vad\u012bt\u0101js M\u0101ris \u010ca\u010dka uzsver: \u201cRotko muzejs vienm\u0113r ir bijis vieta, kur satiekas pag\u0101tne un tagadne, trad\u012bcija un laikmet\u012bgums. Rotko muzejs \u2013 tie ir nozares profesion\u0101\u013ci, komanda, person\u012bbas. M\u0113s raug\u0101mies uz muzeju k\u0101 dz\u012bvu organismu, kas aug un main\u0101s laikam l\u012bdzi, saglab\u0101jot iepriek\u0161\u0113jo kursu un darb\u012bbas lauku m\u0101ksl\u0101. Vienot\u0101 un daudzsl\u0101\u0146ain\u0101 muzeja ekosist\u0113m\u0101 m\u0113s turpin\u0101sim st\u0101st\u012bt Daugavpils v\u0113stures un \u0161odienas st\u0101stu.\u201d<\/p>\n<p>&#13;<\/p>\n<p style=\"text-align: justify;\">Instit\u016bcija turpin\u0101s apliecin\u0101t sevi k\u0101 dinamisku, starptautiski atz\u012btu un daudz\u0161\u0137aut\u0146ainu kult\u016bras centru, atkl\u0101jot Daugavpils un Latgales kult\u016bras bag\u0101t\u012bbu \u2013 no senatnes mantojuma l\u012bdz laikmet\u012bgajai m\u0101kslai, no tradicion\u0101laj\u0101m amatu prasm\u0113m l\u012bdz rado\u0161aj\u0101m industrij\u0101m. Iedz\u012bvot\u0101ji ieg\u016bs pla\u0161\u0101ku piek\u013cuvi kult\u016bras saturam un v\u0113rt\u012bb\u0101m, jo Rotko muzejs k\u013c\u016bs par vienotu platformu, kur\u0101 v\u0113sture un laikmet\u012bgums savijas kop\u012bg\u0101 st\u0101st\u0101 par pils\u0113tas un re\u0123iona identit\u0101ti.<\/p>\n<p>&#13;<\/p>\n<p style=\"text-align: justify;\">\u0160\u012b reforma ir noz\u012bm\u012bgs solis Daugavpils kult\u016brtelpas att\u012bst\u012bb\u0101 \u2013 ce\u013c\u0101 uz pils\u0113tu, kur m\u0101ksla un v\u0113sture nav tikai pag\u0101tnes liec\u012bba, bet dz\u012bva tagadne, kas veido m\u016bsu kop\u012bgo n\u0101kotni.<\/p>\n<p>&#13;<\/p>\n<p style=\"text-align: justify;\">Vair\u0101k inform\u0101cijas par struktur\u0101laj\u0101m reform\u0101m Daugavpils valstspils\u0113tas pa\u0161vald\u012bb\u0101 <a href=\"https:\/\/www.daugavpils.lv\/pasvaldiba\/aktualitates\/zinas\/daugavpils-pasvaldiba-veic-strukturalas-reformas-nodrosinot-administrativo-procesu-centralizaciju-un-maksimalu-izdevumu-efektivitati\" rel=\"nofollow noopener\" target=\"_blank\">pieejams TE<\/a>.<\/p>\n<p>&#13;<\/p>\n<p style=\"text-align: justify;\">\u00a0<\/p>\n<p>&#13;<\/p>\n<p style=\"text-align: justify;\">\u00a0<\/p>\n<p>&#13;<\/p>\n<p style=\"text-align: justify;\">Inform\u0101ciju sagatavoja<br \/>Daugavpils valstspils\u0113tas pa\u0161vald\u012bbas<br \/>Sabiedrisko attiec\u012bbu noda\u013ca<\/p>\n","protected":false},"excerpt":{"rendered":"Daugavpils valstspils\u0113tas pa\u0161vald\u012bba ir uzs\u0101kusi t\u0101s dibin\u0101to muzeju apvieno\u0161anu, virzoties uz vienotu un laikmet\u012bgu m\u0101kslas un atmi\u0146u instit\u016bciju&hellip;\n","protected":false},"author":2,"featured_media":35474,"comment_status":"","ping_status":"","sticky":false,"template":"","format":"standard","meta":{"footnotes":""},"categories":[12],"tags":[23,28,29,32,33,22,30,31,35,39,38,36,37,34,40,10425,20,26,27,24,25,21],"class_list":{"0":"post-35473","1":"post","2":"type-post","3":"status-publish","4":"format-standard","5":"has-post-thumbnail","7":"category-latvija","8":"tag-aktualitates","9":"tag-breaking-news","10":"tag-breakingnews","11":"tag-featured-news","12":"tag-featurednews","13":"tag-headlines","14":"tag-latest-news","15":"tag-latestnews","16":"tag-latvia","17":"tag-latvian","18":"tag-latviesu","19":"tag-latviesu-valoda","20":"tag-latviesuvaloda","21":"tag-latvija","22":"tag-lv","23":"tag-maris-cacka-vienota-un-daudzslanaina-muzeja-ekosistema-mes-turpinasim-stastit-daugavpils-vestures-un-sodienas-stastu","24":"tag-news","25":"tag-popularakas-zinas","26":"tag-popularakaszinas","27":"tag-top-stories","28":"tag-topstories","29":"tag-zinas"},"share_on_mastodon":{"url":"https:\/\/pubeurope.com\/@lv\/115464209994531796","error":""},"_links":{"self":[{"href":"https:\/\/www.europesays.com\/lv\/wp-json\/wp\/v2\/posts\/35473","targetHints":{"allow":["GET"]}}],"collection":[{"href":"https:\/\/www.europesays.com\/lv\/wp-json\/wp\/v2\/posts"}],"about":[{"href":"https:\/\/www.europesays.com\/lv\/wp-json\/wp\/v2\/types\/post"}],"author":[{"embeddable":true,"href":"https:\/\/www.europesays.com\/lv\/wp-json\/wp\/v2\/users\/2"}],"replies":[{"embeddable":true,"href":"https:\/\/www.europesays.com\/lv\/wp-json\/wp\/v2\/comments?post=35473"}],"version-history":[{"count":0,"href":"https:\/\/www.europesays.com\/lv\/wp-json\/wp\/v2\/posts\/35473\/revisions"}],"wp:featuredmedia":[{"embeddable":true,"href":"https:\/\/www.europesays.com\/lv\/wp-json\/wp\/v2\/media\/35474"}],"wp:attachment":[{"href":"https:\/\/www.europesays.com\/lv\/wp-json\/wp\/v2\/media?parent=35473"}],"wp:term":[{"taxonomy":"category","embeddable":true,"href":"https:\/\/www.europesays.com\/lv\/wp-json\/wp\/v2\/categories?post=35473"},{"taxonomy":"post_tag","embeddable":true,"href":"https:\/\/www.europesays.com\/lv\/wp-json\/wp\/v2\/tags?post=35473"}],"curies":[{"name":"wp","href":"https:\/\/api.w.org\/{rel}","templated":true}]}}