{"id":35475,"date":"2025-10-30T17:06:13","date_gmt":"2025-10-30T17:06:13","guid":{"rendered":"https:\/\/www.europesays.com\/lv\/35475\/"},"modified":"2025-10-30T17:06:13","modified_gmt":"2025-10-30T17:06:13","slug":"polija-pacelusi-gaisa-reaktivos-iznicinatajus","status":"publish","type":"post","link":"https:\/\/www.europesays.com\/lv\/35475\/","title":{"rendered":"Polija pac\u0113lusi gais\u0101 reakt\u012bvos izn\u012bcin\u0101t\u0101jus"},"content":{"rendered":"<p>\u201cAtbilsto\u0161i sp\u0113k\u0101 eso\u0161aj\u0101m proced\u016br\u0101m Polijas Bru\u0146oto sp\u0113ku operat\u012bvais komandieris aktiviz\u0113ja visus vi\u0146a r\u012bc\u012bb\u0101 eso\u0161os sp\u0113kus un resursus\u201d.<\/p>\n<p>Gais\u0101 ir pacelti de\u017eur\u0113jo\u0161o izn\u012bcin\u0101t\u0101ju p\u0101ri un radiolok\u0101cijas agr\u012bn\u0101s paman\u012b\u0161anas lidma\u0161\u012bnas, k\u0101 ar\u012b augst\u0101kaj\u0101 gatav\u012bbas pak\u0101p\u0113 ir nost\u0101d\u012btas pretgaisa aizsardz\u012bbas un radiolok\u0101cijas sist\u0113mas, nor\u0101d\u012bja pav\u0113lniec\u012bba.<\/p>\n<p>\u201c\u0160\u012bm oper\u0101cij\u0101m ir prevent\u012bvs raksturs, un to m\u0113r\u0137is ir nodro\u0161in\u0101t gaisa telpas dro\u0161\u012bbu un aizsardz\u012bbu, jo \u012bpa\u0161i teritorij\u0101s, kas robe\u017eojas ar apdraud\u0113taj\u0101m teritorij\u0101m\u201d.<\/p>\n<p>\u201cPolijas Bru\u0146oto sp\u0113ku Operat\u012bv\u0101 pav\u0113lniec\u012bba uzrauga pa\u0161reiz\u0113jo situ\u0101ciju, un tai pak\u013cautie sp\u0113ki un resursi joproj\u0101m ir gatavi t\u016bl\u012bt\u0113jai rea\u0123\u0113\u0161anai,\u201d teikts pazi\u0146ojum\u0101.<\/p>\n<p>Polija akt\u012bv\u0101k s\u0101kusi rea\u0123\u0113t uz krievu dronu un ra\u0137e\u0161u tuvo\u0161anos t\u0101s robe\u017e\u0101m kop\u0161 10. septembra, kad t\u0101s teritorij\u0101 ielidoja vismaz 19 krievu droni. Vair\u0101ki no tiem tika notriekti.<\/p>\n<p>Kop\u0161 t\u0101 laika ar\u012b NATO aktiviz\u0113jusi centienus austrumu flanga dal\u012bbvalstu gaisa telpas aizsardz\u012bbai.<\/p>\n<p class=\"tv3-fw-500\">Zi\u0146o par k\u013c\u016bdu rakst\u0101<\/p>\n<p class=\"d-md-block d-none\">Iez\u012bm\u0113 k\u013c\u016bdaino tekstu un spied Ctrl+Enter.<\/p>\n<p class=\"d-md-none d-block\">Iez\u012bm\u0113 k\u013c\u016bdaino tekstu un zi\u0146o par to!<\/p>\n","protected":false},"excerpt":{"rendered":"\u201cAtbilsto\u0161i sp\u0113k\u0101 eso\u0161aj\u0101m proced\u016br\u0101m Polijas Bru\u0146oto sp\u0113ku operat\u012bvais komandieris aktiviz\u0113ja visus vi\u0146a r\u012bc\u012bb\u0101 eso\u0161os sp\u0113kus un resursus\u201d. Gais\u0101&hellip;\n","protected":false},"author":2,"featured_media":35476,"comment_status":"","ping_status":"","sticky":false,"template":"","format":"standard","meta":{"footnotes":""},"categories":[5],"tags":[23,28,29,32,33,22,30,31,35,39,38,36,37,34,40,10426,20,26,27,24,25,21],"class_list":{"0":"post-35475","1":"post","2":"type-post","3":"status-publish","4":"format-standard","5":"has-post-thumbnail","7":"category-aktualitates","8":"tag-aktualitates","9":"tag-breaking-news","10":"tag-breakingnews","11":"tag-featured-news","12":"tag-featurednews","13":"tag-headlines","14":"tag-latest-news","15":"tag-latestnews","16":"tag-latvia","17":"tag-latvian","18":"tag-latviesu","19":"tag-latviesu-valoda","20":"tag-latviesuvaloda","21":"tag-latvija","22":"tag-lv","23":"tag-natopolijaukraina","24":"tag-news","25":"tag-popularakas-zinas","26":"tag-popularakaszinas","27":"tag-top-stories","28":"tag-topstories","29":"tag-zinas"},"share_on_mastodon":{"url":"https:\/\/pubeurope.com\/@lv\/115464213850602452","error":""},"_links":{"self":[{"href":"https:\/\/www.europesays.com\/lv\/wp-json\/wp\/v2\/posts\/35475","targetHints":{"allow":["GET"]}}],"collection":[{"href":"https:\/\/www.europesays.com\/lv\/wp-json\/wp\/v2\/posts"}],"about":[{"href":"https:\/\/www.europesays.com\/lv\/wp-json\/wp\/v2\/types\/post"}],"author":[{"embeddable":true,"href":"https:\/\/www.europesays.com\/lv\/wp-json\/wp\/v2\/users\/2"}],"replies":[{"embeddable":true,"href":"https:\/\/www.europesays.com\/lv\/wp-json\/wp\/v2\/comments?post=35475"}],"version-history":[{"count":0,"href":"https:\/\/www.europesays.com\/lv\/wp-json\/wp\/v2\/posts\/35475\/revisions"}],"wp:featuredmedia":[{"embeddable":true,"href":"https:\/\/www.europesays.com\/lv\/wp-json\/wp\/v2\/media\/35476"}],"wp:attachment":[{"href":"https:\/\/www.europesays.com\/lv\/wp-json\/wp\/v2\/media?parent=35475"}],"wp:term":[{"taxonomy":"category","embeddable":true,"href":"https:\/\/www.europesays.com\/lv\/wp-json\/wp\/v2\/categories?post=35475"},{"taxonomy":"post_tag","embeddable":true,"href":"https:\/\/www.europesays.com\/lv\/wp-json\/wp\/v2\/tags?post=35475"}],"curies":[{"name":"wp","href":"https:\/\/api.w.org\/{rel}","templated":true}]}}