{"id":35483,"date":"2025-10-30T17:17:11","date_gmt":"2025-10-30T17:17:11","guid":{"rendered":"https:\/\/www.europesays.com\/lv\/35483\/"},"modified":"2025-10-30T17:17:11","modified_gmt":"2025-10-30T17:17:11","slug":"adazu-baze-ieliks-pamatakmeni-kaujas-transportlidzeklu-tehnisko-apkopju-un-remonta-centram","status":"publish","type":"post","link":"https:\/\/www.europesays.com\/lv\/35483\/","title":{"rendered":"\u0100da\u017eu b\u0101z\u0113 ieliks pamatakmeni kaujas transportl\u012bdzek\u013cu tehnisko apkopju un remonta centram"},"content":{"rendered":"<p>Kaujas transportl\u012bdzek\u013cu tehnisko apkopju un remonta centra plat\u012bba p\u0101rsniegs 17 000 kvadr\u0101tmetru, taj\u0101 tiks nodro\u0161in\u0101ta pilnv\u0113rt\u012bga apkope un remonts gan Kan\u0101das, gan NATO kaujas tehnikai, tostarp \u201cLeopard 2\u201d kaujas tankiem. Centr\u0101 b\u016bs iesp\u0113jams veikt sare\u017e\u0123\u012bt\u0101kus remonta un apkopes darbus, ko nav iesp\u0113jas veikt kaujas lauk\u0101. Pateicoties parka kapacit\u0101tei, rezerves da\u013cu pieejam\u012bbai un specializ\u0113t\u0101m remonta zon\u0101m, centrs b\u016btiski uzlabos NATO daudznacion\u0101l\u0101s brig\u0101des Latvij\u0101 un Nacion\u0101lo bru\u0146oto sp\u0113ku kaujas gatav\u012bbu un notur\u012bbu. Kaujas transportl\u012bdzek\u013cu tehnisko apkopju un remonta centra b\u016bvniec\u012bba uzs\u0101kta 2025. gada august\u0101, veicot vietas sagatavo\u0161anu un pamatu izb\u016bvi. B\u016bvniec\u012bbu pl\u0101nots pabeigt l\u012bdz 2027. gada decembrim.<\/p>\n","protected":false},"excerpt":{"rendered":"Kaujas transportl\u012bdzek\u013cu tehnisko apkopju un remonta centra plat\u012bba p\u0101rsniegs 17 000 kvadr\u0101tmetru, taj\u0101 tiks nodro\u0161in\u0101ta pilnv\u0113rt\u012bga apkope un&hellip;\n","protected":false},"author":2,"featured_media":35484,"comment_status":"","ping_status":"","sticky":false,"template":"","format":"standard","meta":{"footnotes":""},"categories":[12],"tags":[23,28,29,32,33,22,30,31,35,39,38,36,37,34,40,20,26,27,24,25,21],"class_list":{"0":"post-35483","1":"post","2":"type-post","3":"status-publish","4":"format-standard","5":"has-post-thumbnail","7":"category-latvija","8":"tag-aktualitates","9":"tag-breaking-news","10":"tag-breakingnews","11":"tag-featured-news","12":"tag-featurednews","13":"tag-headlines","14":"tag-latest-news","15":"tag-latestnews","16":"tag-latvia","17":"tag-latvian","18":"tag-latviesu","19":"tag-latviesu-valoda","20":"tag-latviesuvaloda","21":"tag-latvija","22":"tag-lv","23":"tag-news","24":"tag-popularakas-zinas","25":"tag-popularakaszinas","26":"tag-top-stories","27":"tag-topstories","28":"tag-zinas"},"share_on_mastodon":{"url":"https:\/\/pubeurope.com\/@lv\/115464257042517785","error":""},"_links":{"self":[{"href":"https:\/\/www.europesays.com\/lv\/wp-json\/wp\/v2\/posts\/35483","targetHints":{"allow":["GET"]}}],"collection":[{"href":"https:\/\/www.europesays.com\/lv\/wp-json\/wp\/v2\/posts"}],"about":[{"href":"https:\/\/www.europesays.com\/lv\/wp-json\/wp\/v2\/types\/post"}],"author":[{"embeddable":true,"href":"https:\/\/www.europesays.com\/lv\/wp-json\/wp\/v2\/users\/2"}],"replies":[{"embeddable":true,"href":"https:\/\/www.europesays.com\/lv\/wp-json\/wp\/v2\/comments?post=35483"}],"version-history":[{"count":0,"href":"https:\/\/www.europesays.com\/lv\/wp-json\/wp\/v2\/posts\/35483\/revisions"}],"wp:featuredmedia":[{"embeddable":true,"href":"https:\/\/www.europesays.com\/lv\/wp-json\/wp\/v2\/media\/35484"}],"wp:attachment":[{"href":"https:\/\/www.europesays.com\/lv\/wp-json\/wp\/v2\/media?parent=35483"}],"wp:term":[{"taxonomy":"category","embeddable":true,"href":"https:\/\/www.europesays.com\/lv\/wp-json\/wp\/v2\/categories?post=35483"},{"taxonomy":"post_tag","embeddable":true,"href":"https:\/\/www.europesays.com\/lv\/wp-json\/wp\/v2\/tags?post=35483"}],"curies":[{"name":"wp","href":"https:\/\/api.w.org\/{rel}","templated":true}]}}