{"id":35491,"date":"2025-10-30T17:34:09","date_gmt":"2025-10-30T17:34:09","guid":{"rendered":"https:\/\/www.europesays.com\/lv\/35491\/"},"modified":"2025-10-30T17:34:09","modified_gmt":"2025-10-30T17:34:09","slug":"erdogans-un-mercs-preses-konference-sastridas-par-karu-gazas-josla","status":"publish","type":"post","link":"https:\/\/www.europesays.com\/lv\/35491\/","title":{"rendered":"Erdogans un Mercs preses konferenc\u0113 sastr\u012bdas par karu Gazas josl\u0101"},"content":{"rendered":"<p>Mercs apliecin\u0101ja V\u0101cijas atbalstu Izra\u0113lai, kam\u0113r Erdogans aps\u016bdz\u0113ja Izra\u0113lu genoc\u012bd\u0101.<\/p>\n<p>Erdogans nor\u0101d\u012bja, ka <a href=\"https:\/\/www.apollo.lv\/term\/555449\/izraela\" class=\"topicLink\" target=\"_blank\" rel=\"nofollow noopener\">Izra\u0113la<\/a> \u0161oned\u0113\u013c veica gaisa triecienus Gazas josl\u0101, p\u0101rk\u0101pjot Izra\u0113las un palest\u012bnie\u0161u teroristu grup\u0113juma &#8220;Ham\u0101s&#8221; vieno\u0161anos par pamieru, kas tika nosl\u0113gta 10. oktobr\u012b. Tre\u0161dien Izra\u0113la pazi\u0146oja par pamiera atjauno\u0161anu.<\/p>\n<p>&#8220;Vi\u0146i ne tikai uzbr\u016bk Gazai, bet vienm\u0113r biju\u0161i ap\u0146\u0113m\u012bbas pilni pak\u013caut Gazu caur badu un genoc\u012bdu, un tas joproj\u0101m turpin\u0101s,&#8221; pazi\u0146oja Erdogans p\u0113c tam, kad Mercs turku \u017eurn\u0101listiem nor\u0101d\u012bja, ka Izra\u0113la k\u013cuva par patv\u0113ruma vietu miljoniem ebreju, tostarp daudziem, kas p\u0101rdz\u012bvoja holokaustu. &#8220;T\u0101p\u0113c V\u0101cija vienm\u0113r stingri st\u0101v\u0113s Izra\u0113las pus\u0113,&#8221; uzsv\u0113ra kanclers.<\/p>\n<p>Mercs piebilda, ka Izra\u0113la p\u0113c 2023. gada 7. oktobra &#8220;Ham\u0101s&#8221; uzbrukuma izmantoja savas ties\u012bbas uz pa\u0161aizsardz\u012bbu, un nor\u0101d\u012bja, ka no posto\u0161\u0101 kara b\u016btu bijis iesp\u0113jams izvair\u012bties, ja &#8220;Ham\u0101s&#8221; b\u016btu atbr\u012bvojis \u0137\u012blniekus agr\u0101k un nolicis iero\u010dus. &#8220;Tad \u0161is kar\u0161 b\u016btu nekav\u0113joties beidzies,&#8221; vi\u0146\u0161 piebilda.<\/p>\n<p>Erdogans pazi\u0146oja, ka nepiekr\u012bt Mercam. Vi\u0146\u0161 nor\u0101d\u012bja, ka &#8220;Ham\u0101s&#8221; r\u012bc\u012bb\u0101 nav kodoliero\u010du vai smago iero\u010du, kam\u0113r Izra\u0113lai ir \u0161\u0101ds arsen\u0101ls, un t\u0101 v\u0113lreiz bombard\u0113ja Gazas joslu, neskatoties uz pamieru.<\/p>\n","protected":false},"excerpt":{"rendered":"Mercs apliecin\u0101ja V\u0101cijas atbalstu Izra\u0113lai, kam\u0113r Erdogans aps\u016bdz\u0113ja Izra\u0113lu genoc\u012bd\u0101. Erdogans nor\u0101d\u012bja, ka Izra\u0113la \u0161oned\u0113\u013c veica gaisa triecienus&hellip;\n","protected":false},"author":2,"featured_media":35492,"comment_status":"","ping_status":"","sticky":false,"template":"","format":"standard","meta":{"footnotes":""},"categories":[14],"tags":[23,57,28,29,32,33,5154,2404,1274,22,493,503,30,31,35,39,38,36,37,34,40,20,26,27,2381,24,25,2380,54,55,56,21,58],"class_list":{"0":"post-35491","1":"post","2":"type-post","3":"status-publish","4":"format-standard","5":"has-post-thumbnail","7":"category-zinas-no-arvalstim","8":"tag-aktualitates","9":"tag-arvalstim","10":"tag-breaking-news","11":"tag-breakingnews","12":"tag-featured-news","13":"tag-featurednews","14":"tag-fridrihs-mercs","15":"tag-gaza","16":"tag-gazas-josla","17":"tag-headlines","18":"tag-izraela","19":"tag-izraelas-palestiniesu-konflikts","20":"tag-latest-news","21":"tag-latestnews","22":"tag-latvia","23":"tag-latvian","24":"tag-latviesu","25":"tag-latviesu-valoda","26":"tag-latviesuvaloda","27":"tag-latvija","28":"tag-lv","29":"tag-news","30":"tag-popularakas-zinas","31":"tag-popularakaszinas","32":"tag-redzeps-tajips-erdogans","33":"tag-top-stories","34":"tag-topstories","35":"tag-turcija","36":"tag-world","37":"tag-world-news","38":"tag-worldnews","39":"tag-zinas","40":"tag-zinas-no-arvalstim"},"share_on_mastodon":{"url":"","error":"Validation failed: Text character limit of 500 exceeded"},"_links":{"self":[{"href":"https:\/\/www.europesays.com\/lv\/wp-json\/wp\/v2\/posts\/35491","targetHints":{"allow":["GET"]}}],"collection":[{"href":"https:\/\/www.europesays.com\/lv\/wp-json\/wp\/v2\/posts"}],"about":[{"href":"https:\/\/www.europesays.com\/lv\/wp-json\/wp\/v2\/types\/post"}],"author":[{"embeddable":true,"href":"https:\/\/www.europesays.com\/lv\/wp-json\/wp\/v2\/users\/2"}],"replies":[{"embeddable":true,"href":"https:\/\/www.europesays.com\/lv\/wp-json\/wp\/v2\/comments?post=35491"}],"version-history":[{"count":0,"href":"https:\/\/www.europesays.com\/lv\/wp-json\/wp\/v2\/posts\/35491\/revisions"}],"wp:featuredmedia":[{"embeddable":true,"href":"https:\/\/www.europesays.com\/lv\/wp-json\/wp\/v2\/media\/35492"}],"wp:attachment":[{"href":"https:\/\/www.europesays.com\/lv\/wp-json\/wp\/v2\/media?parent=35491"}],"wp:term":[{"taxonomy":"category","embeddable":true,"href":"https:\/\/www.europesays.com\/lv\/wp-json\/wp\/v2\/categories?post=35491"},{"taxonomy":"post_tag","embeddable":true,"href":"https:\/\/www.europesays.com\/lv\/wp-json\/wp\/v2\/tags?post=35491"}],"curies":[{"name":"wp","href":"https:\/\/api.w.org\/{rel}","templated":true}]}}