{"id":35505,"date":"2025-10-30T17:52:16","date_gmt":"2025-10-30T17:52:16","guid":{"rendered":"https:\/\/www.europesays.com\/lv\/35505\/"},"modified":"2025-10-30T17:52:16","modified_gmt":"2025-10-30T17:52:16","slug":"saeima-pazinojuma-atkartoti-uzsver-nepieciesamibu-sniegt-visu-nepieciesamo-atbalstu-ukrainai","status":"publish","type":"post","link":"https:\/\/www.europesays.com\/lv\/35505\/","title":{"rendered":"Saeima pazi\u0146ojum\u0101 atk\u0101rtoti uzsver nepiecie\u0161am\u012bbu sniegt visu nepiecie\u0161amo atbalstu Ukrainai"},"content":{"rendered":"<p>\t\t\t(30.10.2025.)\n\t\t<\/p>\n<p>\t\t\t\t\t<img decoding=\"async\" src=\"https:\/\/www.europesays.com\/lv\/wp-content\/uploads\/2025\/10\/F9xLO3.jpg\" alt=\"\"\/>\t\t\t\t<\/p>\n<p>Saeima atk\u0101rtoti uzsver Latvijas nemain\u012bgo atbalstu Ukrainas integr\u0101cijai Eiropas Savien\u012bb\u0101 un NATO, Ukrainas pieder\u012bbu Eiropas demokr\u0101tisko valstu saimei un atzin\u012bgi v\u0113rt\u0113 Ukrainas \u012bstenot\u0101s reformas un progresu, ko t\u0101 pan\u0101kusi, turpinot c\u012b\u0146u pret Krievijas milit\u0101ro agresiju, un atk\u0101rtoti aicina izmantot visas iesp\u0113jas atbalst\u012bt Ukrainu t\u0101s c\u012b\u0146\u0101 par savas valsts un visas Eiropas dro\u0161\u012bbu, pausts ceturtdien, 30.oktobr\u012b, parlamenta pie\u0146emtaj\u0101 <a href=\"https:\/\/titania.saeima.lv\/LIVS14\/saeimalivs_lmp.nsf\/webSasaiste?OpenView&amp;restricttocategory=848\/Lm14\" target=\"_blank\" rel=\"nofollow noopener\">pazi\u0146ojum\u0101<\/a>.\u00a0<\/p>\n<p>Parlament\u0101rie\u0161i mudina Eiropas Komisiju un Eiropas Savien\u012bbas Padomi bez kav\u0113\u0161an\u0101s uzs\u0101kt sarunu atv\u0113r\u0161anu ar Ukrainu un Moldovu par pievieno\u0161anos Eiropas Savien\u012bbai, t\u0101d\u0113j\u0101di atzin\u012bgi nov\u0113rt\u0113jot progresu, ko Ukraina guvusi par sp\u012bti Krievijas \u012bstenotajam agresijas karam. Pazi\u0146ojum\u0101 Saeima apliecina, ka Latvija ir gatava sniegt Ukrainai nepiecie\u0161amo atbalstu reformu \u012bsteno\u0161an\u0101 un ce\u013c\u0101 uz pilnties\u012bgu dal\u012bbu Eiropas Savien\u012bb\u0101.\u00a0<\/p>\n<p>T\u0101pat deput\u0101ti aicina Eiropas Savien\u012bbas dal\u012bbvalstis pan\u0101kt vieno\u0161anos par imobiliz\u0113to Krievijas Centr\u0101l\u0101s bankas akt\u012bvu pilnv\u0113rt\u012bgu izmanto\u0161anu Ukrainas atbalstam, tai skait\u0101 milit\u0101raj\u0101 un rekonstrukcijas jom\u0101.\u00a0<\/p>\n<p>Parlament\u0101rie\u0161i uzsver sankciju noz\u012bmi, kas ierobe\u017eo Krievijas piek\u013cuvi resursiem un tehnolo\u0123ij\u0101m, un atzin\u012bgi nov\u0113rt\u0113 Eiropadomes 23.oktobra san\u0101ksm\u0113 pan\u0101kto vieno\u0161anos par Eiropas Savien\u012bbas sankciju 19.k\u0101rtu, kas v\u0113rsta pret Krievijas ener\u0123\u0113tikas, finan\u0161u pakalpojumu un milit\u0101ri r\u016bpniecisk\u0101 sektora uz\u0146\u0113mumiem, paredz piln\u012bgu Krievijas sa\u0161\u0137idrin\u0101t\u0101s dabasg\u0101zes importa aizliegumu un t\u0101s \u0113nu flotes turpm\u0101ku ierobe\u017eo\u0161anu.\u00a0<\/p>\n<p>Vienlaikus deput\u0101ti pazi\u0146ojum\u0101 aicina Eiropas Komisiju un Eiropas Savien\u012bbas dal\u012bbvalstis v\u0113l vair\u0101k stiprin\u0101t sankcijas pret Krieviju, izstr\u0101d\u0101jot jaunus priek\u0161likumus par to, k\u0101 ierobe\u017eot t\u0101s energoresursu tirdzniec\u012bbu, tai skait\u0101 v\u0113r\u0161oties pret \u0113nu floti. T\u0101pat parlament\u0101rie\u0161i aicina izstr\u0101d\u0101t priek\u0161likumus Krievijas finan\u0161u sektora v\u0101jin\u0101\u0161anai, liegumam piek\u013c\u016bt Eirop\u0101 rad\u012bt\u0101m tehnolo\u0123ij\u0101m un pakalpojumiem un nov\u0113rst sankciju apie\u0161anas iesp\u0113jas.\u00a0<\/p>\n<p>Pazi\u0146ojum\u0101 Saeima aicina partnerus bez kav\u0113\u0161an\u0101s sniegt Ukrainai visu nepiecie\u0161amo milit\u0101ro atbalstu, tai skait\u0101 nodro\u0161in\u0101t efekt\u012bvu pretgaisa aizsardz\u012bbu un t\u0101l\u0101s darb\u012bbas iero\u010dus, un \u013caut Ukrainai \u0161os iero\u010dus izmantot t\u0101d\u0101 veid\u0101, k\u0101du t\u0101 uzskata par nepiecie\u0161amu pa\u0161aizsardz\u012bbai, tostarp izmantot bez ierobe\u017eojumiem ar\u012b pret Krievijas teritorij\u0101 eso\u0161iem le\u0123it\u012bmiem m\u0113r\u0137iem.\u00a0<\/p>\n<p>Saeima apliecina Latvijas gatav\u012bbu kop\u0101 ar Ukrainu un citiem partneriem nodro\u0161in\u0101t dro\u0161u m\u0101jupce\u013cu tiem ukrai\u0146iem, kuri atgrie\u017eas dzimten\u0113, \u012bpa\u0161i deport\u0113tajiem b\u0113rniem, un aicina partnerus iedz\u012bvin\u0101t pieeju \u201cmiers caur sp\u0113ku\u201d taisn\u012bga un ilgsto\u0161a miera pan\u0101k\u0161anai Ukrain\u0101, teikts dokument\u0101.<\/p>\n<p>\u00a0<\/p>\n<p>Saeimas Preses dienests<\/p>\n","protected":false},"excerpt":{"rendered":"(30.10.2025.) Saeima atk\u0101rtoti uzsver Latvijas nemain\u012bgo atbalstu Ukrainas integr\u0101cijai Eiropas Savien\u012bb\u0101 un NATO, Ukrainas pieder\u012bbu Eiropas demokr\u0101tisko valstu&hellip;\n","protected":false},"author":2,"featured_media":35506,"comment_status":"","ping_status":"","sticky":false,"template":"","format":"standard","meta":{"footnotes":""},"categories":[14],"tags":[23,57,28,29,32,33,22,30,31,35,39,38,36,37,34,40,20,26,27,24,25,54,55,56,21,58],"class_list":{"0":"post-35505","1":"post","2":"type-post","3":"status-publish","4":"format-standard","5":"has-post-thumbnail","7":"category-zinas-no-arvalstim","8":"tag-aktualitates","9":"tag-arvalstim","10":"tag-breaking-news","11":"tag-breakingnews","12":"tag-featured-news","13":"tag-featurednews","14":"tag-headlines","15":"tag-latest-news","16":"tag-latestnews","17":"tag-latvia","18":"tag-latvian","19":"tag-latviesu","20":"tag-latviesu-valoda","21":"tag-latviesuvaloda","22":"tag-latvija","23":"tag-lv","24":"tag-news","25":"tag-popularakas-zinas","26":"tag-popularakaszinas","27":"tag-top-stories","28":"tag-topstories","29":"tag-world","30":"tag-world-news","31":"tag-worldnews","32":"tag-zinas","33":"tag-zinas-no-arvalstim"},"share_on_mastodon":{"url":"https:\/\/pubeurope.com\/@lv\/115464394746781633","error":""},"_links":{"self":[{"href":"https:\/\/www.europesays.com\/lv\/wp-json\/wp\/v2\/posts\/35505","targetHints":{"allow":["GET"]}}],"collection":[{"href":"https:\/\/www.europesays.com\/lv\/wp-json\/wp\/v2\/posts"}],"about":[{"href":"https:\/\/www.europesays.com\/lv\/wp-json\/wp\/v2\/types\/post"}],"author":[{"embeddable":true,"href":"https:\/\/www.europesays.com\/lv\/wp-json\/wp\/v2\/users\/2"}],"replies":[{"embeddable":true,"href":"https:\/\/www.europesays.com\/lv\/wp-json\/wp\/v2\/comments?post=35505"}],"version-history":[{"count":0,"href":"https:\/\/www.europesays.com\/lv\/wp-json\/wp\/v2\/posts\/35505\/revisions"}],"wp:featuredmedia":[{"embeddable":true,"href":"https:\/\/www.europesays.com\/lv\/wp-json\/wp\/v2\/media\/35506"}],"wp:attachment":[{"href":"https:\/\/www.europesays.com\/lv\/wp-json\/wp\/v2\/media?parent=35505"}],"wp:term":[{"taxonomy":"category","embeddable":true,"href":"https:\/\/www.europesays.com\/lv\/wp-json\/wp\/v2\/categories?post=35505"},{"taxonomy":"post_tag","embeddable":true,"href":"https:\/\/www.europesays.com\/lv\/wp-json\/wp\/v2\/tags?post=35505"}],"curies":[{"name":"wp","href":"https:\/\/api.w.org\/{rel}","templated":true}]}}