{"id":35590,"date":"2025-10-30T20:16:22","date_gmt":"2025-10-30T20:16:22","guid":{"rendered":"https:\/\/www.europesays.com\/lv\/35590\/"},"modified":"2025-10-30T20:16:22","modified_gmt":"2025-10-30T20:16:22","slug":"tramps-uzsak-kodolierocu-izmeginajumus-reagejot-uz-krievijas-un-kinas-attistibu","status":"publish","type":"post","link":"https:\/\/www.europesays.com\/lv\/35590\/","title":{"rendered":"Tramps uzs\u0101k kodoliero\u010du izm\u0113\u0123in\u0101jumus, rea\u0123\u0113jot uz Krievijas un \u0136\u012bnas att\u012bst\u012bbu"},"content":{"rendered":"<p>Krievijas diktators Vladimirs Putins tre\u0161dien bija pazi\u0146ojis, ka Maskava ir veiksm\u012bgi izm\u0113\u0123in\u0101jusi kodolsp\u0113j\u012bgu, ar kodolener\u0123iju darbin\u0101mu zem\u016bdens dronu, neraugoties uz Va\u0161ingtonas br\u012bdin\u0101jumiem. &#8220;Citu valstu izm\u0113\u0123in\u0101jumu programmu d\u0113\u013c es esmu instru\u0113jis Kara ministriju s\u0101kt m\u016bsu kodoliero\u010du izm\u0113\u0123in\u0101\u0161anu uz vienl\u012bdz\u012bbas pamatiem,&#8221; Tramps rakst\u012bja soci\u0101lo mediju platform\u0101 &#8220;Truth Social&#8221;, konkr\u0113ti atsaucoties uz Krieviju un \u0136\u012bnu.<\/p>\n","protected":false},"excerpt":{"rendered":"Krievijas diktators Vladimirs Putins tre\u0161dien bija pazi\u0146ojis, ka Maskava ir veiksm\u012bgi izm\u0113\u0123in\u0101jusi kodolsp\u0113j\u012bgu, ar kodolener\u0123iju darbin\u0101mu zem\u016bdens dronu,&hellip;\n","protected":false},"author":2,"featured_media":35591,"comment_status":"","ping_status":"","sticky":false,"template":"","format":"standard","meta":{"footnotes":""},"categories":[14],"tags":[23,57,28,29,32,33,22,30,31,35,39,38,36,37,34,40,20,26,27,24,25,54,55,56,21,58],"class_list":{"0":"post-35590","1":"post","2":"type-post","3":"status-publish","4":"format-standard","5":"has-post-thumbnail","7":"category-zinas-no-arvalstim","8":"tag-aktualitates","9":"tag-arvalstim","10":"tag-breaking-news","11":"tag-breakingnews","12":"tag-featured-news","13":"tag-featurednews","14":"tag-headlines","15":"tag-latest-news","16":"tag-latestnews","17":"tag-latvia","18":"tag-latvian","19":"tag-latviesu","20":"tag-latviesu-valoda","21":"tag-latviesuvaloda","22":"tag-latvija","23":"tag-lv","24":"tag-news","25":"tag-popularakas-zinas","26":"tag-popularakaszinas","27":"tag-top-stories","28":"tag-topstories","29":"tag-world","30":"tag-world-news","31":"tag-worldnews","32":"tag-zinas","33":"tag-zinas-no-arvalstim"},"share_on_mastodon":{"url":"https:\/\/pubeurope.com\/@lv\/115464960952763523","error":""},"_links":{"self":[{"href":"https:\/\/www.europesays.com\/lv\/wp-json\/wp\/v2\/posts\/35590","targetHints":{"allow":["GET"]}}],"collection":[{"href":"https:\/\/www.europesays.com\/lv\/wp-json\/wp\/v2\/posts"}],"about":[{"href":"https:\/\/www.europesays.com\/lv\/wp-json\/wp\/v2\/types\/post"}],"author":[{"embeddable":true,"href":"https:\/\/www.europesays.com\/lv\/wp-json\/wp\/v2\/users\/2"}],"replies":[{"embeddable":true,"href":"https:\/\/www.europesays.com\/lv\/wp-json\/wp\/v2\/comments?post=35590"}],"version-history":[{"count":0,"href":"https:\/\/www.europesays.com\/lv\/wp-json\/wp\/v2\/posts\/35590\/revisions"}],"wp:featuredmedia":[{"embeddable":true,"href":"https:\/\/www.europesays.com\/lv\/wp-json\/wp\/v2\/media\/35591"}],"wp:attachment":[{"href":"https:\/\/www.europesays.com\/lv\/wp-json\/wp\/v2\/media?parent=35590"}],"wp:term":[{"taxonomy":"category","embeddable":true,"href":"https:\/\/www.europesays.com\/lv\/wp-json\/wp\/v2\/categories?post=35590"},{"taxonomy":"post_tag","embeddable":true,"href":"https:\/\/www.europesays.com\/lv\/wp-json\/wp\/v2\/tags?post=35590"}],"curies":[{"name":"wp","href":"https:\/\/api.w.org\/{rel}","templated":true}]}}