{"id":35613,"date":"2025-10-30T21:16:14","date_gmt":"2025-10-30T21:16:14","guid":{"rendered":"https:\/\/www.europesays.com\/lv\/35613\/"},"modified":"2025-10-30T21:16:14","modified_gmt":"2025-10-30T21:16:14","slug":"niderlande-pec-parlamenta-velesanam-liberali-cer-uz-premjera-amatu","status":"publish","type":"post","link":"https:\/\/www.europesays.com\/lv\/35613\/","title":{"rendered":"N\u012bderland\u0113 p\u0113c parlamenta v\u0113l\u0113\u0161an\u0101m liber\u0101\u013ci cer uz premjera amatu"},"content":{"rendered":"<p class=\"lead\">\n                                N\u012bderland\u0113 tre\u0161dien notiku\u0161aj\u0101s parlamenta v\u0113l\u0113\u0161an\u0101s lab\u0101kos rezult\u0101tus uzr\u0101d\u012bjusi liber\u0101l\u0101 partija &#8220;Demokr\u0101ti 66&#8221; (&#8220;D66&#8221;) un G\u0113rta Vildersa vad\u012bt\u0101 lab\u0113ji populistisk\u0101 Br\u012bv\u012bbas partija (PVV).\n                            <\/p>\n<p>P\u0113c gandr\u012bz visu balsu saskait\u012b\u0161anas zin\u0101ms, ka abi \u0161ie politiskie sp\u0113ki ieguvu\u0161i pa 26 viet\u0101m N\u012bderlandes parlament\u0101, kur\u0101 kop\u0101 ir 150 deput\u0101ti. Par \u0161\u0101diem rezult\u0101tiem zi\u0146ojusi viet\u0113j\u0101 a\u0123ent\u016bra ANP. Lai ar\u012b gal\u012bgais vietu sadal\u012bjums v\u0113l var main\u012bties, jau tagad var teikt, ka liber\u0101lie sp\u0113ki ir nostart\u0113ju\u0161i negaid\u012bti sekm\u012bgi, bet PVV rezult\u0101ts ir krietni v\u0101j\u0101ks nek\u0101 iepriek\u0161\u0113j\u0101s parlamenta v\u0113l\u0113\u0161an\u0101s 2023. gada novembr\u012b, kad Vildersa vad\u012bt\u0101 partija ierindoj\u0101s pirmaj\u0101 viet\u0101 ar 37 deput\u0101tu mand\u0101tiem.<\/p>\n<p>Liber\u0101\u013cu izvirz\u012b\u0161an\u0101s<\/p>\n<p>P\u0113c 2023. gada parlamenta v\u0113l\u0113\u0161an\u0101m N\u012bderland\u0113 tika izveidota konservat\u012bvo sp\u0113ku koal\u012bcija, kur\u0101 piedal\u012bj\u0101s ar\u012b Br\u012bv\u012bbas partija, tom\u0113r koal\u012bcijas partneri blo\u0137\u0113ja Vildersa centienus ie\u0146emt premjera amatu. Sarunas par vald\u012bbas izveido\u0161anu ilga septi\u0146us m\u0113ne\u0161us, un beig\u0101s to dal\u012bbniekiem izdev\u0101s vienoties par biju\u0161o izl\u016bkdienesta vad\u012bt\u0101ju Diku Shofu k\u0101 kompromisa fig\u016bru. Koal\u012bcija tom\u0113r sabruka jau p\u0113c 11 m\u0113ne\u0161iem, kad to atst\u0101ja Br\u012bv\u012bbas partija, nesp\u0113jot rast kop\u012bgu valodu ar partneriem imigr\u0101cijas ierobe\u017eo\u0161anas jaut\u0101jum\u0101. P\u0113c \u0161iem notikumiem n\u0101c\u0101s r\u012bkot pirmstermi\u0146a v\u0113l\u0113\u0161anas. To rezult\u0101t\u0101 par liel\u0101ko uzvar\u0113t\u0101ju uzskat\u0101ma liber\u0101l\u0101 &#8220;D66&#8221;, kuras ieg\u016bt\u0101s 26 vietas ir 1966. gad\u0101 dibin\u0101t\u0101s partijas visu laiku lab\u0101kais sniegums parlamenta v\u0113l\u0113\u0161an\u0101s. V\u0113l pirms diviem gadiem t\u0101 ieguva devi\u0146as vietas N\u012bderlandes parlamenta apak\u0161nam\u0101. Dom\u0101jams, ka &#8220;D66&#8221; b\u016bs noteico\u0161\u0101 loma jaun\u0101s vald\u012bbas veido\u0161an\u0101. Partijas l\u012bderis Robs Jetens v\u0113l\u0113\u0161anu nakt\u012b tom\u0113r uzsv\u0113ra, ka v\u0113l\u0113\u0161anu uzvar\u0113t\u0101jam pirmo reizi ir tik mazs izc\u012bn\u012bto vietu skaits, t\u0101p\u0113c b\u016bs svar\u012bgi izveidot koal\u012bciju, kas p\u0101rst\u0101v\u0113tu &#8220;pla\u0161u politisko centru&#8221;. K\u0101 iesp\u0113jamos koal\u012bcijas partnerus vi\u0146\u0161 nosaucis krist\u012bgos demokr\u0101tus (izc\u012bn\u012btas 18 vietas), Darba partijas un &#8220;Za\u013co kreiso&#8221; apvien\u012bbu (20 vietas), k\u0101 ar\u012b centriski lab\u0113jo Tautas partiju br\u012bv\u012bbai un demokr\u0101tijai (22 vietas), kuru p\u0101rst\u0101v\u0113jis 14 gadus N\u012bderlandes vald\u012bbu vad\u012bju\u0161ais Marks Rite, kur\u0161 pa\u0161laik ir NATO \u0123ener\u0101lsekret\u0101rs. Ja 38 gadus vecajam Jetenam izdosies izveidot vald\u012bbu, vi\u0146\u0161 k\u013c\u016bs par N\u012bderlandes m\u016bsdienu v\u0113stur\u0113 jaun\u0101ko vald\u012bbas vad\u012bt\u0101ju un ar\u012b par pirmo, kur\u0161 atkl\u0101ti atzinis savu homoseksualit\u0101ti. Jetens Rutes ceturtaj\u0101 kabinet\u0101 ie\u0146\u0113ma vicepremjera, k\u0101 ar\u012b klimata un ener\u0123\u0113tikas ministra amatus, bet pa\u0161laik vi\u0146\u0161 ir opoz\u012bcij\u0101 eso\u0161o &#8220;D66&#8221; parlamenta frakcijas vad\u012bt\u0101js. N\u012bderlandes pils\u0113t\u0101 Leiden\u0113 v\u0113l\u0113\u0161anu nakt\u012b uzrun\u0101jot atbalst\u012bt\u0101jus, liber\u0101\u013cu l\u012bderis uzsv\u0113ra, ka populistisko sp\u0113ku uzvaras g\u0101jiens nav neapturams.\u00a0<\/p>\n<blockquote>\n<p>&#8220;M\u0113s esam par\u0101d\u012bju\u0161i ne tikai N\u012bderlandei, bet ar\u012b visai pasaulei, ka populistu un lab\u0113jo ekstr\u0113mistu kust\u012bbas ir iesp\u0113jams pieveikt,&#8221;\u00a0<\/p>\n<\/blockquote>\n<p>pazi\u0146oja Jetens. Apskatnieki nor\u0101da, ka Jetens pirms v\u0113l\u0113\u0161an\u0101m gandr\u012bz nep\u0101rtraukti ir bijis redzams telev\u012bzij\u0101 un sniedzis intervijas, kas \u013c\u0101vis audz\u0113t liber\u0101\u013cu popularit\u0101ti. Vi\u0146am ar\u012b izdevies p\u0101rvar\u0113t savulaik kriti\u0137u doto iesauku &#8220;Robots Jetens&#8221;, ko vi\u0146\u0161 iemantoja par p\u0101rlieko st\u012bvumu, atbildot uz \u017eurn\u0101listu jaut\u0101jumiem. Liber\u0101\u013cu kampa\u0146a pag\u0101ja zem lozunga &#8220;Tas ir iesp\u0113jams&#8221;, ko apskatnieki saista ar biju\u0161\u0101 ASV prezidenta Baraka Obamas savulaik izmantoto &#8220;J\u0101, m\u0113s varam&#8221;.<\/p>\n<p>Imigr\u0101cija un m\u0101jok\u013cu tr\u016bkums<\/p>\n<p>Pirms v\u0113l\u0113\u0161an\u0101m N\u012bderland\u0113 v\u0113l\u0113t\u0101ji par vienu no noz\u012bm\u012bg\u0101kajiem jaut\u0101jumiem bija nosauku\u0161i nepiecie\u0161am\u012bbu p\u0113c jauniem m\u0101jok\u013ciem. Tiek r\u0113\u0137in\u0101ts, ka pa\u0161laik valst\u012b ar 18 miljoniem iedz\u012bvot\u0101ju ir 400 000 m\u0101jok\u013cu iztr\u016bkums. &#8220;D66&#8221; \u0161o probl\u0113mu sol\u012bju\u0161i risin\u0101t, uzb\u016bv\u0113jot desmit jaunas pils\u0113tas. Uzman\u012bbas centr\u0101 non\u0101kusi ar\u012b nepiecie\u0161am\u012bba ierobe\u017eot imigr\u0101ciju. Tie\u0161i imigr\u0101cijas jaut\u0101juma d\u0113\u013c sabruka iepriek\u0161\u0113j\u0101 koal\u012bcija. Apskatnieki pie\u013cauj, ka Vilderss da\u013cu v\u0113l\u0113t\u0101ju zaud\u0113jis tie\u0161i t\u0101p\u0113c, ka p\u0113c koal\u012bcijas izjuk\u0161anas p\u0101r\u0113j\u0101s vado\u0161\u0101s partijas pazi\u0146oju\u0161as, ka ar lab\u0113jo l\u012bderi vairs nesadarbosies. Vilderss priek\u0161v\u0113l\u0113\u0161anu laik\u0101 aicin\u0101ja aptur\u0113t patv\u0113ruma mekl\u0113t\u0101ju uz\u0146em\u0161anu, bet bru\u0146otos sp\u0113kus izmantot robe\u017eas dro\u0161\u012bbas garant\u0113\u0161anai. V\u0113l\u0113\u0161anu rezult\u0101ti tom\u0113r biju\u0161i v\u0101j\u0101ki, nek\u0101 cer\u0113ts, atzinis Br\u012bv\u012bbas partijas l\u012bderis. Vi\u0146\u0161 tom\u0113r no politikas prom iet negras\u0101s. &#8220;J\u016bs no manis netiksiet va\u013c\u0101, kam\u0113r man neb\u016bs asto\u0146desmit,&#8221; pazi\u0146oja Vilderss, kur\u0161 pa\u0161laik ir se\u0161desmit divus gadus vecs. Par atk\u0101p\u0161anos savuk\u0101rt pazi\u0146ojis Darba partijas un &#8220;Za\u013co kreiso&#8221; apvien\u012bbas vad\u012bt\u0101js Franss Timmermanss, kur\u0161 iepriek\u0161 Eiropas Komisij\u0101 atbild\u0113ja par klimata politiku. N\u012bderlandie\u0161u politikas veter\u0101na vad\u012bb\u0101 kreiso sp\u0113ku apvien\u012bba v\u0113l\u0113\u0161an\u0101s izc\u012bn\u012bja 20 vietas, kas ir maz\u0101k, nek\u0101 tika cer\u0113ts. Timmermanss ac\u012bmredzami pietiekami labi nesp\u0113ja izmantot v\u0113l\u0113t\u0101ju neapmierin\u0101t\u012bbu ar lab\u0113jo partiju varas laik\u0101 radu\u0161os politisko haosu, secina izdevums &#8220;Politico&#8221;. N\u012bderlandes parlaments ierasti ir \u013coti sadrumstalots, jo taj\u0101 iek\u013c\u016bt var ikviena partija, kuru atbalst\u012bju\u0161i 0,67% v\u0113l\u0113t\u0101ju. Jaunaj\u0101 parlamenta sasaukum\u0101 var\u0113tu b\u016bt iek\u013cuvu\u0161i 15 politiskie sp\u0113ki.<\/p>\n<p class=\"paragraph-muted\">Izv\u0113lies savu soct\u012bklu platformu, lai sekotu LASI.LV: <a href=\"https:\/\/www.facebook.com\/portals.lasi.lv\" target=\"_blank\" rel=\"noopener noreferrer nofollow\">Facebook<\/a>, <a href=\"https:\/\/twitter.com\/lasilvportals\" target=\"_blank\" rel=\"noopener noreferrer nofollow\">X<\/a>, <a href=\"https:\/\/bsky.app\/profile\/lasilv.bsky.social\" target=\"_blank\" rel=\"noopener noreferrer nofollow\">Bluesky<\/a>, <a href=\"https:\/\/www.draugiem.lv\/lasilv\/?pg=4\" target=\"_blank\" rel=\"noopener noreferrer nofollow\">Draugiem<\/a> vai ar\u012b <a href=\"https:\/\/www.instagram.com\/lasilv_zinas\/\" target=\"_blank\" rel=\"noopener noreferrer nofollow\">Instagram<\/a>. Pievienojies m\u016bsu las\u012bt\u0101ju pulkam, lai sa\u0146emtu \u012bpa\u0161i tev atlas\u012btu noder\u012bgu, praktisku un aktu\u0101lu saturu.\u00a0<\/p>\n<p><a href=\"https:\/\/lasi.lv\/abonesana\" rel=\"nofollow noopener\" target=\"_blank\">Abon\u0113<\/a>\u00a0LASI.LV gadam\u00a0vai k\u0101du no\u00a0&#8220;Latvijas Mediju&#8221; periodiskajiem izdevumiem 2026. gadam, un laim\u0113 1500 eiro vai Philips kafijas autom\u0101tu. Loterijas at\u013caujas nr. 8744.<\/p>\n<p><img decoding=\"async\" src=\"https:\/\/www.europesays.com\/lv\/wp-content\/uploads\/2025\/10\/1760568371_496_2025100311425268df8c8c1572e.jpg\" alt=\"\" loading=\"lazy\"\/><\/p>\n<p style=\"margin-left:auto;\">Pieraksties LASI.LV redaktora v\u0113stkopai <a href=\"https:\/\/lasi.lv\/vestkopa\/lasi-lv-galvena-redaktora-vestkopa\" rel=\"nofollow noopener\" target=\"_blank\">\u0161eit<\/a>.<\/p>\n<p>Pieraksties v\u0113stkopai un divas reizes ned\u0113\u013c\u0101 sa\u0146em padzi\u013cin\u0101tu LASI.LV galven\u0101 redaktora aktu\u0101lo zi\u0146u, kompetentu viedok\u013cu un interesant\u0101ko interviju apkopojumu.<\/p>\n<p>Ko tu sa\u0146emsi:<\/p>\n<ul>\n<li>Daudzveid\u012bgus koment\u0101rus un kompetentus Latvijas Mediju \u017eurn\u0101listu un autoru viedok\u013cus par aktu\u0101lo<\/li>\n<li>Ekspertu koment\u0101rus par da\u017e\u0101diem praktiskiem, noder\u012bgiem tematiem<\/li>\n<li>Aizraujo\u0161us materi\u0101lus par v\u0113sturi, psiholo\u0123iju, kult\u016bru<\/li>\n<li>Gata \u0160\u013c\u016bkas karikat\u016bru<\/li>\n<li>Tav\u0101 e-pasta kast\u012bt\u0113 katru ceturtdienu<\/li>\n<\/ul>\n<p style=\"margin-left:auto;\">\u00a0<\/p>\n<p><script async src=\"https:\/\/platform.twitter.com\/widgets.js\" charset=\"utf-8\"><\/script><script async src=\"\/\/www.instagram.com\/embed.js\"><\/script><\/p>\n","protected":false},"excerpt":{"rendered":"N\u012bderland\u0113 tre\u0161dien notiku\u0161aj\u0101s parlamenta v\u0113l\u0113\u0161an\u0101s lab\u0101kos rezult\u0101tus uzr\u0101d\u012bjusi liber\u0101l\u0101 partija &#8220;Demokr\u0101ti 66&#8221; (&#8220;D66&#8221;) un G\u0113rta Vildersa vad\u012bt\u0101 lab\u0113ji&hellip;\n","protected":false},"author":2,"featured_media":35614,"comment_status":"","ping_status":"","sticky":false,"template":"","format":"standard","meta":{"footnotes":""},"categories":[14],"tags":[23,57,28,29,32,33,22,30,31,35,39,38,36,37,34,40,20,26,27,24,25,54,55,56,21,58],"class_list":{"0":"post-35613","1":"post","2":"type-post","3":"status-publish","4":"format-standard","5":"has-post-thumbnail","7":"category-zinas-no-arvalstim","8":"tag-aktualitates","9":"tag-arvalstim","10":"tag-breaking-news","11":"tag-breakingnews","12":"tag-featured-news","13":"tag-featurednews","14":"tag-headlines","15":"tag-latest-news","16":"tag-latestnews","17":"tag-latvia","18":"tag-latvian","19":"tag-latviesu","20":"tag-latviesu-valoda","21":"tag-latviesuvaloda","22":"tag-latvija","23":"tag-lv","24":"tag-news","25":"tag-popularakas-zinas","26":"tag-popularakaszinas","27":"tag-top-stories","28":"tag-topstories","29":"tag-world","30":"tag-world-news","31":"tag-worldnews","32":"tag-zinas","33":"tag-zinas-no-arvalstim"},"share_on_mastodon":{"url":"https:\/\/pubeurope.com\/@lv\/115465196878086925","error":""},"_links":{"self":[{"href":"https:\/\/www.europesays.com\/lv\/wp-json\/wp\/v2\/posts\/35613","targetHints":{"allow":["GET"]}}],"collection":[{"href":"https:\/\/www.europesays.com\/lv\/wp-json\/wp\/v2\/posts"}],"about":[{"href":"https:\/\/www.europesays.com\/lv\/wp-json\/wp\/v2\/types\/post"}],"author":[{"embeddable":true,"href":"https:\/\/www.europesays.com\/lv\/wp-json\/wp\/v2\/users\/2"}],"replies":[{"embeddable":true,"href":"https:\/\/www.europesays.com\/lv\/wp-json\/wp\/v2\/comments?post=35613"}],"version-history":[{"count":0,"href":"https:\/\/www.europesays.com\/lv\/wp-json\/wp\/v2\/posts\/35613\/revisions"}],"wp:featuredmedia":[{"embeddable":true,"href":"https:\/\/www.europesays.com\/lv\/wp-json\/wp\/v2\/media\/35614"}],"wp:attachment":[{"href":"https:\/\/www.europesays.com\/lv\/wp-json\/wp\/v2\/media?parent=35613"}],"wp:term":[{"taxonomy":"category","embeddable":true,"href":"https:\/\/www.europesays.com\/lv\/wp-json\/wp\/v2\/categories?post=35613"},{"taxonomy":"post_tag","embeddable":true,"href":"https:\/\/www.europesays.com\/lv\/wp-json\/wp\/v2\/tags?post=35613"}],"curies":[{"name":"wp","href":"https:\/\/api.w.org\/{rel}","templated":true}]}}