{"id":35712,"date":"2025-10-31T03:01:10","date_gmt":"2025-10-31T03:01:10","guid":{"rendered":"https:\/\/www.europesays.com\/lv\/35712\/"},"modified":"2025-10-31T03:01:10","modified_gmt":"2025-10-31T03:01:10","slug":"dienesta-parbaudes-laika-atlaiz-pasvaldibas-policijas-prieksnieku-raksts","status":"publish","type":"post","link":"https:\/\/www.europesays.com\/lv\/35712\/","title":{"rendered":"dienesta p\u0101rbaudes laik\u0101 atlai\u017e pa\u0161vald\u012bbas policijas priek\u0161nieku \/ Raksts"},"content":{"rendered":"<p>\u012aSUM\u0100:<\/p>\n<ul>\n<li>Dienesta p\u0101rbaud\u0113 atkl\u0101ti vair\u0101ki Bauskas novada pa\u0161vald\u012bbas policijas p\u0101rk\u0101pumi dien\u0101, kad Brunavas pagast\u0101 mednieks no\u0161\u0101va tr\u012bs su\u0146us.<\/li>\n<li>Pa\u0161vald\u012bba l\u0113musi atlaist pa\u0161vald\u012bbas policijas priek\u0161nieku.<\/li>\n<li>Tostarp secin\u0101ts, ka policijas darbinieku paskaidrojumos un videomateri\u0101los nov\u0113rotas pretrunas.<\/li>\n<li>Darbinieki notikuma viet\u0101 nebija iesl\u0113gu\u0161i \u0137erme\u0146a kameras.<\/li>\n<li>Policija nepietiekami uzraudz\u012bja bru\u0146ota cilv\u0113ka darb\u012bbas.<\/li>\n<li>No amata atbr\u012bvotais Gailis pagaid\u0101m p\u0101rmetumus nekoment\u0113ja.<\/li>\n<li>Dienesta p\u0101rbaudes materi\u0101lus nodos Valsts policijai.<\/li>\n<\/ul>\n<p>Gailis jau no 15. oktobra\u00a0<a href=\"https:\/\/www.lsm.lv\/raksts\/zinas\/latvija\/15.10.2025-sunu-nosausana-bauskas-novada-uz-laiku-atstadina-pasvaldibas-policijas-prieksnieku.a618525\/?utm_source=lsm&amp;utm_medium=theme&amp;utm_campaign=theme\" class=\"lsm-link\" data-type=\"article\" data-id=\"618525\" rel=\"nofollow noopener\" target=\"_blank\">uz p\u0101rbaudes laiku bija\u00a0atst\u0101din\u0101ts<\/a> no amata pien\u0101kumu pild\u012b\u0161anas. K\u0101 preses konferenc\u0113 skaidroja\u00a0Bauskas novada domes priek\u0161s\u0113d\u0113t\u0101js Aivars Ma\u010deks (Nacion\u0101l\u0101 apvien\u012bba), dienesta p\u0101rbaud\u0113 atkl\u0101tie p\u0101rk\u0101pumi biju\u0161i pietiekami smagi, lai pa\u0161vald\u012bbas policijas priek\u0161nieku atbr\u012bvotu no amata.<\/p>\n<p>Dienesta izmekl\u0113\u0161an\u0101 konstat\u0113ts, ka\u00a0policijas priek\u0161nieks nav pilnv\u0113rt\u012bgi izv\u0113rt\u0113jis notikumu, nav noteicis priorit\u0101tes un atst\u0101jis procesu bez kontroles, nor\u0101d\u012bja pa\u0161vald\u012bba.\u00a0T\u0101pat p\u0101rbaudes gait\u0101 ieg\u016bt\u0101 inform\u0101cija nesniedza apstiprin\u0101jumu tam, ka darbinieki b\u016btu izsauku\u0161i Valsts policiju.<\/p>\n<p>Secin\u0101ts ar\u012b, ka pa\u0161vald\u012bbas policijas darbinieki atst\u0101ja notikuma vietu notikuma laik\u0101,<\/p>\n<blockquote>\n<p>k\u0101 ar\u012b darbinieku sniegtajos paskaidrojumos un video materi\u0101los nov\u0113rotas pretrunas, kas rada \u0161aubas par\u00a0notikum\u0101 iesaist\u012bto personu godpr\u0101t\u012bbu.<\/p>\n<\/blockquote>\n<p>Nav iev\u0113roti iek\u0161\u0113j\u0101s k\u0101rt\u012bbas noteikumi par \u0137erme\u0146a kameru lieto\u0161anu: p\u0113c pieejam\u0101s inform\u0101cijas atsevi\u0161\u0137\u0101s notikuma epizod\u0113s un br\u012bd\u012b, kad darbinieki kontakt\u0113j\u0101s ar tre\u0161aj\u0101m person\u0101m, kameras bija izsl\u0113gtas. Nav iev\u0113rota video materi\u0101lu lejupiel\u0101\u017eu k\u0101rt\u012bba.<\/p>\n<p>K\u0101 skaidroja\u00a0Bauskas novada pa\u0161vald\u012bbas izpilddirektors Ivars Rom\u0101novs, kameras nevis tika izsl\u0113gtas, bet gan vajadz\u012bgaj\u0101 br\u012bd\u012b netika iesl\u0113gtas:<\/p>\n<p>&#8220;Iek\u0161\u0113jais reglaments nosaka, ka \u0137erme\u0146a kamerai j\u0101b\u016bt iesl\u0113gtai, l\u012bdz ko ir saskarsme ar tre\u0161aj\u0101m person\u0101m. Ir epizodes, kur t\u0101s str\u0101d\u0101, ir, kur nestr\u0101d\u0101.&#8221;<\/p>\n<p>Policijai bija j\u0101uzrauga mednieka darb\u012bbas<\/p>\n<p>T\u0101pat pieejamie dienesta p\u0101rbaudes materi\u0101li liecina, ka pav\u0113le \u0161aut nav dota.<\/p>\n<p>&#8220;Nevien\u0101 no ierakstiem, nevien\u0101 ska\u0146u celi\u0146\u0101 no pieejamiem inform\u0101cijas avotiem neesam guvu\u0161i apliecin\u0101jumu tam, ka k\u0101ds no pa\u0161vald\u012bbas policijas\u00a0darbiniekiem vai policijas priek\u0161nieks b\u016btu devis uzdevumu nogalin\u0101t dz\u012bvniekus,&#8221; preses konferenc\u0113 skaidroja izpilddirektors. Vienlaikus vi\u0146\u0161 uzsv\u0113ra, ka<\/p>\n<blockquote>\n<p>Gailim k\u0101 policijas priek\u0161niekam bija j\u0101p\u0101r\u0146em\u00a0kr\u012bzes situ\u0101cijas vad\u012b\u0161ana, tostarp bija j\u0101dod strikti uzdevumi iesaist\u012btajai ekip\u0101\u017eai uzraudz\u012bt bru\u0146ota cilv\u0113ka, kas \u0161aj\u0101 gad\u012bjum\u0101 bija mednieks,\u00a0darb\u012bbas.<\/p>\n<\/blockquote>\n<p>&#8220;Diem\u017e\u0113l nepietiekamas mednieka kl\u0101tesam\u012bbas uzraudz\u012bbas d\u0113\u013c \u0161is notikums izv\u0113rties likten\u012bgaj\u0101 k\u013c\u016bd\u0101 ar \u0161\u012bm sek\u0101m,&#8221; nor\u0101d\u012bja Romanovs. Vi\u0146\u0161 preciz\u0113ja, ka medniekus bija pieaicin\u0101jis\u00a0Brunavas mednieku kolekt\u012bva vad\u012bt\u0101js, ar kuru bija sazin\u0101jusies sieviete, kuras \u012bpa\u0161um\u0101 su\u0146i bija iekl\u012bdu\u0161i.<\/p>\n<p style=\"margin-left:0cm; margin-right:0cm\">&#8220;Kolekt\u012bva vad\u012bt\u0101js uzreiz zvan\u012bjis pa\u0161vald\u012bbas policijai uz de\u017e\u016brda\u013cu un inform\u0113jis, ka \u012bsti \u0161aj\u0101 notikum\u0101 mednieks iesaist\u012bties nevar. T\u0101l\u0101k biju\u0161as vair\u0101kas sarunas, kuru ierakstu diem\u017e\u0113l m\u016bsu r\u012bc\u012bb\u0101 \u0161obr\u012bd nav. Bet ir paskaidrojumi, konkr\u0113ti Gai\u013ca kunga paskaidrojum\u0101 rakst\u012bts, ka vi\u0146i vienoj\u0101s par mednieka kl\u0101tesam\u012bbu. Ac\u012bmredzot, vieno\u0161an\u0101s pamats bija, vadoties no inform\u0101cijas, ko bija sniegusi saimniece, ka su\u0146i\u00a0ir \u013coti agres\u012bvi,&#8221; skaidroja pa\u0161vald\u012bbas izpilddirektors.<\/p>\n<p>Domes priek\u0161s\u0113d\u0113t\u0101js Ma\u010deks uzsv\u0113ra, ka &#8220;pa\u0161vald\u012bba nosoda iesaist\u012bto personu nesam\u0113r\u012bgo r\u012bc\u012bbu, su\u0146us no\u0161aujot&#8221;.\u00a0Pa\u0161vald\u012bba izteica l\u012bdzj\u016bt\u012bbu no\u0161auto su\u0146u saimniekam un visiem, kurus \u0161is notikums ir sk\u0101ris.\u00a0<\/p>\n<p>Materi\u0101lus nodos Valsts policijai<\/p>\n<p>\u0145emot v\u0113r\u0101 atkl\u0101tos faktus un nepiecie\u0161am\u012bbu tos pilnv\u0113rt\u012bgi izv\u0113rt\u0113t, dienesta komisija ir l\u016bgusi papildu laiku, lai sagatavotu\u00a0p\u0101rbaudes materi\u0101lu nodo\u0161anai Valsts policijai, inform\u0113ja pa\u0161vald\u012bb\u0101. Dienesta p\u0101rbaudes laiks ieg\u016bt\u0101s inform\u0101cijas p\u0101rbaud\u012b\u0161anai pagarin\u0101ts l\u012bdz 14. novembrim.<\/p>\n<p>Bauskas novada pa\u0161vald\u012bbas izpilddirektors Rom\u0101novs<\/p>\n<blockquote>\n<p>ir uzdevis pa\u0161vald\u012bbas policijas priek\u0161nieka pien\u0101kumu izpild\u012bt\u0101jam Aivaram Vilci\u0146am iepaz\u012bties ar dienesta p\u0101rbaudes starpzi\u0146ojumu un pie\u0146emt l\u0113mumu par darbinieku atbild\u012bbu un atbilst\u012bbu ie\u0146emamajam amatam.<\/p>\n<\/blockquote>\n<p>Dienesta p\u0101rbaude ir s\u0101kta pret tr\u012bs pa\u0161vald\u012bbas policijas darbiniekiem \u2013 diviem, kas atrad\u0101s policijas ekip\u0101\u017e\u0101 izsaukuma viet\u0101, un de\u017e\u016brda\u013cas darbinieku, skaidroja Rom\u0101novs.<\/p>\n<p>Savuk\u0101rt mednieka r\u012bc\u012bbu krimin\u0101lprocesa ietvaros v\u0113rt\u0113 Valsts policija.<\/p>\n<p>No amata atbr\u012bvotais pa\u0161vald\u012bbas policijas priek\u0161nieks p\u0101rmetumus nekoment\u0113<\/p>\n<p style=\"margin-left:0cm; margin-right:0cm\">No amata atbr\u012bvotais Eg\u012bls Gailis Latvijas Telev\u012bzijai pagaid\u0101m p\u0101rmetumus nekoment\u0113ja.<\/p>\n<p style=\"margin-left:0cm; margin-right:0cm\">&#8220;P\u0101ragri. Ne es esmu redz\u0113jis, ne es zinu, par ko \u012bsti. Neko es nezinu. Es gribu ar to iepaz\u012bties, es gribu izlas\u012bt,&#8221; sac\u012bja Gailis.<\/p>\n<p>Pa\u0161vald\u012bb\u0101 pl\u0101no uzlabot policijas darbu<\/p>\n<p>&#8220;Pa\u0161vald\u012bba l\u012bdz \u0161im ir pa\u013c\u0101vusies uz policijas profesionalit\u0101ti un operat\u012bvo r\u012bc\u012bbu, \u012bpa\u0161i situ\u0101cij\u0101s, kur\u0101s nepiecie\u0161ama \u0101tra l\u0113mumu pie\u0146em\u0161ana. Tom\u0113r \u0161is gad\u012bjums skaidri par\u0101da, ka pat profesion\u0101lu dienestu darb\u012bb\u0101 var rasties situ\u0101cijas, kur\u0101s nepiecie\u0161ama padzi\u013cin\u0101ta izv\u0113rt\u0113\u0161ana un uzlabojumi,&#8221; teikts pa\u0161vald\u012bbas pazi\u0146ojum\u0101.<\/p>\n<p>Pa\u0161vald\u012bbas policijas darba uzlabo\u0161anai nekav\u0113joties tiks p\u0101rskat\u012bti visi iek\u0161\u0113jie normat\u012bvie akti, to atbilst\u012bba likumdo\u0161anai, k\u0101 ar\u012b to iev\u0113ro\u0161anas iek\u0161\u0113j\u0101s kontroles meh\u0101nismi.<\/p>\n<p>Pl\u0101nots, ka piektdien, 31. oktobr\u012b, tiks izdots r\u012bkojums amata konkursa izstr\u0101dei.<\/p>\n<p>KONTEKSTS:<\/p>\n<p>Bauskas novada Brunavas pagast\u0101 piektdien, 10. oktobr\u012b, k\u0101d\u0101 \u012bpa\u0161um\u0101 bija iekl\u012bdu\u0161i, k\u0101 nor\u0101da pa\u0161vald\u012bb\u0101, agres\u012bvi su\u0146i. V\u0113l nesagaidot Dz\u012bvnieku gl\u0101b\u0161anas dienestu,\u00a0<a data-id=\"617995\" data-type=\"article\" href=\"https:\/\/www.lsm.lv\/raksts\/zinas\/latvija\/11.10.2025-policija-sak-kriminalprocesu-saistiba-ar-modra-olu-saimnieka-tris-sunu-nosausanu.a617995\/\" class=\"lsm-link\" rel=\"nofollow noopener\" target=\"_blank\">mednieks m\u0101jdz\u012bvniekus no\u0161\u0101va<\/a>.\u00a0<\/p>\n<p>Pa\u0161vald\u012bbas policij\u0101 \u0161obr\u012bd\u00a0<a data-id=\"617995\" data-type=\"article\" href=\"https:\/\/www.lsm.lv\/raksts\/zinas\/latvija\/11.10.2025-policija-sak-kriminalprocesu-saistiba-ar-modra-olu-saimnieka-tris-sunu-nosausanu.a617995\/?utm_source=lsm&amp;utm_medium=article-body&amp;utm_campaign=admin\" class=\"lsm-link\" rel=\"nofollow noopener\" target=\"_blank\">ierosin\u0101tas divas administrat\u012bv\u0101 p\u0101rk\u0101puma lietas<\/a>\u00a0\u2013 saist\u012bb\u0101 ar stirnas non\u0101v\u0113\u0161anu, ko izdar\u012bja su\u0146i, k\u0101 ar\u012b par to, ka tika pie\u013cauta su\u0146u klai\u0146o\u0161ana.\u00a0<\/p>\n<p>13. oktobr\u012b ar pa\u0161vald\u012bbas izpilddirektora r\u012bkojumu pa\u0161vald\u012bbas policijas priek\u0161niekam Gailim tika uzdots sniegt paskaidrojumu par r\u012bc\u012bbu notikum\u0101, k\u0101 ar\u012b piepras\u012bt papildu paskaidrojumus no notikum\u0101 iesaist\u012btajiem pa\u0161vald\u012bbas policistiem. Pret tr\u012bs pa\u0161vald\u012bbas policijas darbiniekiem uzs\u0101kta dienesta p\u0101rbaude.<\/p>\n<p>Izv\u0113rt\u0113jot pa\u0161vald\u012bbas policijas priek\u0161nieka paskaidrojumu, 15. oktobr\u012b izveidota dienesta komisija, lai v\u0113rt\u0113tu, vai pa\u0161vald\u012bbas policisti\u00a0ir iev\u0113roju\u0161i\u00a0procesu\u0101lo darb\u012bbu algoritmu.<\/p>\n<p>Valsts policija ir s\u0101kusi krimin\u0101lprocesu\u00a0par noziedz\u012bgiem nodar\u012bjumiem pret visp\u0101r\u0113jo dro\u0161\u012bbu un sabiedrisko k\u0101rt\u012bbu, k\u0101 ar\u012b\u00a0<a data-id=\"618165\" data-type=\"article\" href=\"https:\/\/www.lsm.lv\/raksts\/zinas\/latvija\/13.10.2025-saistiba-ar-tris-sunu-nosausanu-bauskas-novada-sak-kriminalprocesu-par-cietsirdigu-izturesanos-pret-dzivniekiem.a618165\/\" class=\"lsm-link\" rel=\"nofollow noopener\" target=\"_blank\">s\u0101kts krimin\u0101lprocess<\/a>\u00a0pret su\u0146u \u0161\u0101v\u0113ju par cietsird\u012bgu iztur\u0113\u0161anos pret dz\u012bvniekiem.\u00a0<\/p>\n<p>Ne su\u0146u saimnieks Modris Konovalovs, ne saimniece, kuras teritorij\u0101 dz\u012bvnieki nogalin\u0101ti,\u00a0nev\u0113l\u0113j\u0101s run\u0101t kameras priek\u0161\u0101.<\/p>\n","protected":false},"excerpt":{"rendered":"\u012aSUM\u0100: Dienesta p\u0101rbaud\u0113 atkl\u0101ti vair\u0101ki Bauskas novada pa\u0161vald\u012bbas policijas p\u0101rk\u0101pumi dien\u0101, kad Brunavas pagast\u0101 mednieks no\u0161\u0101va tr\u012bs su\u0146us.&hellip;\n","protected":false},"author":2,"featured_media":35713,"comment_status":"","ping_status":"","sticky":false,"template":"","format":"standard","meta":{"footnotes":""},"categories":[5],"tags":[23,28,29,32,33,22,30,31,35,39,38,36,37,34,40,20,26,27,24,25,21],"class_list":{"0":"post-35712","1":"post","2":"type-post","3":"status-publish","4":"format-standard","5":"has-post-thumbnail","7":"category-aktualitates","8":"tag-aktualitates","9":"tag-breaking-news","10":"tag-breakingnews","11":"tag-featured-news","12":"tag-featurednews","13":"tag-headlines","14":"tag-latest-news","15":"tag-latestnews","16":"tag-latvia","17":"tag-latvian","18":"tag-latviesu","19":"tag-latviesu-valoda","20":"tag-latviesuvaloda","21":"tag-latvija","22":"tag-lv","23":"tag-news","24":"tag-popularakas-zinas","25":"tag-popularakaszinas","26":"tag-top-stories","27":"tag-topstories","28":"tag-zinas"},"share_on_mastodon":{"url":"https:\/\/pubeurope.com\/@lv\/115466553455215801","error":""},"_links":{"self":[{"href":"https:\/\/www.europesays.com\/lv\/wp-json\/wp\/v2\/posts\/35712","targetHints":{"allow":["GET"]}}],"collection":[{"href":"https:\/\/www.europesays.com\/lv\/wp-json\/wp\/v2\/posts"}],"about":[{"href":"https:\/\/www.europesays.com\/lv\/wp-json\/wp\/v2\/types\/post"}],"author":[{"embeddable":true,"href":"https:\/\/www.europesays.com\/lv\/wp-json\/wp\/v2\/users\/2"}],"replies":[{"embeddable":true,"href":"https:\/\/www.europesays.com\/lv\/wp-json\/wp\/v2\/comments?post=35712"}],"version-history":[{"count":0,"href":"https:\/\/www.europesays.com\/lv\/wp-json\/wp\/v2\/posts\/35712\/revisions"}],"wp:featuredmedia":[{"embeddable":true,"href":"https:\/\/www.europesays.com\/lv\/wp-json\/wp\/v2\/media\/35713"}],"wp:attachment":[{"href":"https:\/\/www.europesays.com\/lv\/wp-json\/wp\/v2\/media?parent=35712"}],"wp:term":[{"taxonomy":"category","embeddable":true,"href":"https:\/\/www.europesays.com\/lv\/wp-json\/wp\/v2\/categories?post=35712"},{"taxonomy":"post_tag","embeddable":true,"href":"https:\/\/www.europesays.com\/lv\/wp-json\/wp\/v2\/tags?post=35712"}],"curies":[{"name":"wp","href":"https:\/\/api.w.org\/{rel}","templated":true}]}}