{"id":35746,"date":"2025-10-31T04:43:08","date_gmt":"2025-10-31T04:43:08","guid":{"rendered":"https:\/\/www.europesays.com\/lv\/35746\/"},"modified":"2025-10-31T04:43:08","modified_gmt":"2025-10-31T04:43:08","slug":"nedrikst-izmantot-politiskajas-spelites-ko-par-latvijas-izstasanos-no-stambulas-konvencijas-doma-arvalstis","status":"publish","type":"post","link":"https:\/\/www.europesays.com\/lv\/35746\/","title":{"rendered":"&#8220;Nedr\u012bkst izmantot politiskaj\u0101s sp\u0113l\u012bt\u0113s&#8221; \u2013 ko par Latvijas izst\u0101\u0161anos no Stambulas konvencijas dom\u0101 \u0101rvalst\u012bs"},"content":{"rendered":"<p>2023. gad\u0101 <a href=\"https:\/\/www.tvnet.lv\/term\/556185\/saeima\" class=\"topicLink\" target=\"_blank\" rel=\"nofollow noopener\">Saeima<\/a> ratific\u0113ja Eiropas Padomes Konvenciju par vardarb\u012bbas pret sieviet\u0113m un vardarb\u012bbas \u0123imen\u0113 nov\u0113r\u0161anu un apkaro\u0161anu, kas pla\u0161\u0101k paz\u012bstama k\u0101 <a href=\"https:\/\/www.tvnet.lv\/term\/610216\/stambulas-konvencija\" class=\"topicLink\" target=\"_blank\" rel=\"nofollow noopener\">Stambulas konvencija<\/a>. Priek\u0161v\u0113l\u0113\u0161anu sezonas s\u0101kum\u0101 p\u0113k\u0161\u0146i ats\u0101ku\u0161\u0101s diskusijas par konvenciju \u2013 opoz\u012bcijas partijas taj\u0101 saskata &#8220;d\u017eenderisma&#8221; ideolo\u0123iju. 23. oktobr\u012b opoz\u012bcijas partijas ar Za\u013co un zemnieku savien\u012bbas (<a href=\"https:\/\/www.tvnet.lv\/term\/566698\/zzs\" class=\"topicLink\" target=\"_blank\" rel=\"nofollow noopener\">ZZS<\/a>) bals\u012bm konceptu\u0101li atbalst\u012bja likumprojektu par Latvijas izst\u0101\u0161anos no Stambulas konvencijas, lai gan ZZS bija viena no partij\u0101m, kas pirms diviem gadiem balsoja par konvencijas pie\u0146em\u0161anu. Vien\u012bg\u0101s partijas, kas atbalsta Stambulas konvenciju, ir &#8220;Jaun\u0101 Vienot\u012bba&#8221; un &#8220;Progres\u012bvie&#8221;.<\/p>\n<p>Pirms balsojuma vair\u0101ku Eiropas valstu v\u0113stnieki kop\u012bg\u0101 v\u0113stul\u0113 nor\u0101d\u012bju\u0161i, ka ba\u017e\u012bjas par to, k\u0101du sign\u0101lu Latvijas izst\u0101\u0161an\u0101s no Stambulas konvencijas rad\u012btu &#8220;laik\u0101, kad \u0161o jaut\u0101jumu savt\u012bgi izmanto naid\u012bgu valstu vald\u012bbas&#8221;.\u00a0<\/p>\n","protected":false},"excerpt":{"rendered":"2023. gad\u0101 Saeima ratific\u0113ja Eiropas Padomes Konvenciju par vardarb\u012bbas pret sieviet\u0113m un vardarb\u012bbas \u0123imen\u0113 nov\u0113r\u0161anu un apkaro\u0161anu, kas&hellip;\n","protected":false},"author":2,"featured_media":35747,"comment_status":"","ping_status":"","sticky":false,"template":"","format":"standard","meta":{"footnotes":""},"categories":[5],"tags":[23,28,29,10504,32,33,22,30,31,35,39,38,36,37,34,40,20,26,27,3959,141,2023,24,25,2238,6144,21,666],"class_list":{"0":"post-35746","1":"post","2":"type-post","3":"status-publish","4":"format-standard","5":"has-post-thumbnail","7":"category-aktualitates","8":"tag-aktualitates","9":"tag-breaking-news","10":"tag-breakingnews","11":"tag-eiropas-padome","12":"tag-featured-news","13":"tag-featurednews","14":"tag-headlines","15":"tag-latest-news","16":"tag-latestnews","17":"tag-latvia","18":"tag-latvian","19":"tag-latviesu","20":"tag-latviesu-valoda","21":"tag-latviesuvaloda","22":"tag-latvija","23":"tag-lv","24":"tag-news","25":"tag-popularakas-zinas","26":"tag-popularakaszinas","27":"tag-protests","28":"tag-saeima","29":"tag-stambulas-konvencija","30":"tag-top-stories","31":"tag-topstories","32":"tag-tvnet-arvalstis","33":"tag-vardarbiba-pret-sievietem","34":"tag-zinas","35":"tag-zzs"},"share_on_mastodon":{"url":"https:\/\/pubeurope.com\/@lv\/115466954538772934","error":""},"_links":{"self":[{"href":"https:\/\/www.europesays.com\/lv\/wp-json\/wp\/v2\/posts\/35746","targetHints":{"allow":["GET"]}}],"collection":[{"href":"https:\/\/www.europesays.com\/lv\/wp-json\/wp\/v2\/posts"}],"about":[{"href":"https:\/\/www.europesays.com\/lv\/wp-json\/wp\/v2\/types\/post"}],"author":[{"embeddable":true,"href":"https:\/\/www.europesays.com\/lv\/wp-json\/wp\/v2\/users\/2"}],"replies":[{"embeddable":true,"href":"https:\/\/www.europesays.com\/lv\/wp-json\/wp\/v2\/comments?post=35746"}],"version-history":[{"count":0,"href":"https:\/\/www.europesays.com\/lv\/wp-json\/wp\/v2\/posts\/35746\/revisions"}],"wp:featuredmedia":[{"embeddable":true,"href":"https:\/\/www.europesays.com\/lv\/wp-json\/wp\/v2\/media\/35747"}],"wp:attachment":[{"href":"https:\/\/www.europesays.com\/lv\/wp-json\/wp\/v2\/media?parent=35746"}],"wp:term":[{"taxonomy":"category","embeddable":true,"href":"https:\/\/www.europesays.com\/lv\/wp-json\/wp\/v2\/categories?post=35746"},{"taxonomy":"post_tag","embeddable":true,"href":"https:\/\/www.europesays.com\/lv\/wp-json\/wp\/v2\/tags?post=35746"}],"curies":[{"name":"wp","href":"https:\/\/api.w.org\/{rel}","templated":true}]}}