{"id":35748,"date":"2025-10-31T04:47:08","date_gmt":"2025-10-31T04:47:08","guid":{"rendered":"https:\/\/www.europesays.com\/lv\/35748\/"},"modified":"2025-10-31T04:47:08","modified_gmt":"2025-10-31T04:47:08","slug":"fotografu-objektivs-fikse-2025-gada-26-oktobra-notikumus-lente-lv","status":"publish","type":"post","link":"https:\/\/www.europesays.com\/lv\/35748\/","title":{"rendered":"Fotogr\u0101fu objekt\u012bvs fiks\u0113 2025. gada 26. oktobra notikumus\u00a0\u2014\u00a0Lente.lv"},"content":{"rendered":"<p>Kara skarbt\u0101s realit\u0101tes fotogr\u0101fu objekt\u012bv\u0101: Ukrainas notikumi 2025. gada 26. oktobr\u012b<\/p>\n<p>\u0160is raksts aptver 2025. gada 26. oktobra notikumus Ukrain\u0101, k\u0101 tos iem\u016b\u017ein\u0101ju\u0161i starptautisko zi\u0146u a\u0123ent\u016bru fotogr\u0101fi. Bildes atspogu\u013co kara dr\u016bmo realit\u0101ti, cilv\u0113ku cie\u0161anas un nenov\u0113rt\u0113jamo preto\u0161anos Krievijas agresijai. Fotogr\u0101fi ir tie, kas ar sav\u0101m ac\u012bm redz un ar sav\u0101m kamer\u0101m fiks\u0113 kara patieso dabu, dodot pasaulei iesp\u0113ju izprast notieko\u0161\u0101 dzi\u013cumu un sekas, kas bie\u017ei vien at\u0161\u0137iras no ofici\u0101l\u0101s propagandas.<\/p>\n<p>Cilv\u0113ku st\u0101sti kara skartaj\u0101s ain\u0101s<\/p>\n<p>Starptautisko zi\u0146u a\u0123ent\u016bru fotogr\u0101fu objekt\u012bvi 2025. gada 26. oktobr\u012b fiks\u0113ju\u0161i skumjas un sp\u0113c\u012bgas ainas no Ukrainas. Vi\u0146u darbs sniedz dzi\u013ci personisku ieskatu kara nestaj\u0101s sek\u0101s, dokument\u0113jot gan post\u012bjumus, gan cilv\u0113ku neizturamo iztur\u012bbu. Kijivas iedz\u012bvot\u0101ji redzami starp drup\u0101m p\u0113c Krievijas armijas drona trieciena, kas sk\u0101ris vi\u0146u dz\u012bvojamo namu. \u0160\u0101das fotogr\u0101fijas ir k\u0101 skaudra liec\u012bba par kara hum\u0101no cenu, uzsverot ikviena cilv\u0113ka st\u0101stu \u0161aj\u0101 cie\u0161anu virpul\u012b. Tiek fiks\u0113tas ar\u012b sekas uz civilo infrastrukt\u016bru, piem\u0113ram, ugunsgr\u0113ks noliktavas \u0113k\u0101 Kijiv\u0101, kas rada papildu post\u012bjumus un apgr\u016btin\u0101jumus jau t\u0101 smagajos apst\u0101k\u013cos. \u0160ie vizu\u0101lie st\u0101sti p\u0101rsniedz valodu un kult\u016bras barjeras, atkl\u0101jot paties\u012bbu par karu, kas citk\u0101rt var\u0113tu palikt apsl\u0113pta.<\/p>\n<p>Kara realit\u0101te un t\u0101s atspul\u0123ojums fotogr\u0101fij\u0101s<\/p>\n<p>Krievijas pilna m\u0113roga iebrukums Ukrain\u0101 turpina savu posto\u0161o ce\u013cu, un t\u0101 ne\u017e\u0113l\u012bg\u0101s sekas tiek iem\u016b\u017ein\u0101tas starptautisko zi\u0146u a\u0123ent\u016bru fotogr\u0101fu objekt\u012bvos. Fotogr\u0101fi turpina fiks\u0113t nemain\u012bgi smago situ\u0101ciju frontes l\u012bnij\u0101s un t\u0101s atspul\u0123ojumu civiliedz\u012bvot\u0101ju dz\u012bv\u0113. Oktobra fotogr\u0101fijas atkl\u0101j ainas no da\u017e\u0101diem Ukrainas re\u0123ioniem, par\u0101dot gan Krievijas armijas uzlidojumu rad\u012btos post\u012bjumus, piem\u0113ram, Harkiv\u0101 sagraut\u0101s \u0113kas un ievainojumus civiliedz\u012bvot\u0101jiem, gan ar\u012b dz\u012bvi, kas turpin\u0101s kara apst\u0101k\u013cos. T\u0101pat fiks\u0113ti kadri no frontes l\u012bnijas, piem\u0113ram, ukrai\u0146u armijas vien\u012bbas, kas sav\u0101c kritu\u0161o Krievijas karav\u012bru mirst\u012bg\u0101s atliekas Doneckas re\u0123ion\u0101. \u0160ie att\u0113li ir k\u0101 skaudra liec\u012bba par kara hum\u0101no cenu.<\/p>\n<p>Fotogr\u0101fu darba noz\u012bme un izaicin\u0101jumi kara laik\u0101<\/p>\n<p>\u0160ie vizu\u0101lie st\u0101sti ir k\u013cuvu\u0161i par vienu no galvenajiem inform\u0101cijas avotiem par karu, \u013caujot pasaulei izprast konflikta patieso dabu. Fotogr\u0101fijas sp\u0113j rad\u012bt dzi\u013cu emp\u0101tiju un \u0161oku, mudinot sabiedr\u012bbu uz p\u0101rdom\u0101m un solidarit\u0101ti. Fotogr\u0101fu darbs, lai gan bie\u017ei vien riskants, ir neatsverams. Vi\u0146i ikdien\u0101 saskaras ar nenoteikt\u012bbu, fizisku un emocion\u0101lu spriedzi, k\u0101 ar\u012b ar tie\u0161u apdraud\u0113jumu savai dz\u012bv\u012bbai. Vi\u0146iem ir j\u0101sp\u0113j \u0101tri adapt\u0113ties main\u012bg\u0101m situ\u0101cij\u0101m, saglab\u0101t v\u0113su pr\u0101tu un, neskatoties uz person\u012bgo risku, dokument\u0113t notieko\u0161o god\u012bgi un prec\u012bzi. Nereti vi\u0146i str\u0101d\u0101 izol\u0113ti, saskaroties ar psiholo\u0123isk\u0101m sek\u0101m, kas var b\u016bt tikpat posto\u0161as k\u0101 fizisk\u0101s traumas. Vi\u0146u drosme un ap\u0146\u0113m\u012bba ir neatsverama, lai gan bie\u017ei vien paliek \u0113n\u0101, aiz sp\u0113c\u012bgajiem att\u0113liem.<\/p>\n<p>Konteksts un turpin\u0101jums<\/p>\n<p>Nepamatotais un neizprovoc\u0113tais Krievijas pla\u0161a m\u0113roga iebrukums Ukrain\u0101 s\u0101k\u0101s 2022. gada 24. febru\u0101r\u012b. S\u0101kotn\u0113jie Krievijas pl\u0101ni ie\u0146emt Kijivu tr\u012bs dien\u0101s izg\u0101z\u0101s ukrai\u0146u pa\u0161aizliedz\u012bg\u0101s un sp\u0113c\u012bg\u0101s pretest\u012bbas d\u0113\u013c. Lai gan Ukrainas pretuzbrukumi nav vienm\u0113r biju\u0161i tik veiksm\u012bgi, k\u0101 cer\u0113ts, kar\u0161 turpin\u0101s ar nogurdino\u0161\u0101m kauj\u0101m un regul\u0101riem Krievijas uzbrukumiem civilajiem objektiem, \u012bpa\u0161i ener\u0123\u0113tikas infrastrukt\u016brai. Lai ar\u012b l\u012bdz ar ASV prezidenta Donalda Trampa st\u0101\u0161anos amat\u0101 notiku\u0161as sarunas par pamieru, t\u0101s l\u012bdz \u0161im rezult\u0101tus nav devu\u0161as. Situ\u0101cija k\u013c\u016bst sare\u017e\u0123\u012bt\u0101ka, jo Krievija karadarb\u012bb\u0101 pret Ukrainu iesaist\u012bjusi ar\u012b citu valstu karav\u012brus un algot\u0146us.<\/p>\n","protected":false},"excerpt":{"rendered":"Kara skarbt\u0101s realit\u0101tes fotogr\u0101fu objekt\u012bv\u0101: Ukrainas notikumi 2025. gada 26. oktobr\u012b \u0160is raksts aptver 2025. gada 26. oktobra&hellip;\n","protected":false},"author":2,"featured_media":35749,"comment_status":"","ping_status":"","sticky":false,"template":"","format":"standard","meta":{"footnotes":""},"categories":[14],"tags":[10506,23,57,28,29,10508,32,33,22,10507,10505,74,30,31,35,39,38,36,37,34,40,20,26,27,24,25,54,55,56,21,58],"class_list":{"0":"post-35748","1":"post","2":"type-post","3":"status-publish","4":"format-standard","5":"has-post-thumbnail","7":"category-zinas-no-arvalstim","8":"tag-2025-gada-26-oktobris","9":"tag-aktualitates","10":"tag-arvalstim","11":"tag-breaking-news","12":"tag-breakingnews","13":"tag-cilveku-ciesanas","14":"tag-featured-news","15":"tag-featurednews","16":"tag-headlines","17":"tag-kara-fotografija","18":"tag-kars-ukraina-fotografu-acim","19":"tag-krievijas-iebrukums-ukraina","20":"tag-latest-news","21":"tag-latestnews","22":"tag-latvia","23":"tag-latvian","24":"tag-latviesu","25":"tag-latviesu-valoda","26":"tag-latviesuvaloda","27":"tag-latvija","28":"tag-lv","29":"tag-news","30":"tag-popularakas-zinas","31":"tag-popularakaszinas","32":"tag-top-stories","33":"tag-topstories","34":"tag-world","35":"tag-world-news","36":"tag-worldnews","37":"tag-zinas","38":"tag-zinas-no-arvalstim"},"share_on_mastodon":{"url":"","error":"Validation failed: Text character limit of 500 exceeded"},"_links":{"self":[{"href":"https:\/\/www.europesays.com\/lv\/wp-json\/wp\/v2\/posts\/35748","targetHints":{"allow":["GET"]}}],"collection":[{"href":"https:\/\/www.europesays.com\/lv\/wp-json\/wp\/v2\/posts"}],"about":[{"href":"https:\/\/www.europesays.com\/lv\/wp-json\/wp\/v2\/types\/post"}],"author":[{"embeddable":true,"href":"https:\/\/www.europesays.com\/lv\/wp-json\/wp\/v2\/users\/2"}],"replies":[{"embeddable":true,"href":"https:\/\/www.europesays.com\/lv\/wp-json\/wp\/v2\/comments?post=35748"}],"version-history":[{"count":0,"href":"https:\/\/www.europesays.com\/lv\/wp-json\/wp\/v2\/posts\/35748\/revisions"}],"wp:featuredmedia":[{"embeddable":true,"href":"https:\/\/www.europesays.com\/lv\/wp-json\/wp\/v2\/media\/35749"}],"wp:attachment":[{"href":"https:\/\/www.europesays.com\/lv\/wp-json\/wp\/v2\/media?parent=35748"}],"wp:term":[{"taxonomy":"category","embeddable":true,"href":"https:\/\/www.europesays.com\/lv\/wp-json\/wp\/v2\/categories?post=35748"},{"taxonomy":"post_tag","embeddable":true,"href":"https:\/\/www.europesays.com\/lv\/wp-json\/wp\/v2\/tags?post=35748"}],"curies":[{"name":"wp","href":"https:\/\/api.w.org\/{rel}","templated":true}]}}