{"id":35750,"date":"2025-10-31T04:53:08","date_gmt":"2025-10-31T04:53:08","guid":{"rendered":"https:\/\/www.europesays.com\/lv\/35750\/"},"modified":"2025-10-31T04:53:08","modified_gmt":"2025-10-31T04:53:08","slug":"asv-karaviru-skaits-igaunija-netiks-samazinats-raksts","status":"publish","type":"post","link":"https:\/\/www.europesays.com\/lv\/35750\/","title":{"rendered":"ASV karav\u012bru skaits Igaunij\u0101 netiks samazin\u0101ts \/ Raksts"},"content":{"rendered":"<p>Amerikas Savienot\u0101s Valstis (ASV) ir apstiprin\u0101ju\u0161as, ka nesamazin\u0101s Igaunij\u0101 izvietoto karav\u012bru skaitu, pazi\u0146oja Igaunijas aizsardz\u012bbas ministrs Hanno Pevkurs. Igaunijas sabiedriskajai raidorganiz\u0101cijai ERR vi\u0146\u0161 teica, ka Va\u0161ingtona ir pie\u0146\u0113musi &#8220;noz\u012bm\u012bgu l\u0113mumu&#8221; saglab\u0101t savu kl\u0101tb\u016btni Igaunij\u0101.\u00a0<\/p>\n<p>&#8220;Attiec\u012bb\u0101 uz Igaunij\u0101 izvietotajiem karav\u012briem mums ir pozit\u012bvs l\u0113mums \u2013 ASV ir inform\u0113ju\u0161as, ka m\u016bsu sadarb\u012bba turpin\u0101sies k\u0101 l\u012bdz \u0161im. Esmu ar\u012b nos\u016bt\u012bjis vi\u0146iem zi\u0146u, ka esam gatavi \u0161o sadarb\u012bbu padzi\u013cin\u0101t,&#8221; teica Pevkurs.\u00a0<\/p>\n<p>&#8220;ASV karasp\u0113ks neatst\u0101s Igauniju,&#8221; vi\u0146\u0161 sac\u012bja, piebilstot, ka tas ir j\u016blij\u0101 notiku\u0161o sarunu ar ASV aizsardz\u012bbas ministru P\u012btu Hegsetu rezult\u0101ts. Igaunijas aizsardz\u012bbas ministrs ar\u012b aicin\u0101ja pateikties ASV\u00a0\u2013 gan v\u0113stniec\u012bbas Igaunij\u0101, gan Pentagona darbiniekiem.\u00a0<\/p>\n<blockquote>\n<p>Pa\u0161laik Igaunij\u0101 ir ap 700 ASV karav\u012bru.\u00a0<\/p>\n<\/blockquote>\n<p>Jau zi\u0146ots, ka ASV inform\u0113ju\u0161as NATO sabiedrotos par ASV karav\u012bru skaita samazin\u0101\u0161anu Eiropas austrumu flang\u0101, tai skait\u0101 Rum\u0101nij\u0101, kur bija pl\u0101nota amerik\u0101\u0146u karav\u012bru izvieto\u0161ana Mihaila Kogelni\u010djanu gaisa sp\u0113ku b\u0101z\u0113, tre\u0161dien pazi\u0146oja Rum\u0101nijas Aizsardz\u012bbas ministrija.\u00a0<\/p>\n<p>ASV prezidenta Donalda Trampa administr\u0101cija jau iepriek\u0161 br\u012bdin\u0101jusi Eiropas sabiedrotos, ka tiem j\u0101uz\u0146emas liel\u0101ka atbild\u012bba par savu dro\u0161\u012bbu, jo ASV tagad vair\u0101k koncentr\u0113jas uz sav\u0101m robe\u017e\u0101m un Indijas un Klus\u0101 oke\u0101na re\u0123ionu.\u00a0<\/p>\n<p>Rum\u0101nijas aizsardz\u012bbas ministrs Jonucs Mo\u0161tjanu pazi\u0146oja, ka neuzskata \u0161o ASV soli par sp\u0113ku atvilk\u0161anu. ASV nol\u0113musi aptur\u0113t t\u0101s brig\u0101des rot\u0101ciju Eirop\u0101, kurai bija elementi vair\u0101k\u0101s NATO valst\u012bs, tai skait\u0101 Bulg\u0101rij\u0101, Rum\u0101nij\u0101, Slov\u0101kij\u0101 un Ung\u0101rij\u0101, \u017eurn\u0101listiem skaidroja ministrs.\u00a0<\/p>\n<p>K\u0101da NATO amatpersona zi\u0146u a\u0123ent\u016brai AFP apstiprin\u0101ja, ka ASV ir inform\u0113ju\u0161as aliansi par savu l\u0113mumu, bet noraid\u012bja \u0161\u012b so\u013ca noz\u012bm\u012bgumu. &#8220;Pat p\u0113c \u0161\u012bm izmai\u0146\u0101m ASV sp\u0113ku kontingents Eirop\u0101 joproj\u0101m ir liel\u0101ks, nek\u0101 bijis daudzus iepriek\u0161\u0113jos gadus, un kontinent\u0101 ir daudz vair\u0101k ASV sp\u0113ku nek\u0101 pirms 2022. gada,&#8221; sac\u012bja amatpersona.\u00a0<\/p>\n<p>Latvijas, Lietuvas un Polijas amatpersonas ir pazi\u0146oju\u0161as, ka nav inform\u0113tas par jebk\u0101d\u0101m izmai\u0146\u0101m, kas ietekm\u0113tu ASV karav\u012bru kl\u0101tb\u016btni taj\u0101s.<\/p>\n<p>                    Valodas k\u013c\u016bda rakst\u0101?<\/p>\n<p class=\"d-none d-md-block\">Iez\u012bm\u0113jiet tekstu un spiediet Ctrl+Enter, lai nos\u016bt\u012btu labojamo teksta fragmentu redaktoram! Par faktu k\u013c\u016bd\u0101m l\u016bdzam zi\u0146ot e-past\u0101 <a href=\"https:\/\/www.lsm.lv\/cdn-cgi\/l\/email-protection\" class=\"__cf_email__\" data-cfemail=\"acdec9c8cdc7cfc5c6cdecc0dfc182c0da\" rel=\"nofollow noopener\" target=\"_blank\">[email\u00a0protected]<\/a>.<\/p>\n<p class=\"d-md-none\">Iez\u012bm\u0113jiet tekstu un spiediet uz Zi\u0146ot par k\u013c\u016bdu pogas, lai nos\u016bt\u012btu labojamo teksta fragmentu redaktoram!<\/p>\n<p>\n                    Zi\u0146ot par k\u013c\u016bdu\n                <\/p>\n","protected":false},"excerpt":{"rendered":"Amerikas Savienot\u0101s Valstis (ASV) ir apstiprin\u0101ju\u0161as, ka nesamazin\u0101s Igaunij\u0101 izvietoto karav\u012bru skaitu, pazi\u0146oja Igaunijas aizsardz\u012bbas ministrs Hanno Pevkurs.&hellip;\n","protected":false},"author":2,"featured_media":35751,"comment_status":"","ping_status":"","sticky":false,"template":"","format":"standard","meta":{"footnotes":""},"categories":[14],"tags":[23,57,28,29,32,33,22,30,31,35,39,38,36,37,34,40,20,26,27,24,25,54,55,56,21,58],"class_list":{"0":"post-35750","1":"post","2":"type-post","3":"status-publish","4":"format-standard","5":"has-post-thumbnail","7":"category-zinas-no-arvalstim","8":"tag-aktualitates","9":"tag-arvalstim","10":"tag-breaking-news","11":"tag-breakingnews","12":"tag-featured-news","13":"tag-featurednews","14":"tag-headlines","15":"tag-latest-news","16":"tag-latestnews","17":"tag-latvia","18":"tag-latvian","19":"tag-latviesu","20":"tag-latviesu-valoda","21":"tag-latviesuvaloda","22":"tag-latvija","23":"tag-lv","24":"tag-news","25":"tag-popularakas-zinas","26":"tag-popularakaszinas","27":"tag-top-stories","28":"tag-topstories","29":"tag-world","30":"tag-world-news","31":"tag-worldnews","32":"tag-zinas","33":"tag-zinas-no-arvalstim"},"share_on_mastodon":{"url":"https:\/\/pubeurope.com\/@lv\/115466993846502036","error":""},"_links":{"self":[{"href":"https:\/\/www.europesays.com\/lv\/wp-json\/wp\/v2\/posts\/35750","targetHints":{"allow":["GET"]}}],"collection":[{"href":"https:\/\/www.europesays.com\/lv\/wp-json\/wp\/v2\/posts"}],"about":[{"href":"https:\/\/www.europesays.com\/lv\/wp-json\/wp\/v2\/types\/post"}],"author":[{"embeddable":true,"href":"https:\/\/www.europesays.com\/lv\/wp-json\/wp\/v2\/users\/2"}],"replies":[{"embeddable":true,"href":"https:\/\/www.europesays.com\/lv\/wp-json\/wp\/v2\/comments?post=35750"}],"version-history":[{"count":0,"href":"https:\/\/www.europesays.com\/lv\/wp-json\/wp\/v2\/posts\/35750\/revisions"}],"wp:featuredmedia":[{"embeddable":true,"href":"https:\/\/www.europesays.com\/lv\/wp-json\/wp\/v2\/media\/35751"}],"wp:attachment":[{"href":"https:\/\/www.europesays.com\/lv\/wp-json\/wp\/v2\/media?parent=35750"}],"wp:term":[{"taxonomy":"category","embeddable":true,"href":"https:\/\/www.europesays.com\/lv\/wp-json\/wp\/v2\/categories?post=35750"},{"taxonomy":"post_tag","embeddable":true,"href":"https:\/\/www.europesays.com\/lv\/wp-json\/wp\/v2\/tags?post=35750"}],"curies":[{"name":"wp","href":"https:\/\/api.w.org\/{rel}","templated":true}]}}