{"id":35770,"date":"2025-10-31T05:35:09","date_gmt":"2025-10-31T05:35:09","guid":{"rendered":"https:\/\/www.europesays.com\/lv\/35770\/"},"modified":"2025-10-31T05:35:09","modified_gmt":"2025-10-31T05:35:09","slug":"gribu-portfelim-pievienot-tabletites","status":"publish","type":"post","link":"https:\/\/www.europesays.com\/lv\/35770\/","title":{"rendered":"Gribu portfelim pievienot tablet\u012btes"},"content":{"rendered":"<p>Man\u0101 ieguld\u012bjumu portfel\u012b l\u012bdz ar neseno akciju p\u0101rdo\u0161anu ir padaudz skaidr\u0101 nauda. Dom\u0101ju, ka to tom\u0113r b\u016btu j\u0101pieliek pie darba. \u0160obr\u012bd p\u0113tu vesel\u012bbas apr\u016bpes sektora uz\u0146\u0113mumu akcijas.<\/p>\n<p><a href=\"https:\/\/static-img.aripaev.ee\/?type=preview&amp;uuid=e4aabaf8-6d74-5956-8012-2f1c5c7aa572\" target=\"_blank\" rel=\"noopener noreferrer nofollow\" class=\"styles_article-image__holder__jEhZc\" style=\"aspect-ratio:1.4466546112115732\"><img alt=\"Gribu portfelim pievienot tablet\u012btes\" draggable=\"false\" fetchpriority=\"high\" decoding=\"async\" data-nimg=\"fill\" style=\"position:absolute;height:100%;width:100%;left:0;top:0;right:0;bottom:0;color:transparent\"   src=\"https:\/\/www.europesays.com\/lv\/wp-content\/uploads\/2025\/10\/1761888909_998_\"\/><\/a><\/p>\n<p>Man\u0101 portfel\u012b skaidra nauda ir p\u0101rsniegusi 6 t\u016bkst. eiro atz\u012bmi. Br\u012bvie naudas l\u012bdzek\u013ci man t\u0101d\u0113j\u0101di nedaudz p\u0101rsniedz jau 17% no kop\u0113j\u0101 portfe\u013ca svara. Dom\u0101ju, ka lab\u0101k b\u016btu, ja \u0161\u012b nauda tom\u0113r atrastos k\u0101das akcij\u0101s, kuru v\u0113rt\u012bbas pieaugums un ar\u012b, iesp\u0113jams, izmaks\u0101t\u0101s dividendes tad ide\u0101l\u0101 gad\u012bjum\u0101 audz\u0113tu manu bag\u0101t\u012bbu.<\/p>\n<p>Interes\u0113 \u0161\u012b t\u0113ma? S\u0101c sekot \u0161iem atsl\u0113gas v\u0101rdiem un sa\u0146em pazi\u0146ojumus, kad ir pieejams jauns saturs!<\/p>\n","protected":false},"excerpt":{"rendered":"Man\u0101 ieguld\u012bjumu portfel\u012b l\u012bdz ar neseno akciju p\u0101rdo\u0161anu ir padaudz skaidr\u0101 nauda. Dom\u0101ju, ka to tom\u0113r b\u016btu j\u0101pieliek&hellip;\n","protected":false},"author":2,"featured_media":35771,"comment_status":"","ping_status":"","sticky":false,"template":"","format":"standard","meta":{"footnotes":""},"categories":[14],"tags":[23,57,28,29,32,33,22,30,31,35,39,38,36,37,34,40,20,26,27,24,25,54,55,56,21,58],"class_list":{"0":"post-35770","1":"post","2":"type-post","3":"status-publish","4":"format-standard","5":"has-post-thumbnail","7":"category-zinas-no-arvalstim","8":"tag-aktualitates","9":"tag-arvalstim","10":"tag-breaking-news","11":"tag-breakingnews","12":"tag-featured-news","13":"tag-featurednews","14":"tag-headlines","15":"tag-latest-news","16":"tag-latestnews","17":"tag-latvia","18":"tag-latvian","19":"tag-latviesu","20":"tag-latviesu-valoda","21":"tag-latviesuvaloda","22":"tag-latvija","23":"tag-lv","24":"tag-news","25":"tag-popularakas-zinas","26":"tag-popularakaszinas","27":"tag-top-stories","28":"tag-topstories","29":"tag-world","30":"tag-world-news","31":"tag-worldnews","32":"tag-zinas","33":"tag-zinas-no-arvalstim"},"share_on_mastodon":{"url":"https:\/\/pubeurope.com\/@lv\/115467159126254640","error":""},"_links":{"self":[{"href":"https:\/\/www.europesays.com\/lv\/wp-json\/wp\/v2\/posts\/35770","targetHints":{"allow":["GET"]}}],"collection":[{"href":"https:\/\/www.europesays.com\/lv\/wp-json\/wp\/v2\/posts"}],"about":[{"href":"https:\/\/www.europesays.com\/lv\/wp-json\/wp\/v2\/types\/post"}],"author":[{"embeddable":true,"href":"https:\/\/www.europesays.com\/lv\/wp-json\/wp\/v2\/users\/2"}],"replies":[{"embeddable":true,"href":"https:\/\/www.europesays.com\/lv\/wp-json\/wp\/v2\/comments?post=35770"}],"version-history":[{"count":0,"href":"https:\/\/www.europesays.com\/lv\/wp-json\/wp\/v2\/posts\/35770\/revisions"}],"wp:featuredmedia":[{"embeddable":true,"href":"https:\/\/www.europesays.com\/lv\/wp-json\/wp\/v2\/media\/35771"}],"wp:attachment":[{"href":"https:\/\/www.europesays.com\/lv\/wp-json\/wp\/v2\/media?parent=35770"}],"wp:term":[{"taxonomy":"category","embeddable":true,"href":"https:\/\/www.europesays.com\/lv\/wp-json\/wp\/v2\/categories?post=35770"},{"taxonomy":"post_tag","embeddable":true,"href":"https:\/\/www.europesays.com\/lv\/wp-json\/wp\/v2\/tags?post=35770"}],"curies":[{"name":"wp","href":"https:\/\/api.w.org\/{rel}","templated":true}]}}