{"id":35782,"date":"2025-10-31T05:47:07","date_gmt":"2025-10-31T05:47:07","guid":{"rendered":"https:\/\/www.europesays.com\/lv\/35782\/"},"modified":"2025-10-31T05:47:07","modified_gmt":"2025-10-31T05:47:07","slug":"vacijas-valdiba-domstarpibas-par-militariem-un-ekonomiskiem-jautajumiem-raksts","status":"publish","type":"post","link":"https:\/\/www.europesays.com\/lv\/35782\/","title":{"rendered":"V\u0101cijas vald\u012bb\u0101 domstarp\u012bbas par milit\u0101riem un ekonomiskiem jaut\u0101jumiem \/ Raksts"},"content":{"rendered":"<p>Izdevums &#8220;Politico&#8221;\u00a0v\u0113sta par spriedzi V\u0101cijas koal\u012bcij\u0101, kur nov\u0113rojami str\u012bdi gan par iesauk\u0161anu armij\u0101 un pensij\u0101m, gan par probl\u0113m\u0101m autob\u016bves nozar\u0113 un l\u0113no ekonomikas izaugsmi. Kanclers\u00a0Fr\u012bdrihs\u00a0Mercs gan nor\u0101da, ka publiskas diskusijas par \u0161iem jaut\u0101jumiem nenoz\u012bm\u0113jot, ka tie ir str\u012bdi. Tom\u0113r domstarp\u012bbas ir ac\u012bmredzamas.<\/p>\n<p>K\u0101 spilgtu koal\u012bcijas iek\u0161\u0113jo c\u012b\u0146as piem\u0113ru izdevums min jaut\u0101jumu par iesauk\u0161anu armij\u0101, armijas n\u0101kotni un to, cik noz\u012bm\u012bgu vietu armijai j\u0101ie\u0146em V\u0101cijas nacion\u0101laj\u0101 identit\u0101t\u0113. Politi\u0137iem gr\u016bti vienoties par to, k\u0101 tie\u0161i b\u016btu palielin\u0101ms iesaucamo skaits \u2013\u00a0ar stingr\u0101k\u0101m vai maig\u0101k\u0101m metod\u0113m.<\/p>\n<p>Otrs lielais\u00a0jaut\u0101jums ir pensijas, kas ir valsts liel\u0101k\u0101 publisko izdevumu poz\u012bcija. Kam\u0113r kanclera soci\u0101ldemokr\u0101ti v\u0113las saglab\u0101t pa\u0161reiz\u0113jo pensijas l\u012bmeni 48% apm\u0113r\u0101 no vid\u0113j\u0101s algas ar\u012b p\u0113c 2031. gada, krist\u012bgie demokr\u0101ti taj\u0101 saredz jaun\u0101s paaudzes apzag\u0161anu, jo tam l\u012bdz 2040. gadam b\u016btu j\u0101t\u0113r\u0113 papildu 115 miljardus eiro.<\/p>\n<p>V\u0113l\u0113t\u0101ji nav \u012bpa\u0161i pozit\u012bvi noska\u0146oti par \u0161\u0101 br\u012b\u017ea vald\u012bbu, jo, k\u0101 secin\u0101ts laikraksta\u00a0&#8220;Bild&#8221;\u00a0aptauj\u0101, maz\u0101k nek\u0101 tre\u0161da\u013ca v\u0101cie\u0161u uzskata, ka koal\u012bcija sp\u0113s vald\u012bt l\u012bdz perioda beig\u0101m 2029. gad\u0101.<\/p>\n<blockquote>\n<p>Ar\u012b vald\u012bbas atbalsts nokrities l\u012bdz rekordzemam l\u012bmenim \u2013 25 %.<\/p>\n<\/blockquote>\n<p>Taj\u0101 pa\u0161\u0101 laik\u0101 gal\u0113ji lab\u0113j\u0101 partija &#8220;Alternat\u012bva V\u0101cijai&#8221;\u00a0(AfD) nesen ir apsteigusi Merca konservat\u012bvos un k\u013cuvusi par popul\u0101r\u0101ko partiju V\u0101cij\u0101, liecina izdevuma &#8220;Politico&#8221;\u00a0aptauja.<\/p>\n<p>                    Valodas k\u013c\u016bda rakst\u0101?<\/p>\n<p class=\"d-none d-md-block\">Iez\u012bm\u0113jiet tekstu un spiediet Ctrl+Enter, lai nos\u016bt\u012btu labojamo teksta fragmentu redaktoram! Par faktu k\u013c\u016bd\u0101m l\u016bdzam zi\u0146ot e-past\u0101 <a href=\"https:\/\/www.lsm.lv\/cdn-cgi\/l\/email-protection\" class=\"__cf_email__\" data-cfemail=\"51233435303a32383b30113d223c7f3d27\" rel=\"nofollow noopener\" target=\"_blank\">[email\u00a0protected]<\/a>.<\/p>\n<p class=\"d-md-none\">Iez\u012bm\u0113jiet tekstu un spiediet uz Zi\u0146ot par k\u013c\u016bdu pogas, lai nos\u016bt\u012btu labojamo teksta fragmentu redaktoram!<\/p>\n<p>\n                    Zi\u0146ot par k\u013c\u016bdu\n                <\/p>\n","protected":false},"excerpt":{"rendered":"Izdevums &#8220;Politico&#8221;\u00a0v\u0113sta par spriedzi V\u0101cijas koal\u012bcij\u0101, kur nov\u0113rojami str\u012bdi gan par iesauk\u0161anu armij\u0101 un pensij\u0101m, gan par probl\u0113m\u0101m&hellip;\n","protected":false},"author":2,"featured_media":35783,"comment_status":"","ping_status":"","sticky":false,"template":"","format":"standard","meta":{"footnotes":""},"categories":[14],"tags":[23,57,28,29,32,33,22,30,31,35,39,38,36,37,34,40,20,26,27,24,25,54,55,56,21,58],"class_list":{"0":"post-35782","1":"post","2":"type-post","3":"status-publish","4":"format-standard","5":"has-post-thumbnail","7":"category-zinas-no-arvalstim","8":"tag-aktualitates","9":"tag-arvalstim","10":"tag-breaking-news","11":"tag-breakingnews","12":"tag-featured-news","13":"tag-featurednews","14":"tag-headlines","15":"tag-latest-news","16":"tag-latestnews","17":"tag-latvia","18":"tag-latvian","19":"tag-latviesu","20":"tag-latviesu-valoda","21":"tag-latviesuvaloda","22":"tag-latvija","23":"tag-lv","24":"tag-news","25":"tag-popularakas-zinas","26":"tag-popularakaszinas","27":"tag-top-stories","28":"tag-topstories","29":"tag-world","30":"tag-world-news","31":"tag-worldnews","32":"tag-zinas","33":"tag-zinas-no-arvalstim"},"share_on_mastodon":{"url":"https:\/\/pubeurope.com\/@lv\/115467206322197513","error":""},"_links":{"self":[{"href":"https:\/\/www.europesays.com\/lv\/wp-json\/wp\/v2\/posts\/35782","targetHints":{"allow":["GET"]}}],"collection":[{"href":"https:\/\/www.europesays.com\/lv\/wp-json\/wp\/v2\/posts"}],"about":[{"href":"https:\/\/www.europesays.com\/lv\/wp-json\/wp\/v2\/types\/post"}],"author":[{"embeddable":true,"href":"https:\/\/www.europesays.com\/lv\/wp-json\/wp\/v2\/users\/2"}],"replies":[{"embeddable":true,"href":"https:\/\/www.europesays.com\/lv\/wp-json\/wp\/v2\/comments?post=35782"}],"version-history":[{"count":0,"href":"https:\/\/www.europesays.com\/lv\/wp-json\/wp\/v2\/posts\/35782\/revisions"}],"wp:featuredmedia":[{"embeddable":true,"href":"https:\/\/www.europesays.com\/lv\/wp-json\/wp\/v2\/media\/35783"}],"wp:attachment":[{"href":"https:\/\/www.europesays.com\/lv\/wp-json\/wp\/v2\/media?parent=35782"}],"wp:term":[{"taxonomy":"category","embeddable":true,"href":"https:\/\/www.europesays.com\/lv\/wp-json\/wp\/v2\/categories?post=35782"},{"taxonomy":"post_tag","embeddable":true,"href":"https:\/\/www.europesays.com\/lv\/wp-json\/wp\/v2\/tags?post=35782"}],"curies":[{"name":"wp","href":"https:\/\/api.w.org\/{rel}","templated":true}]}}