{"id":35794,"date":"2025-10-31T06:05:07","date_gmt":"2025-10-31T06:05:07","guid":{"rendered":"https:\/\/www.europesays.com\/lv\/35794\/"},"modified":"2025-10-31T06:05:07","modified_gmt":"2025-10-31T06:05:07","slug":"vilnas-lidosta-baltkrievijas-gaisa-balonu-del-atkal-partraukta-satiksme","status":"publish","type":"post","link":"https:\/\/www.europesays.com\/lv\/35794\/","title":{"rendered":"Vi\u013c\u0146as lidost\u0101 Baltkrievijas gaisa balonu d\u0113\u013c atkal p\u0101rtraukta satiksme"},"content":{"rendered":"<p>P\u0113c aviosatiksmes aptur\u0113\u0161anas Vi\u013c\u0146as lidost\u0101 ceturtdienas vakar\u0101 plkst. 20.10 t\u0101 tika ats\u0101kta plkst. 22.43.<\/p>\n<p>\u0160ie pagaidu ierobe\u017eojumi ietekm\u0113ja gan ien\u0101ko\u0161os, gan izejo\u0161os lidojumus, un da\u017ei lidojumi tika atcelti.<\/p>\n<p>&#8220;Tika ietekm\u0113ti 20 reisi un vair\u0101k nek\u0101 2000 pasa\u017eieru. Kopum\u0101 Vi\u013c\u0146as lidost\u0101 tika atcelti \u010detri reisi, \u010detri tika novirz\u012bti un 12 reisi kav\u0113j\u0101s. Gaisa telpas sl\u0113g\u0161anas d\u0113\u013c pasa\u017eieri, aviokomp\u0101nijas un lidosta zaud\u0113ja simtiem t\u016bksto\u0161u eiro,&#8221; nor\u0101da Vi\u013c\u0146as lidosta.<\/p>\n<p>T\u0101pat tiek atz\u012bm\u0113ts, ka dienas laik\u0101 var tikt re\u0123istr\u0113tas atsevi\u0161\u0137as lidojumu kav\u0113\u0161an\u0101s apkalpes un gaisa ku\u0123u rot\u0101cijas trauc\u0113jumu d\u0113\u013c.<\/p>\n<p>Saist\u012bb\u0101 ar to, ka pag\u0101ju\u0161aj\u0101 ned\u0113\u013c\u0101 Lietuv\u0101 tika re\u0123istr\u0113ts kontrabandas balonu no Baltkrievijas skaita pieaugums un tika trauc\u0113ts Vi\u013c\u0146as lidostas darbs, Lietuvas vald\u012bba tre\u0161dien nol\u0113ma l\u012bdz 30. novembrim sl\u0113gt valsts robe\u017eu ar Baltkrieviju, nosakot iz\u0146\u0113mumus atsevi\u0161\u0137\u0101m ce\u013cot\u0101ju grup\u0101m.<\/p>\n<p>Saska\u0146\u0101 ar vald\u012bbas l\u0113mumu uz m\u0113nesi tiks sl\u0113gti divi p\u0113d\u0113jie Lietuvas robe\u017ekontroles punkti uz robe\u017eas ar Baltkrieviju &#8211; Medininkos un \u0160al\u010dininkos. \u0160ie abi kontrolpunkti ir sl\u0113gti kop\u0161 sv\u0113tdienas vakara, kad Lietuv\u0101 no Baltkrievijas k\u0101rt\u0113jo reizi ielidoja liels kontrabandas balonu skaits.<\/p>\n<p>\u0160al\u010dininku kontrolpunkt\u0101 robe\u017e\u0161\u0137\u0113rso\u0161ana b\u016bs piln\u012bb\u0101 p\u0101rtraukta, bet Medininku kontrolpunkt\u0101 darb\u012bba tiks ierobe\u017eota, paredzot iz\u0146\u0113mumus noteikt\u0101m ce\u013cot\u0101ju kategorij\u0101m, kur\u0101m b\u016bs at\u013cauts \u0161\u0137\u0113rsot robe\u017eu \u0161aj\u0101 viet\u0101.<\/p>\n","protected":false},"excerpt":{"rendered":"P\u0113c aviosatiksmes aptur\u0113\u0161anas Vi\u013c\u0146as lidost\u0101 ceturtdienas vakar\u0101 plkst. 20.10 t\u0101 tika ats\u0101kta plkst. 22.43. \u0160ie pagaidu ierobe\u017eojumi ietekm\u0113ja&hellip;\n","protected":false},"author":2,"featured_media":35795,"comment_status":"","ping_status":"","sticky":false,"template":"","format":"standard","meta":{"footnotes":""},"categories":[14],"tags":[23,57,1807,1805,2416,28,29,32,33,22,30,31,35,39,38,36,37,34,1464,40,20,26,27,24,25,3395,54,55,56,21,58],"class_list":{"0":"post-35794","1":"post","2":"type-post","3":"status-publish","4":"format-standard","5":"has-post-thumbnail","7":"category-zinas-no-arvalstim","8":"tag-aktualitates","9":"tag-arvalstim","10":"tag-avioindustrija","11":"tag-aviotransports","12":"tag-baltkrievija","13":"tag-breaking-news","14":"tag-breakingnews","15":"tag-featured-news","16":"tag-featurednews","17":"tag-headlines","18":"tag-latest-news","19":"tag-latestnews","20":"tag-latvia","21":"tag-latvian","22":"tag-latviesu","23":"tag-latviesu-valoda","24":"tag-latviesuvaloda","25":"tag-latvija","26":"tag-lietuva","27":"tag-lv","28":"tag-news","29":"tag-popularakas-zinas","30":"tag-popularakaszinas","31":"tag-top-stories","32":"tag-topstories","33":"tag-vilna","34":"tag-world","35":"tag-world-news","36":"tag-worldnews","37":"tag-zinas","38":"tag-zinas-no-arvalstim"},"share_on_mastodon":{"url":"https:\/\/pubeurope.com\/@lv\/115467277001761420","error":""},"_links":{"self":[{"href":"https:\/\/www.europesays.com\/lv\/wp-json\/wp\/v2\/posts\/35794","targetHints":{"allow":["GET"]}}],"collection":[{"href":"https:\/\/www.europesays.com\/lv\/wp-json\/wp\/v2\/posts"}],"about":[{"href":"https:\/\/www.europesays.com\/lv\/wp-json\/wp\/v2\/types\/post"}],"author":[{"embeddable":true,"href":"https:\/\/www.europesays.com\/lv\/wp-json\/wp\/v2\/users\/2"}],"replies":[{"embeddable":true,"href":"https:\/\/www.europesays.com\/lv\/wp-json\/wp\/v2\/comments?post=35794"}],"version-history":[{"count":0,"href":"https:\/\/www.europesays.com\/lv\/wp-json\/wp\/v2\/posts\/35794\/revisions"}],"wp:featuredmedia":[{"embeddable":true,"href":"https:\/\/www.europesays.com\/lv\/wp-json\/wp\/v2\/media\/35795"}],"wp:attachment":[{"href":"https:\/\/www.europesays.com\/lv\/wp-json\/wp\/v2\/media?parent=35794"}],"wp:term":[{"taxonomy":"category","embeddable":true,"href":"https:\/\/www.europesays.com\/lv\/wp-json\/wp\/v2\/categories?post=35794"},{"taxonomy":"post_tag","embeddable":true,"href":"https:\/\/www.europesays.com\/lv\/wp-json\/wp\/v2\/tags?post=35794"}],"curies":[{"name":"wp","href":"https:\/\/api.w.org\/{rel}","templated":true}]}}