{"id":35806,"date":"2025-10-31T06:19:09","date_gmt":"2025-10-31T06:19:09","guid":{"rendered":"https:\/\/www.europesays.com\/lv\/35806\/"},"modified":"2025-10-31T06:19:09","modified_gmt":"2025-10-31T06:19:09","slug":"luvra-papira-cietoksnis-darglietu-zadziba-atklaj-dzilas-drosibas-problemas-un-iespejamu-nodevibu-lente-lv","status":"publish","type":"post","link":"https:\/\/www.europesays.com\/lv\/35806\/","title":{"rendered":"Luvra \u2013 &#8220;pap\u012bra cietoksnis&#8221;? D\u0101rglietu z\u0101dz\u012bba atkl\u0101j dzi\u013cas dro\u0161\u012bbas probl\u0113mas un iesp\u0113jamu nodev\u012bbu\u00a0\u2014\u00a0Lente.lv"},"content":{"rendered":"<p>Neseno d\u0101rglietu z\u0101dz\u012bbu Luvras muzej\u0101, kuras v\u0113rt\u012bba l\u0113\u0161ama 88 miljonos eiro, ir satricin\u0101jusi ne tikai m\u0101kslas pasauli, bet ar\u012b likusi uzdot nopietnus jaut\u0101jumus par vienas no presti\u017e\u0101kaj\u0101m kult\u016bras iest\u0101d\u0113m pasaul\u0113 dro\u0161\u012bbas sist\u0113m\u0101m. S\u0101kotn\u0113j\u0101s versijas par profesion\u0101lu zag\u013cu uzbrukumu ir ieguvu\u0161as jaunu, v\u0113l skandaloz\u0101ku pav\u0113rsienu \u2013 izmekl\u0113t\u0101ji pau\u017e aizdomas par iesp\u0113jamu nodev\u012bbu no muzeja iek\u0161ienes. \u0160is notikums ir likvid\u0113jis il\u016bziju par dro\u0161\u012bbas sp\u0113ku necaurlaid\u012bbu un rad\u012bjis ba\u017eas, ka slavenais muzejs var\u0113tu b\u016bt k\u013cuvis par ievainojamu &#8220;pap\u012bra cietoksni&#8221;.<\/p>\n<p>Dro\u0161\u012bbas sist\u0113mu nepiln\u012bbas: Atkl\u0101ti v\u0101jie punkti<\/p>\n<p>Luvras muzeja direktore Loransa de Kara ir publiski atzinusi, ka muzeja videonov\u0113ro\u0161anas sist\u0113mas ir biju\u0161as nepietiekamas, lai laic\u012bgi aptur\u0113tu zag\u013cus. Vi\u0146a atkl\u0101jusi, ka muzeja perimetra nov\u0113ro\u0161anas sist\u0113ma bija novecojusi un v\u0101ja, turkl\u0101t vien\u012bg\u0101 kamera, kas bija novietota pie loga, caur kuru garnad\u017ei iek\u013cuva Apolo galerij\u0101, bija v\u0113rsta nepareiz\u0101 virzien\u0101 \u2013 prom no ielau\u0161an\u0101s vietas. \u0160\u012b nolaid\u012bba \u013c\u0101vusi noziedzniekiem netrauc\u0113ti veikt savu pl\u0101nu. Lai gan s\u0101kum\u0101 ministri noliedza jebk\u0101das dro\u0161\u012bbas nepiln\u012bbas, de Kara ir stingri paudusi, ka muzejs nav sp\u0113jis nodro\u0161in\u0101t adekv\u0101tu dro\u0161\u012bbu, atz\u012bstot, ka Luvra ir &#8220;sakauta&#8221;. Vi\u0146a ar\u012b nor\u0101d\u012bjusi, ka da\u017e\u0101s viet\u0101s muzeja dro\u0161\u012bbas sist\u0113mas ir tik vecas, ka t\u0101s nav iesp\u0113jams savietot ar m\u016bsdienu tehnolo\u0123ij\u0101m, un ka ieguld\u012bjumi dro\u0161\u012bb\u0101, neskatoties uz milz\u012bgo apmekl\u0113t\u0101ju skaitu, ir biju\u0161i l\u0113ni un sask\u0101ru\u0161ies ar bud\u017eeta probl\u0113m\u0101m. \u0160\u012b situ\u0101cija, kur\u0101 viens no pasaules apmekl\u0113t\u0101kajiem muzejiem nesp\u0113j pasarg\u0101t savus d\u0101rgumus, rada dzi\u013cas ba\u017eas par kult\u016bras mantojuma saglab\u0101\u0161anu.<\/p>\n<p>&#8220;Nodev\u012bbas&#8221; versija: Vai vain\u012bgs ir k\u0101ds no iek\u0161ienes?<\/p>\n<p>Izmekl\u0113\u0161anas gait\u0101 ir radusies viena no skandaloz\u0101kaj\u0101m versij\u0101m \u2013 iesp\u0113jama l\u012bdzdal\u012bba no muzeja iek\u0161ienes. Britu laikraksts &#8220;The Telegraph&#8221;, atsaucoties uz izmekl\u0113\u0161anai tuviem avotiem, zi\u0146o, ka viens no Luvras apsardzes darbiniekiem pirms z\u0101dz\u012bbas bija kontakt\u0113jies ar zag\u013ciem. \u0160\u012b iesp\u0113jam\u0101 nodev\u012bba \u013c\u0101vusi noziedzniekiem ieg\u016bt konfidenci\u0101lu inform\u0101ciju par muzeja dro\u0161\u012bbas sist\u0113mas nepiln\u012bb\u0101m un v\u0101jaj\u0101m viet\u0101m, prec\u012bzi zinot, k\u0101 iek\u013c\u016bt muzej\u0101 un izvair\u012bties no dro\u0161\u012bbas pas\u0101kumiem. Digit\u0101lie pier\u0101d\u012bjumi, tostarp e-pasti un sarunu ieraksti, nor\u0101dot uz k\u0101da muzeja darbinieka iesp\u0113jamo l\u012bdzdal\u012bbu. Par\u012bzes prokurat\u016bra akt\u012bvi izskata \u0161o versiju, uzsverot, ka &#8220;iesp\u0113ja par l\u012bdzdal\u012bbu muzeja iek\u0161ien\u0113 tiks r\u016bp\u012bgi p\u0101rbaud\u012bta&#8221;. \u0160obr\u012bd ir aiztur\u0113ti divi aizdom\u0101s turamie \u2013 viens uz Francijas \u0160arla de Golla lidostas, m\u0113\u0123inot doties uz Al\u017e\u012briju, bet otrs Par\u012bzes zieme\u013cos. Ta\u010du galvenie z\u0101dz\u012bbas dal\u012bbnieki joproj\u0101m tiek mekl\u0113ti. Viens no aiztur\u0113tajiem ir 34 gadus vecs Al\u017e\u012brijas pilsonis, bet otrs \u2013 39 gadus vecs Francijas pilsonis, abiem iepriek\u0161 jau bijusi saskarsme ar likumsargiem.<\/p>\n<p>Vai z\u0101dz\u012bbu pas\u016bt\u012bjis bag\u0101ts kolekcion\u0101rs vai politi\u0137is?<\/p>\n<p>Izmekl\u0113t\u0101ji neizsl\u0113dz ar\u012b citas versijas, tostarp to, ka noziegums var\u0113tu b\u016bt pas\u016bt\u012bjis k\u0101ds bag\u0101ts kolekcion\u0101rs. \u0160\u012b teorija balst\u0101s uz to, ka z\u0101dz\u012bbas oper\u0101cija demonstr\u0113jusi visas organiz\u0113tas noziedz\u012bbas paz\u012bmes \u2013 profesion\u0101lu izpild\u012bjumu un prec\u012bzu pl\u0101no\u0161anu. Tom\u0113r ir izvirz\u012bta ar\u012b radik\u0101l\u0101ka ideja \u2013 ka aiz z\u0101dz\u012bbas var\u0113tu sl\u0113pties politiska motiv\u0101cija. &#8220;The Telegraph&#8221; kan\u0101ls &#8220;Berlinspeaks&#8221; koment\u0113, ka &#8220;klients&#8221; var\u0113tu v\u0113l\u0113ties ne tikai ieg\u016bt \u017dozef\u012bnes d\u0101rglietas, bet ar\u012b nodar\u012bt Francijai politisku kait\u0113jumu, radot &#8220;nacion\u0101l\u0101 pazemojuma&#8221; saj\u016btu. \u0160is skat\u012bjums pau\u017e domu, ka noziegums var\u0113tu b\u016bt l\u012bdz\u012bgs &#8220;hibr\u012bdkara oper\u0101cijai&#8221; vair\u0101k nek\u0101 vienk\u0101r\u0161ai d\u0101rglietu z\u0101dz\u012bbai, uzsverot vieglumu un nesod\u0101m\u012bbu, ar k\u0101du noziedznieki sp\u0113ju\u0161i piek\u013c\u016bt Eiropas kult\u016bras identit\u0101tes simbolam.<\/p>\n<p>Luvra \u2013 no cietok\u0161\u0146a l\u012bdz &#8220;pap\u012bra pilij&#8221;<\/p>\n<p>Luvras muzejs, kas savulaik bija viduslaiku cietoksnis, tagad saskaras ar nopietniem dro\u0161\u012bbas izaicin\u0101jumiem, liekot aizdom\u0101ties, vai tas nav k\u013cuvis par &#8220;pap\u012bra cietoksni&#8221; m\u016bsdienu pasaul\u0113. Lai gan miljoniem cilv\u0113ku katru gadu apmekl\u0113 \u0161o slaveno instit\u016bciju, lai apbr\u012bnotu t\u0101dus \u0161edevrus k\u0101 &#8220;Mona Liza&#8221;, \u0161is incidents ir atkl\u0101jis dzi\u013ci iesak\u0146oju\u0161\u0101s probl\u0113mas dro\u0161\u012bbas sist\u0113m\u0101s. Ir skaidrs, ka ieguld\u012bjumi dro\u0161\u012bb\u0101 ir nepiecie\u0161ami ne tikai lai pasarg\u0101tu v\u0113rt\u012bgus m\u0101kslas priek\u0161metus, bet ar\u012b lai saglab\u0101tu uztic\u012bbu un integrit\u0101ti vienai no pasaules noz\u012bm\u012bg\u0101kaj\u0101m kult\u016bras atmi\u0146as viet\u0101m. Muzeja vad\u012bbai un attiec\u012bgaj\u0101m iest\u0101d\u0113m ir j\u0101veic nopietni pas\u0101kumi, lai atjaunotu uztic\u012bbu un nodro\u0161in\u0101tu, ka Luvra sp\u0113j st\u0101ties pret\u012b gan profesion\u0101liem noziedzniekiem, gan ar\u012b iesp\u0113jam\u0101m iek\u0161\u0113j\u0101m v\u0101j\u012bb\u0101m, t\u0101d\u0113j\u0101di atg\u016bstot savu k\u0101dreiz\u0113jo &#8220;cietok\u0161\u0146a&#8221; statusu.<\/p>\n","protected":false},"excerpt":{"rendered":"Neseno d\u0101rglietu z\u0101dz\u012bbu Luvras muzej\u0101, kuras v\u0113rt\u012bba l\u0113\u0161ama 88 miljonos eiro, ir satricin\u0101jusi ne tikai m\u0101kslas pasauli, bet&hellip;\n","protected":false},"author":2,"featured_media":35807,"comment_status":"","ping_status":"","sticky":false,"template":"","format":"standard","meta":{"footnotes":""},"categories":[5],"tags":[23,28,29,9317,10530,32,33,22,30,31,35,39,38,36,37,34,7970,40,10531,20,7893,26,27,24,25,21],"class_list":{"0":"post-35806","1":"post","2":"type-post","3":"status-publish","4":"format-standard","5":"has-post-thumbnail","7":"category-aktualitates","8":"tag-aktualitates","9":"tag-breaking-news","10":"tag-breakingnews","11":"tag-darglietu-zadziba","12":"tag-drosibas-sistemas","13":"tag-featured-news","14":"tag-featurednews","15":"tag-headlines","16":"tag-latest-news","17":"tag-latestnews","18":"tag-latvia","19":"tag-latvian","20":"tag-latviesu","21":"tag-latviesu-valoda","22":"tag-latviesuvaloda","23":"tag-latvija","24":"tag-luvras-muzejs","25":"tag-lv","26":"tag-muzeju-drosiba","27":"tag-news","28":"tag-parize","29":"tag-popularakas-zinas","30":"tag-popularakaszinas","31":"tag-top-stories","32":"tag-topstories","33":"tag-zinas"},"share_on_mastodon":{"url":"https:\/\/pubeurope.com\/@lv\/115467332039662828","error":""},"_links":{"self":[{"href":"https:\/\/www.europesays.com\/lv\/wp-json\/wp\/v2\/posts\/35806","targetHints":{"allow":["GET"]}}],"collection":[{"href":"https:\/\/www.europesays.com\/lv\/wp-json\/wp\/v2\/posts"}],"about":[{"href":"https:\/\/www.europesays.com\/lv\/wp-json\/wp\/v2\/types\/post"}],"author":[{"embeddable":true,"href":"https:\/\/www.europesays.com\/lv\/wp-json\/wp\/v2\/users\/2"}],"replies":[{"embeddable":true,"href":"https:\/\/www.europesays.com\/lv\/wp-json\/wp\/v2\/comments?post=35806"}],"version-history":[{"count":0,"href":"https:\/\/www.europesays.com\/lv\/wp-json\/wp\/v2\/posts\/35806\/revisions"}],"wp:featuredmedia":[{"embeddable":true,"href":"https:\/\/www.europesays.com\/lv\/wp-json\/wp\/v2\/media\/35807"}],"wp:attachment":[{"href":"https:\/\/www.europesays.com\/lv\/wp-json\/wp\/v2\/media?parent=35806"}],"wp:term":[{"taxonomy":"category","embeddable":true,"href":"https:\/\/www.europesays.com\/lv\/wp-json\/wp\/v2\/categories?post=35806"},{"taxonomy":"post_tag","embeddable":true,"href":"https:\/\/www.europesays.com\/lv\/wp-json\/wp\/v2\/tags?post=35806"}],"curies":[{"name":"wp","href":"https:\/\/api.w.org\/{rel}","templated":true}]}}