{"id":35808,"date":"2025-10-31T06:23:11","date_gmt":"2025-10-31T06:23:11","guid":{"rendered":"https:\/\/www.europesays.com\/lv\/35808\/"},"modified":"2025-10-31T06:23:11","modified_gmt":"2025-10-31T06:23:11","slug":"tramps-ticies-ar-kinas-prezidentu","status":"publish","type":"post","link":"https:\/\/www.europesays.com\/lv\/35808\/","title":{"rendered":"Tramps ticies ar \u0136\u012bnas prezidentu"},"content":{"rendered":"<p>ASV prezidents Donalds Tramps ceturtdien pazi\u0146oja, ka vi\u0146\u0161 un \u0136\u012bnas prezidents Sji Dzji\u0146pins sarun\u0101s Dienvidkorej\u0101 vienoju\u0161ies &#8220;str\u0101d\u0101t kop\u0101&#8221; Ukrainas jaut\u0101jum\u0101.<\/p>\n<p>&#8220;Ukrainas temats bija \u013coti svar\u012bgs. M\u0113s ilgi par to run\u0101j\u0101m, un m\u0113s abi str\u0101d\u0101sim kop\u0101, lai redz\u0113tu, vai m\u0113s varam kaut ko pan\u0101kt,&#8221; \u017eurn\u0101listiem lidma\u0161\u012bn\u0101 &#8220;Air Force One&#8221; sac\u012bja prezidents.<\/p>\n<p>Sji &#8220;mums pal\u012bdz\u0113s, un m\u0113s str\u0101d\u0101sim kop\u0101 Ukrainas jaut\u0101jum\u0101&#8221;, nor\u0101d\u012bja Tramps.<\/p>\n<p>ASV prezidents iepriek\u0161 izteicies, ka cer uz \u0136\u012bnas atbalstu Krievijas pret Ukrainu izv\u0113rst\u0101 kara izbeig\u0161an\u0101.<\/p>\n<p>\u0136\u012bna apgalvo, ka ir neitr\u0101la Krievijas-Ukrainas kar\u0101, t\u0101 nepiedal\u0101s Rietumu sankcij\u0101s pret Maskavu, turpina tai pieg\u0101d\u0101t div\u0113j\u0101da lietojuma preces un p\u0113rk iev\u0113rojamu daudzumu Krievijas naftas.<\/p>\n<p>Pekina un Maskava p\u0113d\u0113jos gados ir pastiprin\u0101ju\u0161as ekonomisko sadarb\u012bbu un diplom\u0101tiskos kontaktus, un kop\u0161 Krievijas pilna m\u0113roga iebrukuma Ukrain\u0101 2022. gada s\u0101kum\u0101 to strat\u0113\u0123isk\u0101 partner\u012bba k\u013cuvusi v\u0113l cie\u0161\u0101ka.<\/p>\n<p>Tarifi<\/p>\n<p>T\u0101pat Tramps pazi\u0146ojis, ka samazin\u0101s \u0136\u012bnai noteiktos muitas tarifus.<\/p>\n<p>Tramps prezidenta lidma\u0161\u012bn\u0101 &#8220;Air Force One&#8221; \u017eurn\u0101listiem sac\u012bja, ka ASV samazin\u0101s tarifus, kas \u0161ogad tika ieviesti k\u0101 sods \u0136\u012bnai par fentanila ra\u017eo\u0161anai izmantoto \u0137\u012bmisko vielu p\u0101rdo\u0161anu, no 20% l\u012bdz 10%. T\u0101d\u0113j\u0101di kop\u0113j\u0101 \u0136\u012bnai noteikt\u0101 muitas tarifu likme tiks samazin\u0101ta no 57% l\u012bdz 47%.<\/p>\n<p>&#8220;Manupr\u0101t, skal\u0101 no 0 l\u012bdz 10, kur desmit ir lab\u0101kais r\u0101d\u012bt\u0101js, m\u016bsu tik\u0161an\u0101s v\u0113rt\u0113jama ar atz\u012bmi 12,&#8221; nor\u0101d\u012bja Tramps.<\/p>\n<p>Vi\u0146\u0161 sac\u012bja, ka apr\u012bl\u012b dosies uz \u0136\u012bnu, bet Sji &#8220;kaut kad p\u0113c tam&#8221; ierad\u012bsies ASV. Prezidents nor\u0101d\u012bja, ka vi\u0146i ar\u012b p\u0101rrun\u0101ju\u0161i progres\u012bvu datoru mikrosh\u0113mu eksportu uz \u0136\u012bnu, uzsverot, ka ASV mikrosh\u0113mu un programmat\u016bru ra\u017eot\u0101js &#8220;Nvidia&#8221; veiks sarunas ar \u0136\u012bnas amatperson\u0101m.<\/p>\n<p>Tramps pav\u0113st\u012bja, ka vi\u0146\u0161 visai dr\u012bz ar \u0136\u012bnu var\u0113tu parakst\u012bt tirdzniec\u012bbas vieno\u0161anos.<\/p>\n<p>T\u0101pat Tramps pazi\u0146oja, ka abu starp\u0101 pan\u0101kt\u0101 vieno\u0161an\u0101s paredz, ka \u0136\u012bna nekav\u0113joties iepirks &#8220;milz\u012bgu daudzumu sojas pupi\u0146u un citu lauksaimniec\u012bbas produktu.&#8221;<\/p>\n<p>Sarun\u0101s pan\u0101kta ar\u012b vieno\u0161an\u0101s, ka \u0136\u012bna at\u013caus reztzemju elementu eksportu. Trampu iepriek\u0161 bija pamat\u012bgi sadusmojusi \u0136\u012bnas piem\u0113rot\u0101 eksporta kontrole retzemju miner\u0101liem, kas ir svar\u012bgs moderno tehnolo\u0123iju komponents.<\/p>\n<p>Tikm\u0113r Sji p\u0113c tik\u0161an\u0101s ar Trampu pazi\u0146oja, ka \u0136\u012bna ir pan\u0101kusi vienpr\u0101t\u012bbu ar Savienotaj\u0101m Valst\u012bm ekonomikas un tirdzniec\u012bbas jaut\u0101jumos.<\/p>\n<p><img decoding=\"async\" src=\"https:\/\/www.europesays.com\/lv\/wp-content\/uploads\/2025\/10\/ef71398062332eddb0f41a7efd03c22d.jpg\" title=\"Foto: AP Photo\/Mark Schiefelbein\/Scanpix\" alt=\"Foto: AP Photo\/Mark Schiefelbein\/Scanpix\"\/><\/p>\n<p class=\"article-img-desc\">Foto: AP Photo\/Mark Schiefelbein\/Scanpix<\/p>\n","protected":false},"excerpt":{"rendered":"ASV prezidents Donalds Tramps ceturtdien pazi\u0146oja, ka vi\u0146\u0161 un \u0136\u012bnas prezidents Sji Dzji\u0146pins sarun\u0101s Dienvidkorej\u0101 vienoju\u0161ies &#8220;str\u0101d\u0101t kop\u0101&#8221;&hellip;\n","protected":false},"author":2,"featured_media":35809,"comment_status":"","ping_status":"","sticky":false,"template":"","format":"standard","meta":{"footnotes":""},"categories":[14],"tags":[129,960,957,4918,23,57,28,29,32,33,22,30,31,35,39,38,36,37,34,40,20,26,27,958,961,4919,959,962,4920,24,25,54,55,56,21,58],"class_list":{"0":"post-35808","1":"post","2":"type-post","3":"status-publish","4":"format-standard","5":"has-post-thumbnail","7":"category-zinas-no-arvalstim","8":"tag-__typenameadvicekeyword","9":"tag-id1007","10":"tag-id597","11":"tag-id657","12":"tag-aktualitates","13":"tag-arvalstim","14":"tag-breaking-news","15":"tag-breakingnews","16":"tag-featured-news","17":"tag-featurednews","18":"tag-headlines","19":"tag-latest-news","20":"tag-latestnews","21":"tag-latvia","22":"tag-latvian","23":"tag-latviesu","24":"tag-latviesu-valoda","25":"tag-latviesuvaloda","26":"tag-latvija","27":"tag-lv","28":"tag-news","29":"tag-popularakas-zinas","30":"tag-popularakaszinas","31":"tag-slugasv","32":"tag-slugdonalds-tramps","33":"tag-slugkina","34":"tag-titleasv","35":"tag-titledonalds-tramps","36":"tag-titlekina","37":"tag-top-stories","38":"tag-topstories","39":"tag-world","40":"tag-world-news","41":"tag-worldnews","42":"tag-zinas","43":"tag-zinas-no-arvalstim"},"share_on_mastodon":{"url":"","error":"Validation failed: Text character limit of 500 exceeded"},"_links":{"self":[{"href":"https:\/\/www.europesays.com\/lv\/wp-json\/wp\/v2\/posts\/35808","targetHints":{"allow":["GET"]}}],"collection":[{"href":"https:\/\/www.europesays.com\/lv\/wp-json\/wp\/v2\/posts"}],"about":[{"href":"https:\/\/www.europesays.com\/lv\/wp-json\/wp\/v2\/types\/post"}],"author":[{"embeddable":true,"href":"https:\/\/www.europesays.com\/lv\/wp-json\/wp\/v2\/users\/2"}],"replies":[{"embeddable":true,"href":"https:\/\/www.europesays.com\/lv\/wp-json\/wp\/v2\/comments?post=35808"}],"version-history":[{"count":0,"href":"https:\/\/www.europesays.com\/lv\/wp-json\/wp\/v2\/posts\/35808\/revisions"}],"wp:featuredmedia":[{"embeddable":true,"href":"https:\/\/www.europesays.com\/lv\/wp-json\/wp\/v2\/media\/35809"}],"wp:attachment":[{"href":"https:\/\/www.europesays.com\/lv\/wp-json\/wp\/v2\/media?parent=35808"}],"wp:term":[{"taxonomy":"category","embeddable":true,"href":"https:\/\/www.europesays.com\/lv\/wp-json\/wp\/v2\/categories?post=35808"},{"taxonomy":"post_tag","embeddable":true,"href":"https:\/\/www.europesays.com\/lv\/wp-json\/wp\/v2\/tags?post=35808"}],"curies":[{"name":"wp","href":"https:\/\/api.w.org\/{rel}","templated":true}]}}