{"id":35812,"date":"2025-10-31T06:29:15","date_gmt":"2025-10-31T06:29:15","guid":{"rendered":"https:\/\/www.europesays.com\/lv\/35812\/"},"modified":"2025-10-31T06:29:15","modified_gmt":"2025-10-31T06:29:15","slug":"tramps-pavel-sakt-kodolierocu-izmeginajumus","status":"publish","type":"post","link":"https:\/\/www.europesays.com\/lv\/35812\/","title":{"rendered":"Tramps pav\u0113l s\u0101kt kodoliero\u010du izm\u0113\u0123in\u0101jumus"},"content":{"rendered":"<p class=\"lead\">\n                                ASV prezidents Donalds Tramps ceturtdien pazi\u0146oja, ka ir pav\u0113l\u0113jis Pentagonam s\u0101kt kodoliero\u010du izm\u0113\u0123in\u0101jumus vien\u0101 l\u012bmen\u012b ar \u0136\u012bnu un Krieviju.\n                            <\/p>\n<p style=\"margin-left:0px;\">Tas notika da\u017eas min\u016btes pirms tam, kad Dienvidkorej\u0101 s\u0101k\u0101s Trampa un \u0136\u012bnas prezidenta Sji Dzji\u0146pina samits.<\/p>\n<p style=\"margin-left:0px;\">Krievijas diktators Vladimirs Putins tre\u0161dien bija pazi\u0146ojis, ka Maskava ir veiksm\u012bgi izm\u0113\u0123in\u0101jusi kodolsp\u0113j\u012bgu, ar kodolener\u0123iju darbin\u0101mu zem\u016bdens dronu, neraugoties uz Va\u0161ingtonas br\u012bdin\u0101jumiem.<\/p>\n<blockquote>\n<p style=\"margin-left:0px;\">&#8220;Citu valstu izm\u0113\u0123in\u0101jumu programmu d\u0113\u013c es esmu instru\u0113jis Kara ministriju s\u0101kt m\u016bsu kodoliero\u010du izm\u0113\u0123in\u0101\u0161anu uz vienl\u012bdz\u012bbas pamatiem,&#8221;\u00a0<\/p>\n<\/blockquote>\n<p style=\"margin-left:0px;\">Tramps rakst\u012bja soci\u0101lo mediju platform\u0101 &#8220;Truth Social&#8221;, konkr\u0113ti atsaucoties uz Krieviju un \u0136\u012bnu.<\/p>\n<p style=\"margin-left:0px;\">Tramps ar\u012b atz\u012bm\u0113ja, ka Savienotaj\u0101m Valst\u012bm ir vair\u0101k kodoliero\u010du nek\u0101 jebkurai citai valstij, un uzslav\u0113ja savus centienus veikt &#8220;past\u0101vo\u0161o iero\u010du piln\u012bgu moderniz\u0101ciju un renov\u0101ciju&#8221;.<\/p>\n<p style=\"margin-left:0px;\">Vi\u0146\u0161 piebilda, ka kodoliero\u010du daudzuma zi\u0146\u0101 &#8220;Krievija ir otraj\u0101 viet\u0101 un \u0136\u012bna &#8211; t\u0101lu tre\u0161aj\u0101 viet\u0101, bet t\u0101s b\u016bs vienl\u012bdz\u012bgas [ar ASV] piecu gadu laik\u0101&#8221;.<\/p>\n<p style=\"margin-left:0px;\">Tramps nemin\u0113ja s\u012bk\u0101kas deta\u013cas par \u0161iem izm\u0113\u0123in\u0101jumiem, pasakot tikai to, ka &#8220;process s\u0101ksies nekav\u0113joties&#8221;.<\/p>\n<p>Tramps: ASV un \u0136\u012bna str\u0101d\u0101s kop\u0101 Ukrainas jaut\u0101jum\u0101<\/p>\n<p style=\"margin-left:0px;\">Donalds Tramps ceturtdien pazi\u0146oja, ka vi\u0146\u0161 un \u0136\u012bnas prezidents Sji Dzji\u0146pins sarun\u0101s Dienvidkorej\u0101 vienoju\u0161ies &#8220;str\u0101d\u0101t kop\u0101&#8221; Ukrainas jaut\u0101jum\u0101.<\/p>\n<p style=\"margin-left:0px;\">&#8220;Ukrainas temats bija \u013coti svar\u012bgs. M\u0113s ilgi par to run\u0101j\u0101m, un m\u0113s abi str\u0101d\u0101sim kop\u0101, lai redz\u0113tu, vai m\u0113s varam kaut ko pan\u0101kt,&#8221; \u017eurn\u0101listiem lidma\u0161\u012bn\u0101 &#8220;Air Force One&#8221; sac\u012bja prezidents.<\/p>\n<p style=\"margin-left:0px;\">Sji &#8220;mums pal\u012bdz\u0113s, un m\u0113s str\u0101d\u0101sim kop\u0101 Ukrainas jaut\u0101jum\u0101&#8221;, nor\u0101d\u012bja Tramps.<\/p>\n<p style=\"margin-left:0px;\">ASV prezidents iepriek\u0161 izteicies, ka cer uz \u0136\u012bnas atbalstu Krievijas pret Ukrainu izv\u0113rst\u0101 kara izbeig\u0161an\u0101.<\/p>\n<p style=\"margin-left:0px;\">\u0136\u012bna apgalvo, ka ir neitr\u0101la Krievijas-Ukrainas kar\u0101, t\u0101 nepiedal\u0101s Rietumu sankcij\u0101s pret Maskavu, turpina tai pieg\u0101d\u0101t div\u0113j\u0101da lietojuma preces un p\u0113rk iev\u0113rojamu daudzumu Krievijas naftas.<\/p>\n<p style=\"margin-left:0px;\">Pekina un Maskava p\u0113d\u0113jos gados ir pastiprin\u0101ju\u0161as ekonomisko sadarb\u012bbu un diplom\u0101tiskos kontaktus, un kop\u0161 Krievijas pilna m\u0113roga iebrukuma Ukrain\u0101 2022. gada s\u0101kum\u0101 to strat\u0113\u0123isk\u0101 partner\u012bba k\u013cuvusi v\u0113l cie\u0161\u0101ka.<\/p>\n<p> Aptauja <\/p>\n<p> Vai Vladimirs Putins var\u0113tu izmantot kodoliero\u010dus? <\/p>\n<p class=\"paragraph-muted\">Izv\u0113lies savu soct\u012bklu platformu, lai sekotu LASI.LV: <a href=\"https:\/\/www.facebook.com\/portals.lasi.lv\" target=\"_blank\" rel=\"noopener noreferrer nofollow\">Facebook<\/a>, <a href=\"https:\/\/twitter.com\/lasilvportals\" target=\"_blank\" rel=\"noopener noreferrer nofollow\">X<\/a>, <a href=\"https:\/\/bsky.app\/profile\/lasilv.bsky.social\" target=\"_blank\" rel=\"noopener noreferrer nofollow\">Bluesky<\/a>, <a href=\"https:\/\/www.draugiem.lv\/lasilv\/?pg=4\" target=\"_blank\" rel=\"noopener noreferrer nofollow\">Draugiem<\/a> vai ar\u012b <a href=\"https:\/\/www.instagram.com\/lasilv_zinas\/\" target=\"_blank\" rel=\"noopener noreferrer nofollow\">Instagram<\/a>. Pievienojies m\u016bsu las\u012bt\u0101ju pulkam, lai sa\u0146emtu \u012bpa\u0161i tev atlas\u012btu noder\u012bgu, praktisku un aktu\u0101lu saturu.\u00a0<\/p>\n<p><a href=\"https:\/\/lasi.lv\/abonesana\" rel=\"nofollow noopener\" target=\"_blank\">Abon\u0113<\/a>\u00a0LASI.LV gadam\u00a0vai k\u0101du no\u00a0&#8220;Latvijas Mediju&#8221; periodiskajiem izdevumiem 2026. gadam, un laim\u0113 1500 eiro vai Philips kafijas autom\u0101tu. Loterijas at\u013caujas nr. 8744.<\/p>\n<p><img decoding=\"async\" src=\"https:\/\/www.europesays.com\/lv\/wp-content\/uploads\/2025\/10\/1760568371_496_2025100311425268df8c8c1572e.jpg\" alt=\"\" loading=\"lazy\"\/><\/p>\n<p style=\"margin-left:auto;\">Pieraksties LASI.LV redaktora v\u0113stkopai <a href=\"https:\/\/lasi.lv\/vestkopa\/lasi-lv-galvena-redaktora-vestkopa\" rel=\"nofollow noopener\" target=\"_blank\">\u0161eit<\/a>.<\/p>\n<p>Pieraksties v\u0113stkopai un divas reizes ned\u0113\u013c\u0101 sa\u0146em padzi\u013cin\u0101tu LASI.LV galven\u0101 redaktora aktu\u0101lo zi\u0146u, kompetentu viedok\u013cu un interesant\u0101ko interviju apkopojumu.<\/p>\n<p>Ko tu sa\u0146emsi:<\/p>\n<ul>\n<li>Daudzveid\u012bgus koment\u0101rus un kompetentus Latvijas Mediju \u017eurn\u0101listu un autoru viedok\u013cus par aktu\u0101lo<\/li>\n<li>Ekspertu koment\u0101rus par da\u017e\u0101diem praktiskiem, noder\u012bgiem tematiem<\/li>\n<li>Aizraujo\u0161us materi\u0101lus par v\u0113sturi, psiholo\u0123iju, kult\u016bru<\/li>\n<li>Gata \u0160\u013c\u016bkas karikat\u016bru<\/li>\n<li>Tav\u0101 e-pasta kast\u012bt\u0113 katru ceturtdienu<\/li>\n<\/ul>\n<p style=\"margin-left:auto;\">\u00a0<\/p>\n<p><script async src=\"https:\/\/platform.twitter.com\/widgets.js\" charset=\"utf-8\"><\/script><script async src=\"\/\/www.instagram.com\/embed.js\"><\/script><\/p>\n","protected":false},"excerpt":{"rendered":"ASV prezidents Donalds Tramps ceturtdien pazi\u0146oja, ka ir pav\u0113l\u0113jis Pentagonam s\u0101kt kodoliero\u010du izm\u0113\u0123in\u0101jumus vien\u0101 l\u012bmen\u012b ar \u0136\u012bnu un&hellip;\n","protected":false},"author":2,"featured_media":35813,"comment_status":"","ping_status":"","sticky":false,"template":"","format":"standard","meta":{"footnotes":""},"categories":[14],"tags":[23,57,28,29,32,33,22,30,31,35,39,38,36,37,34,40,20,26,27,24,25,54,55,56,21,58],"class_list":{"0":"post-35812","1":"post","2":"type-post","3":"status-publish","4":"format-standard","5":"has-post-thumbnail","7":"category-zinas-no-arvalstim","8":"tag-aktualitates","9":"tag-arvalstim","10":"tag-breaking-news","11":"tag-breakingnews","12":"tag-featured-news","13":"tag-featurednews","14":"tag-headlines","15":"tag-latest-news","16":"tag-latestnews","17":"tag-latvia","18":"tag-latvian","19":"tag-latviesu","20":"tag-latviesu-valoda","21":"tag-latviesuvaloda","22":"tag-latvija","23":"tag-lv","24":"tag-news","25":"tag-popularakas-zinas","26":"tag-popularakaszinas","27":"tag-top-stories","28":"tag-topstories","29":"tag-world","30":"tag-world-news","31":"tag-worldnews","32":"tag-zinas","33":"tag-zinas-no-arvalstim"},"share_on_mastodon":{"url":"https:\/\/pubeurope.com\/@lv\/115467371411189914","error":""},"_links":{"self":[{"href":"https:\/\/www.europesays.com\/lv\/wp-json\/wp\/v2\/posts\/35812","targetHints":{"allow":["GET"]}}],"collection":[{"href":"https:\/\/www.europesays.com\/lv\/wp-json\/wp\/v2\/posts"}],"about":[{"href":"https:\/\/www.europesays.com\/lv\/wp-json\/wp\/v2\/types\/post"}],"author":[{"embeddable":true,"href":"https:\/\/www.europesays.com\/lv\/wp-json\/wp\/v2\/users\/2"}],"replies":[{"embeddable":true,"href":"https:\/\/www.europesays.com\/lv\/wp-json\/wp\/v2\/comments?post=35812"}],"version-history":[{"count":0,"href":"https:\/\/www.europesays.com\/lv\/wp-json\/wp\/v2\/posts\/35812\/revisions"}],"wp:featuredmedia":[{"embeddable":true,"href":"https:\/\/www.europesays.com\/lv\/wp-json\/wp\/v2\/media\/35813"}],"wp:attachment":[{"href":"https:\/\/www.europesays.com\/lv\/wp-json\/wp\/v2\/media?parent=35812"}],"wp:term":[{"taxonomy":"category","embeddable":true,"href":"https:\/\/www.europesays.com\/lv\/wp-json\/wp\/v2\/categories?post=35812"},{"taxonomy":"post_tag","embeddable":true,"href":"https:\/\/www.europesays.com\/lv\/wp-json\/wp\/v2\/tags?post=35812"}],"curies":[{"name":"wp","href":"https:\/\/api.w.org\/{rel}","templated":true}]}}