{"id":35851,"date":"2025-10-31T07:01:13","date_gmt":"2025-10-31T07:01:13","guid":{"rendered":"https:\/\/www.europesays.com\/lv\/35851\/"},"modified":"2025-10-31T07:01:13","modified_gmt":"2025-10-31T07:01:13","slug":"gaiss-iesils-lidz-13-gradiem-ar-kadiem-laikapstakliem-saksies-novembris-tvnet-laika-zinas","status":"publish","type":"post","link":"https:\/\/www.europesays.com\/lv\/35851\/","title":{"rendered":"Gaiss iesils l\u012bdz +13 gr\u0101diem: ar k\u0101diem laikapst\u0101k\u013ciem s\u0101ksies novembris? &#8211; TVNET &#8211; Laika zi\u0146as"},"content":{"rendered":"<ol>\n<li><a href=\"https:\/\/news.google.com\/rss\/articles\/CBMipwFBVV95cUxPOFJaRzRJOUNzU1V6WWREZGFUaF9LSGd1VE1Odlc1UFdiUDRLWkFoZWFGckV5ZFN0ZTJCTm4tZE54QXEzTG1iSWxfVmp2aTlkelJ3WU5GVDR2OGk4aENBeTdkOFVPZXpuQ0RaSWRYb0w4cFNoenpoYzlPNW51MncwbnhObTk4QWJRam9IRnFTTlBwR0cwVzNNcUp3TUVGVE5IczVjNjM2TQ?oc=5\" target=\"_blank\" rel=\"nofollow noopener\">Gaiss iesils l\u012bdz +13 gr\u0101diem: ar k\u0101diem laikapst\u0101k\u013ciem s\u0101ksies novembris?<\/a>&nbsp;&nbsp;TVNET &#8211; Laika zi\u0146as<\/li>\n<li><a href=\"https:\/\/news.google.com\/rss\/articles\/CBMilwFBVV95cUxQNHBhQWZBRmNSOGpkTUU1TWQ0UXhiOUNlbUpmSDQ3ZXFsZHRRS3NGTHA1ODJKcG5OeXVMcTN0cHpRYi04cW5zeDhqd0ZwaXRxRlRnS0MxZzJiek5Ka0tJMDEwd1R5QTA5eDNJNnlObnl6S3ozNk9oTE8wQVVPQlYwQWx3RlQ1SnA0dDhpWDJ5TDB6Z0ZaNmVr?oc=5\" target=\"_blank\" rel=\"nofollow noopener\">Novembra s\u0101kum\u0101 gaid\u0101ms silts un br\u012b\u017eiem lietains laiks<\/a>&nbsp;&nbsp;Jauns.lv<\/li>\n<li><a href=\"https:\/\/news.google.com\/rss\/articles\/CBMi8wFBVV95cUxQTHg0NUFNcldhaTBSUWM4SkJfaFhjOWY3YVBCUndRakpibDlTU0Q4a1ktYk43ZFZ5X3V5SEFHY2RSeXNiaWI1VUdSNk1PS25LNnFOVmNqNFFNVE56Y0RDcHhJLXpLMVNWMU81azRfZGxmeElRU01KcFVSdEg1bTUzcGhSUDNjSXo5cGlITXhqcWRVY2xOdEF0T21uWXpIQUVhaTE5YWVCV3JhOEdKWXBCYlZoM1BjN2xFZ1dHVE83eW5fRmpJaGpfeEpnTnA2a0xVbnd4VVBNNzlGVGc5dWV0dldxUnFhZ1FJazhmTmw1b0lGUzA?oc=5\" target=\"_blank\" rel=\"nofollow noopener\">\u0160\u0101da situ\u0101cija rakstur\u012bga p\u0113d\u0113jo gadu tendenc\u0113m&#8230; Meteorologs Toms Bricis prognoz\u0113 sala, sniega un k\u0101rt\u012bgas ziemas iest\u0101\u0161anos Latvij\u0101<\/a>&nbsp;&nbsp;Dzentlmenis.lv<\/li>\n<li><a href=\"https:\/\/news.google.com\/rss\/articles\/CBMiuwFBVV95cUxPWE85Q2FZY1pMaDdOM3dGN09HYXhmcVBhczNNdTM4WkdIV1lRcnR6bDFwYXA2S0lSaFN1X0ZWbjlPQlVQUUJLcGxDTVdNV3JSSDBfc1d0cFJjVTBxYjd0azFFcWxla0VoZmo3ZmhBOU5LY0xfYlZSY09fdEF6VXBvWHMtdE5palZHMlBHbDNMXzJma3BsNlVfNzVHaWpJeWVLLUlKcWc1d1RLclRLTmtBTVc5eEtGR3Q4dHhZ?oc=5\" target=\"_blank\" rel=\"nofollow noopener\">Silts laiks turpin\u0101sies ar\u012b novembra pirmaj\u0101 pus\u0113 \/ Raksts<\/a>&nbsp;&nbsp;LSM<\/li>\n<li><a href=\"https:\/\/news.google.com\/rss\/articles\/CBMivAFBVV95cUxOaW1MbEJCWU1JeDZuZUFiWGpsUk03QjE4emVLT3JHSVc1aHVJcFJycEJGX0dVTnJvWm10T082Z0NmTGgzVTlTQ09EcTlxYkxGWnV3Skh4VDRaanJPSnJnTXVrNHF2VmVJSGZxb2RhaDJYS1RSQnB0OS15TU9jUHN5NVlFcElqUVJNaUVrTUJ5V2RCbDBXNDF5NjkwUjdOcXctS0kzT0RzWEc4WjNxLWItaHQwaHBQcDdjM3Q1Vg?oc=5\" target=\"_blank\" rel=\"nofollow noopener\">Rudens lietus atk\u0101pjas: Latvij\u0101 gaid\u0101ms saus\u0101ks un saulain\u0101ks laiks n\u0101kamned\u0113\u013c<\/a>&nbsp;&nbsp;Lente.lv<\/li>\n<\/ol>\n","protected":false},"excerpt":{"rendered":"Gaiss iesils l\u012bdz +13 gr\u0101diem: ar k\u0101diem laikapst\u0101k\u013ciem s\u0101ksies novembris?&nbsp;&nbsp;TVNET &#8211; Laika zi\u0146as Novembra s\u0101kum\u0101 gaid\u0101ms silts un&hellip;\n","protected":false},"author":2,"featured_media":35852,"comment_status":"","ping_status":"","sticky":false,"template":"","format":"standard","meta":{"footnotes":""},"categories":[5],"tags":[23,28,29,32,33,22,396,397,30,31,35,39,38,36,37,34,40,20,26,27,24,25,21],"class_list":{"0":"post-35851","1":"post","2":"type-post","3":"status-publish","4":"format-standard","5":"has-post-thumbnail","7":"category-aktualitates","8":"tag-aktualitates","9":"tag-breaking-news","10":"tag-breakingnews","11":"tag-featured-news","12":"tag-featurednews","13":"tag-headlines","14":"tag-laika-zinas","15":"tag-laikapstakli","16":"tag-latest-news","17":"tag-latestnews","18":"tag-latvia","19":"tag-latvian","20":"tag-latviesu","21":"tag-latviesu-valoda","22":"tag-latviesuvaloda","23":"tag-latvija","24":"tag-lv","25":"tag-news","26":"tag-popularakas-zinas","27":"tag-popularakaszinas","28":"tag-top-stories","29":"tag-topstories","30":"tag-zinas"},"share_on_mastodon":{"url":"https:\/\/pubeurope.com\/@lv\/115467497231134399","error":""},"_links":{"self":[{"href":"https:\/\/www.europesays.com\/lv\/wp-json\/wp\/v2\/posts\/35851","targetHints":{"allow":["GET"]}}],"collection":[{"href":"https:\/\/www.europesays.com\/lv\/wp-json\/wp\/v2\/posts"}],"about":[{"href":"https:\/\/www.europesays.com\/lv\/wp-json\/wp\/v2\/types\/post"}],"author":[{"embeddable":true,"href":"https:\/\/www.europesays.com\/lv\/wp-json\/wp\/v2\/users\/2"}],"replies":[{"embeddable":true,"href":"https:\/\/www.europesays.com\/lv\/wp-json\/wp\/v2\/comments?post=35851"}],"version-history":[{"count":0,"href":"https:\/\/www.europesays.com\/lv\/wp-json\/wp\/v2\/posts\/35851\/revisions"}],"wp:featuredmedia":[{"embeddable":true,"href":"https:\/\/www.europesays.com\/lv\/wp-json\/wp\/v2\/media\/35852"}],"wp:attachment":[{"href":"https:\/\/www.europesays.com\/lv\/wp-json\/wp\/v2\/media?parent=35851"}],"wp:term":[{"taxonomy":"category","embeddable":true,"href":"https:\/\/www.europesays.com\/lv\/wp-json\/wp\/v2\/categories?post=35851"},{"taxonomy":"post_tag","embeddable":true,"href":"https:\/\/www.europesays.com\/lv\/wp-json\/wp\/v2\/tags?post=35851"}],"curies":[{"name":"wp","href":"https:\/\/api.w.org\/{rel}","templated":true}]}}