{"id":35853,"date":"2025-10-31T07:02:06","date_gmt":"2025-10-31T07:02:06","guid":{"rendered":"https:\/\/www.europesays.com\/lv\/35853\/"},"modified":"2025-10-31T07:02:06","modified_gmt":"2025-10-31T07:02:06","slug":"abc-atsak-dzimija-kimela-sovu-pec-plasas-kritikas-un-holivudas-zvaigznu-atbalsta-lente-lv","status":"publish","type":"post","link":"https:\/\/www.europesays.com\/lv\/35853\/","title":{"rendered":"ABC ats\u0101k D\u017eimija Kimela \u0161ovu p\u0113c pla\u0161as kritikas un Holivudas zvaig\u017e\u0146u atbalsta\u00a0\u2014\u00a0Lente.lv"},"content":{"rendered":"<p>ABC ats\u0101k D\u017eimija Kimela \u0161ovu p\u0113c pla\u0161as kritikas un Holivudas zvaig\u017e\u0146u atbalsta<\/p>\n<p>ASV telekan\u0101ls ABC ir pie\u0146\u0113mis l\u0113mumu ats\u0101kt D\u017eimija Kimela vakara sarunu \u0161ova &#8220;Jimmy Kimmel Live!&#8221; p\u0101rraides, kas tika aptur\u0113tas pag\u0101ju\u0161aj\u0101 ned\u0113\u013c\u0101. Aptur\u0113\u0161ana sekoja p\u0113c raid\u012bjuma vad\u012bt\u0101ja izteikumiem, kas izrais\u012bja pla\u0161u nosod\u012bjumu un debates par v\u0101rda br\u012bv\u012bbas robe\u017e\u0101m.<\/p>\n<p>L\u0113mums aptur\u0113t \u0161ovu izrais\u012bja ne tikai sabiedr\u012bbas, bet ar\u012b Holivudas elites neapmierin\u0101t\u012bbu. Iev\u0113rojamas kino un telev\u012bzijas person\u012bbas, tostarp Merila Str\u012bpa, Roberts De Niro, Bens Afleks un Toms Henkss, publiski paudu\u0161i savu kritiku par ABC r\u012bc\u012bbu. \u0160\u012bs ba\u017eas tika paustas ar\u012b atkl\u0101t\u0101 v\u0113stul\u0113, ko parakst\u012bju\u0161as vair\u0101k nek\u0101 430 kino, telev\u012bzijas, skatuves zvaigznes, komi\u0137i, re\u017eisori un rakstnieki. V\u0113stul\u0113 \u0161\u012b r\u012bc\u012bba tika d\u0113v\u0113ta par &#8220;ASV v\u0101rda br\u012bv\u012bbas tum\u0161\u0101kaj\u0101m dien\u0101m&#8221;, uzsverot ba\u017eas par cenz\u016bru un ierobe\u017eojumiem rado\u0161ajai izpausmei.<\/p>\n<p>Sarunu ce\u013c\u0161 un diskusijas par v\u0101rda br\u012bv\u012bbas principiem<\/p>\n<p>P\u0113c intens\u012bv\u0101m un p\u0101rdom\u0101m bag\u0101t\u0101m sarun\u0101m starp D\u017eimiju Kimelu un telekan\u0101la ABC vad\u012bbu tika pan\u0101kta vieno\u0161an\u0101s par \u0161ova ats\u0101k\u0161anu. &#8220;P\u0113d\u0113j\u0101s dienas esam aizvad\u012bju\u0161i izsv\u0113rt\u0101s sarun\u0101s ar D\u017eimiju, un p\u0113c \u0161\u012bm sarun\u0101m esam non\u0101ku\u0161i pie l\u0113muma otrdien ats\u0101kt vi\u0161a \u0161ovu,&#8221; teikts ofici\u0101laj\u0101 preses pazi\u0146ojum\u0101. \u0160\u012bs sarunas, visticam\u0101k, sk\u0101ra ne tikai konkr\u0113tos izteikumus, bet ar\u012b pla\u0161\u0101kus jaut\u0101jumus par v\u0101rda br\u012bv\u012bbas robe\u017e\u0101m un atbild\u012bbu publiskaj\u0101 telp\u0101.<\/p>\n<p>Kimels iepriek\u0161 sav\u0101s p\u0101rraid\u0113s bija kritiz\u0113jis konservat\u012bv\u0101 sp\u0101rna reakciju uz \u010c\u0101rlija K\u0113rka slepkav\u012bbas lietu, nor\u0101dot, ka &#8220;MAGA zem\u0113 daudzi \u013coti cent\u012bgi str\u0101d\u0101, lai ieg\u016btu kapit\u0101lu uz \u010c\u0101rlija K\u0113rka slepkav\u012bbas r\u0113\u0137ina&#8221;. \u0160ie koment\u0101ri izrais\u012bja sp\u0113c\u012bgas diskusijas un polariz\u0113ja sabiedr\u012bbu, liekot aizdom\u0101ties par mediju lomu politisko notikumu atspogu\u013co\u0161an\u0101 un koment\u0113\u0161an\u0101.<\/p>\n<p>Reakcijas no politisk\u0101 spektra un mediju vides<\/p>\n<p>ABC l\u0113mumu s\u0101kotn\u0113ji aptur\u0113t \u0161ovu kriti\u0137i d\u0113v\u0113ja par &#8220;vald\u012bbas cenz\u016bru&#8221;, \u012bpa\u0161i \u0146emot v\u0113r\u0101, ka &#8220;Jimmy Kimmel Live!&#8221; ir viens no ietekm\u012bg\u0101kajiem vakara sarunu \u0161oviem Amerikas telev\u012bzij\u0101. Tom\u0113r prezidenta Donalda Trampa publiskotais pazi\u0146ojums platform\u0101 &#8220;Truth Social&#8221; pau\u017e gandar\u012bjumu par ABC r\u012bc\u012bbu: &#8220;Lieliskas zi\u0146as Amerikai. Apsveicam ABC par drosmi beidzot dar\u012bt to, kas bija j\u0101dara.&#8221; \u0160\u012b at\u0161\u0137ir\u012bg\u0101 reakcija no prezidenta puses izce\u013c politisko dimensiju, ko ieguvusi \u0161\u012b situacija.<\/p>\n<p>\u0160\u012b nav pirm\u0101 reize, kad telekan\u0101lu l\u0113mumi attiec\u012bb\u0101 uz sarunu \u0161oviem izpeln\u0101s Trampa atzin\u012bbu. J\u016blij\u0101 telekan\u0101ls CBS pazi\u0146oja par cita ietekm\u012bga vad\u012bt\u0101ja, St\u012bvena Kolb\u0113ra, sarunu \u0161ova atcel\u0161anu, par ko Tramps ar\u012b pauda prieku. \u0160\u0101di gad\u012bjumi liek dom\u0101t par pla\u0161\u0101k\u0101m tendenc\u0113m mediju vid\u0113 un politisko spiedienu, kas var ietekm\u0113t programmu veido\u0161anu.<\/p>\n<p>FCC iejauk\u0161an\u0101s un staciju \u012bpa\u0161nieku nost\u0101ja<\/p>\n<p>Situ\u0101cija saasin\u0101j\u0101s, kad Feder\u0101l\u0101s komunik\u0101ciju komisijas (FCC) priek\u0161s\u0113d\u0113t\u0101js Brendans Kars pag\u0101ju\u0161aj\u0101 ned\u0113\u013c\u0101 draud\u0113ja anul\u0113t licences ABC fili\u0101l\u0113m, kas p\u0101rraida Kimela \u0161ovu. \u0160\u0101di draudi, kas n\u0101ku\u0161i no regulatora puses, rada nopietnas ba\u017eas par br\u012bv\u0101s preses darb\u012bbu un t\u0101s neatkar\u012bbu. Tas ar\u012b nor\u0101da uz iesp\u0113jamu politisko intere\u0161u ietekmi uz mediju saturu.<\/p>\n<p>Rea\u0123\u0113jot uz \u0161o spiedienu, viens no liel\u0101kajiem ABC fili\u0101\u013cu staciju \u012bpa\u0161niekiem, uz\u0146\u0113mums &#8220;Nexstar&#8221;, pazi\u0146oja, ka Kimela \u0161ovu sav\u0101s stacij\u0101s ner\u0101d\u012bs. &#8220;Nexstar&#8221; pa\u0161laik ir iesaist\u012bts vair\u0101ku miljardu dol\u0101ru v\u0113rt\u0101 apvieno\u0161an\u0101 ar konkurentu, kas prasa FCC apstiprin\u0101jumu. \u0160is finansi\u0101li noz\u012bm\u012bgais dar\u012bjums, iesp\u0113jams, lika &#8220;Nexstar&#8221; r\u012bkoties piesardz\u012bg\u0101k un izvair\u012bties no potenci\u0101liem konfliktiem ar regulatoru.<\/p>\n<p>Neilgi p\u0113c &#8220;Nexstar&#8221; pazi\u0146ojuma, ar\u012b pats ABC \u012bpa\u0161nieks, uz\u0146\u0113mums &#8220;Disney&#8221;, sekoja \u0161im piem\u0113ram, p\u0101rtraucot raid\u012bjuma demonstr\u0113\u0161anu vis\u0101 valst\u012b. \u0160\u012b koordin\u0113t\u0101 r\u012bc\u012bba no lielo mediju uz\u0146\u0113mumu puses liecina par sare\u017e\u0123\u012bto vidi, kur\u0101 medijiem n\u0101kas darboties, saskaroties gan ar sabiedr\u012bbas spiedienu, gan ar politisk\u0101m un regulatoru pras\u012bb\u0101m. Tom\u0113r, k\u0101 redzams, galu gal\u0101 ABC ir izv\u0113l\u0113jies turpin\u0101t p\u0101rraides, demonstr\u0113jot notur\u012bbu un v\u0113lmi aizst\u0101v\u0113t savu saturu.<\/p>\n","protected":false},"excerpt":{"rendered":"ABC ats\u0101k D\u017eimija Kimela \u0161ovu p\u0113c pla\u0161as kritikas un Holivudas zvaig\u017e\u0146u atbalsta ASV telekan\u0101ls ABC ir pie\u0146\u0113mis l\u0113mumu&hellip;\n","protected":false},"author":2,"featured_media":35854,"comment_status":"","ping_status":"","sticky":false,"template":"","format":"standard","meta":{"footnotes":""},"categories":[19],"tags":[6404,6402,89,90,6403,35,39,38,36,37,34,40,10539,597],"class_list":{"0":"post-35853","1":"post","2":"type-post","3":"status-publish","4":"format-standard","5":"has-post-thumbnail","7":"category-izklaide","8":"tag-abc","9":"tag-dzimijs-kimels","10":"tag-entertainment","11":"tag-izklaide","12":"tag-jimmy-kimmel-live","13":"tag-latvia","14":"tag-latvian","15":"tag-latviesu","16":"tag-latviesu-valoda","17":"tag-latviesuvaloda","18":"tag-latvija","19":"tag-lv","20":"tag-televizijas-sovs","21":"tag-varda-briviba"},"share_on_mastodon":{"url":"https:\/\/pubeurope.com\/@lv\/115467501083916608","error":""},"_links":{"self":[{"href":"https:\/\/www.europesays.com\/lv\/wp-json\/wp\/v2\/posts\/35853","targetHints":{"allow":["GET"]}}],"collection":[{"href":"https:\/\/www.europesays.com\/lv\/wp-json\/wp\/v2\/posts"}],"about":[{"href":"https:\/\/www.europesays.com\/lv\/wp-json\/wp\/v2\/types\/post"}],"author":[{"embeddable":true,"href":"https:\/\/www.europesays.com\/lv\/wp-json\/wp\/v2\/users\/2"}],"replies":[{"embeddable":true,"href":"https:\/\/www.europesays.com\/lv\/wp-json\/wp\/v2\/comments?post=35853"}],"version-history":[{"count":0,"href":"https:\/\/www.europesays.com\/lv\/wp-json\/wp\/v2\/posts\/35853\/revisions"}],"wp:featuredmedia":[{"embeddable":true,"href":"https:\/\/www.europesays.com\/lv\/wp-json\/wp\/v2\/media\/35854"}],"wp:attachment":[{"href":"https:\/\/www.europesays.com\/lv\/wp-json\/wp\/v2\/media?parent=35853"}],"wp:term":[{"taxonomy":"category","embeddable":true,"href":"https:\/\/www.europesays.com\/lv\/wp-json\/wp\/v2\/categories?post=35853"},{"taxonomy":"post_tag","embeddable":true,"href":"https:\/\/www.europesays.com\/lv\/wp-json\/wp\/v2\/tags?post=35853"}],"curies":[{"name":"wp","href":"https:\/\/api.w.org\/{rel}","templated":true}]}}