{"id":35884,"date":"2025-10-31T07:36:07","date_gmt":"2025-10-31T07:36:07","guid":{"rendered":"https:\/\/www.europesays.com\/lv\/35884\/"},"modified":"2025-10-31T07:36:07","modified_gmt":"2025-10-31T07:36:07","slug":"negaidits-krievijas-solis-kugis-kas-uzbruka-ukrainai-parvietojas-uz-baltijas-juru","status":"publish","type":"post","link":"https:\/\/www.europesays.com\/lv\/35884\/","title":{"rendered":"Negaid\u012bts Krievijas solis: ku\u0123is, kas uzbruka Ukrainai, p\u0101rvietoj\u0101s uz Baltijas j\u016bru"},"content":{"rendered":"<p>    <img decoding=\"async\" src=\"https:\/\/lastatic.ams3.cdn.digitaloceanspaces.com\/2025\/10\/124924042-928451ee-5180-4bdd-826e-e73ef90d37c5-1024x683.jpg\" alt=\"&#10;\"\/><\/p>\n<p>Krievija ir p\u0101rvietojusi mazo ra\u0137e\u0161u ku\u0123i \u201cAmur\u201d, kas ir Karakurta klases korvete, no Kaspijas j\u016bras uz Baltijas j\u016bru. Ku\u0123is pa iek\u0161zemes \u016bdensce\u013ciem tika nog\u0101d\u0101ts Kron\u0161tates ost\u0101 net\u0101lu no Sanktp\u0113terburgas, kur tas pievienosies Baltijas flotei, raksta <a href=\"https:\/\/www.lrytas.lt\/pasaulis\/konfliktai-ir-saugumas\/2025\/10\/31\/news\/netiketas-rusu-zingsnis-ukraina-atakavusi-laiva-perkele-i-baltijos-jura-40100831\" rel=\"noopener nofollow\" target=\"_blank\">lrytas.lt.<\/a><\/p>\n<p>        Las\u012bt\u0101kie<br \/>\n        <a data-imagesrc=\"{&quot;300&quot;:&quot;https:\\\/\\\/lastatic.ams3.cdn.digitaloceanspaces.com\\\/2025\\\/10\\\/natural-honey-pouring-bowl-300x225.jpg&quot;,&quot;1024&quot;:&quot;https:\\\/\\\/lastatic.ams3.cdn.digitaloceanspaces.com\\\/2025\\\/10\\\/natural-honey-pouring-bowl-1024x768.jpg&quot;,&quot;1536&quot;:&quot;https:\\\/\\\/lastatic.ams3.cdn.digitaloceanspaces.com\\\/2025\\\/10\\\/natural-honey-pouring-bowl-1536x1152.jpg&quot;,&quot;500&quot;:&quot;https:\\\/\\\/lastatic.ams3.cdn.digitaloceanspaces.com\\\/2025\\\/10\\\/natural-honey-pouring-bowl-500x375.jpg&quot;,&quot;800&quot;:&quot;https:\\\/\\\/lastatic.ams3.cdn.digitaloceanspaces.com\\\/2025\\\/10\\\/natural-honey-pouring-bowl-800x600.jpg&quot;,&quot;2560&quot;:&quot;https:\\\/\\\/lastatic.ams3.cdn.digitaloceanspaces.com\\\/2025\\\/10\\\/natural-honey-pouring-bowl-scaled.jpg&quot;}\" data-focuspoint=\"&quot;&quot;\" data-p=\"2447450\" href=\"https:\/\/www.la.lv\/nekad-nekombinejiet-medu-ar-siem-sesiem-partikas-produktiem-luk-kapec\" class=\"content-item lazy-load\" wp_automatic_readability=\"26.5\" rel=\"nofollow noopener\" target=\"_blank\"><\/p>\n<p>                                <img decoding=\"async\" src=\"\" alt=\"\" style=\"\" data-imageid=\"\"\/><\/p>\n<p>                                Veselam<\/p>\n<p>\n                                                Nekad nekombin\u0113jiet medu ar \u0161iem se\u0161iem p\u0101rtikas produktiem: l\u016bk, k\u0101p\u0113c!\n                            <\/p>\n<p><\/a><a data-imagesrc=\"{&quot;300&quot;:&quot;https:\\\/\\\/lastatic.ams3.cdn.digitaloceanspaces.com\\\/2025\\\/06\\\/pexels-aleksey-2053893-3680959-300x200.jpg&quot;,&quot;1024&quot;:&quot;https:\\\/\\\/lastatic.ams3.cdn.digitaloceanspaces.com\\\/2025\\\/06\\\/pexels-aleksey-2053893-3680959-1024x683.jpg&quot;,&quot;768&quot;:&quot;https:\\\/\\\/lastatic.ams3.cdn.digitaloceanspaces.com\\\/2025\\\/06\\\/pexels-aleksey-2053893-3680959-768x512.jpg&quot;,&quot;1536&quot;:&quot;https:\\\/\\\/lastatic.ams3.cdn.digitaloceanspaces.com\\\/2025\\\/06\\\/pexels-aleksey-2053893-3680959-1536x1024.jpg&quot;,&quot;2048&quot;:&quot;https:\\\/\\\/lastatic.ams3.cdn.digitaloceanspaces.com\\\/2025\\\/06\\\/pexels-aleksey-2053893-3680959-2048x1365.jpg&quot;,&quot;200&quot;:&quot;https:\\\/\\\/lastatic.ams3.cdn.digitaloceanspaces.com\\\/2025\\\/06\\\/pexels-aleksey-2053893-3680959-200x133.jpg&quot;,&quot;400&quot;:&quot;https:\\\/\\\/lastatic.ams3.cdn.digitaloceanspaces.com\\\/2025\\\/06\\\/pexels-aleksey-2053893-3680959-400x267.jpg&quot;,&quot;500&quot;:&quot;https:\\\/\\\/lastatic.ams3.cdn.digitaloceanspaces.com\\\/2025\\\/06\\\/pexels-aleksey-2053893-3680959-500x333.jpg&quot;,&quot;800&quot;:&quot;https:\\\/\\\/lastatic.ams3.cdn.digitaloceanspaces.com\\\/2025\\\/06\\\/pexels-aleksey-2053893-3680959-800x533.jpg&quot;,&quot;1000&quot;:&quot;https:\\\/\\\/lastatic.ams3.cdn.digitaloceanspaces.com\\\/2025\\\/06\\\/pexels-aleksey-2053893-3680959-1000x667.jpg&quot;,&quot;2560&quot;:&quot;https:\\\/\\\/lastatic.ams3.cdn.digitaloceanspaces.com\\\/2025\\\/06\\\/pexels-aleksey-2053893-3680959-scaled.jpg&quot;}\" data-focuspoint=\"&quot;&quot;\" data-p=\"2457718\" href=\"https:\/\/www.la.lv\/skorpions-dvini-un-astrologe-atklaj-kuras-tris-zodiaka-zimes-darba-devejiem-sagada-istas-galvassapes\" class=\"content-item lazy-load\" wp_automatic_readability=\"27.5\" rel=\"nofollow noopener\" target=\"_blank\"><\/p>\n<p>                                <img decoding=\"async\" src=\"\" alt=\"\" style=\"\" data-imageid=\"\"\/><\/p>\n<p>                                Kokteilis<\/p>\n<p>\n                                                Skorpions, dv\u012b\u0146i un\u2026 Astrolo\u0123e atkl\u0101j, kuras tr\u012bs zodiaka z\u012bmes darba dev\u0113jiem sag\u0101d\u0101 \u012bstas galvass\u0101pes<\/p>\n<p><\/a><a data-imagesrc=\"{&quot;300&quot;:&quot;https:\\\/\\\/lastatic.ams3.cdn.digitaloceanspaces.com\\\/2020\\\/05\\\/tramps2-300x200.jpg&quot;,&quot;768&quot;:&quot;https:\\\/\\\/lastatic.ams3.cdn.digitaloceanspaces.com\\\/2020\\\/05\\\/tramps2-768x512.jpg&quot;,&quot;1024&quot;:&quot;https:\\\/\\\/lastatic.ams3.cdn.digitaloceanspaces.com\\\/2020\\\/05\\\/tramps2-1024x682.jpg&quot;,&quot;200&quot;:&quot;https:\\\/\\\/lastatic.ams3.cdn.digitaloceanspaces.com\\\/2020\\\/05\\\/tramps2-200x133.jpg&quot;,&quot;400&quot;:&quot;https:\\\/\\\/lastatic.ams3.cdn.digitaloceanspaces.com\\\/2020\\\/05\\\/tramps2-400x266.jpg&quot;,&quot;500&quot;:&quot;https:\\\/\\\/lastatic.ams3.cdn.digitaloceanspaces.com\\\/2020\\\/05\\\/tramps2-500x333.jpg&quot;,&quot;800&quot;:&quot;https:\\\/\\\/lastatic.ams3.cdn.digitaloceanspaces.com\\\/2020\\\/05\\\/tramps2-800x533.jpg&quot;,&quot;1000&quot;:&quot;https:\\\/\\\/lastatic.ams3.cdn.digitaloceanspaces.com\\\/2020\\\/05\\\/tramps2-1000x666.jpg&quot;,&quot;1261&quot;:&quot;https:\\\/\\\/lastatic.ams3.cdn.digitaloceanspaces.com\\\/2020\\\/05\\\/tramps2.jpg&quot;}\" data-focuspoint=\"&quot;&quot;\" data-p=\"2457089\" href=\"https:\/\/www.la.lv\/es-domaju-ka-sis-bus-visvienkarsakais-tramps-nak-klaja-ar-atzisanos-ko-daudzi-negaidija\" class=\"content-item lazy-load\" wp_automatic_readability=\"27.5\" rel=\"nofollow noopener\" target=\"_blank\"><\/p>\n<p>                                <img decoding=\"async\" src=\"\" alt=\"\" style=\"\" data-imageid=\"\"\/><\/p>\n<p>                                            \u201cEs dom\u0101ju, ka \u0161is b\u016bs visvienk\u0101r\u0161\u0101kais\u2026\u201d Tramps n\u0101k klaj\u0101 ar atz\u012b\u0161anos, ko daudzi negaid\u012bja\n                            <\/p>\n<p><\/a><br \/>\n        <a class=\"read-more\" href=\"https:\/\/www.la.lv\/top\" rel=\"nofollow noopener\" target=\"_blank\">Las\u012bt citas zi\u0146as<\/a><\/p>\n<p>P\u0101rvieto\u0161an\u0101s mar\u0161ruts veda pa up\u0113m un kan\u0101liem, un Am\u016bras nelielie izm\u0113ri \u013c\u0101va to dar\u012bt, apejot atkl\u0101t\u0101s j\u016bras ce\u013cus.<\/p>\n<p>Iepriek\u0161 \u201cAmur\u201d atrad\u0101s okup\u0113taj\u0101 Krim\u0101 un Novorosijsk\u0101 Meln\u0101s j\u016bras flotes sast\u0101v\u0101. Sakar\u0101 ar bie\u017eajiem Ukrainas bezpilota lidapar\u0101tu un ra\u0137e\u0161u uzbrukumiem Krievijas milit\u0101raj\u0101m b\u0101z\u0113m tas tika p\u0101rvietots uz Kaspijas j\u016bru. Kop\u0161 2024. gada ku\u0123is ir Meln\u0101s j\u016bras flotiles sast\u0101v\u0101 un ir veicis misijas kar\u0101 pret Ukrainu. Ir zi\u0146ots, ka tas ir veicis Kalibr ra\u0137e\u0161u triecienus pret Ukrainas kritisko un ener\u0123\u0113tikas infrastrukt\u016bru.<\/p>\n<p>    CITI \u0160OBR\u012aD LASA<\/p>\n<p>Ku\u0123a b\u016bvniec\u012bba s\u0101k\u0101s 2017. gad\u0101 Zaliv ku\u0123u b\u016bv\u0113tav\u0101 okup\u0113taj\u0101 Ker\u010d\u0101 un tika nolaists \u016bden\u012b 2022. gada beig\u0101s. Tas ofici\u0101li s\u0101ka dienestu 2024. gad\u0101 un s\u0101kotn\u0113ji tika pie\u0161\u0137irts Meln\u0101s j\u016bras flotei.<\/p>\n<p>\u201cAmur\u201d ir bru\u0146ots ar \u201cKalibr\u201d sp\u0101rnotaj\u0101m ra\u0137et\u0113m, AK-176MA j\u016bras lielgabalu un \u201cPantsir-M\u201d vai \u201cTor-M2KM\u201d \u012bsa darb\u012bbas r\u0101diusa pretgaisa aizsardz\u012bbas sist\u0113mu. \u201cKarakurt\u201d s\u0113rija tiek ra\u017eota kop\u0161 2015. gada, lai stiprin\u0101tu Krievijas prec\u012bz\u0101s trieciena sp\u0113jas. K\u0101 v\u0113sta Ukrainas zi\u0146u port\u0101ls Militarny, l\u0113mums tika pie\u0146emts pieaugo\u0161o draudu d\u0113\u013c Krievijas ku\u0123iem no Ukrainas virszemes droniem un sp\u0101rnotaj\u0101m ra\u0137et\u0113m. Ku\u0123is \u201cAskold\u201d, l\u012bdz\u012bgs ku\u0123im \u201cAmur\u201d, tika boj\u0101ts 2023. gada novembr\u012b, visticam\u0101k, SCALP vai Storm Shadow uzbrukuma rezult\u0101t\u0101.<\/p>\n<p>Ku\u0123is \u201cCyklon\u201d nogrima Sevastopoles ost\u0101 2024. gada maij\u0101 p\u0113c ATACMS uzbrukuma. \u0160ie zaud\u0113jumi lika p\u0101rskat\u012bt Meln\u0101s j\u016bras flotes riskus.<\/p>\n<p>T\u0113mas<\/p>\n<p>    SAIST\u012aTIE RAKSTI<\/p>\n","protected":false},"excerpt":{"rendered":"Krievija ir p\u0101rvietojusi mazo ra\u0137e\u0161u ku\u0123i \u201cAmur\u201d, kas ir Karakurta klases korvete, no Kaspijas j\u016bras uz Baltijas j\u016bru.&hellip;\n","protected":false},"author":2,"featured_media":35885,"comment_status":"","ping_status":"","sticky":false,"template":"","format":"standard","meta":{"footnotes":""},"categories":[14],"tags":[23,57,28,29,32,33,22,30,31,35,39,38,36,37,34,40,20,26,27,24,25,54,55,56,21,58],"class_list":{"0":"post-35884","1":"post","2":"type-post","3":"status-publish","4":"format-standard","5":"has-post-thumbnail","7":"category-zinas-no-arvalstim","8":"tag-aktualitates","9":"tag-arvalstim","10":"tag-breaking-news","11":"tag-breakingnews","12":"tag-featured-news","13":"tag-featurednews","14":"tag-headlines","15":"tag-latest-news","16":"tag-latestnews","17":"tag-latvia","18":"tag-latvian","19":"tag-latviesu","20":"tag-latviesu-valoda","21":"tag-latviesuvaloda","22":"tag-latvija","23":"tag-lv","24":"tag-news","25":"tag-popularakas-zinas","26":"tag-popularakaszinas","27":"tag-top-stories","28":"tag-topstories","29":"tag-world","30":"tag-world-news","31":"tag-worldnews","32":"tag-zinas","33":"tag-zinas-no-arvalstim"},"share_on_mastodon":{"url":"https:\/\/pubeurope.com\/@lv\/115467634817212154","error":""},"_links":{"self":[{"href":"https:\/\/www.europesays.com\/lv\/wp-json\/wp\/v2\/posts\/35884","targetHints":{"allow":["GET"]}}],"collection":[{"href":"https:\/\/www.europesays.com\/lv\/wp-json\/wp\/v2\/posts"}],"about":[{"href":"https:\/\/www.europesays.com\/lv\/wp-json\/wp\/v2\/types\/post"}],"author":[{"embeddable":true,"href":"https:\/\/www.europesays.com\/lv\/wp-json\/wp\/v2\/users\/2"}],"replies":[{"embeddable":true,"href":"https:\/\/www.europesays.com\/lv\/wp-json\/wp\/v2\/comments?post=35884"}],"version-history":[{"count":0,"href":"https:\/\/www.europesays.com\/lv\/wp-json\/wp\/v2\/posts\/35884\/revisions"}],"wp:featuredmedia":[{"embeddable":true,"href":"https:\/\/www.europesays.com\/lv\/wp-json\/wp\/v2\/media\/35885"}],"wp:attachment":[{"href":"https:\/\/www.europesays.com\/lv\/wp-json\/wp\/v2\/media?parent=35884"}],"wp:term":[{"taxonomy":"category","embeddable":true,"href":"https:\/\/www.europesays.com\/lv\/wp-json\/wp\/v2\/categories?post=35884"},{"taxonomy":"post_tag","embeddable":true,"href":"https:\/\/www.europesays.com\/lv\/wp-json\/wp\/v2\/tags?post=35884"}],"curies":[{"name":"wp","href":"https:\/\/api.w.org\/{rel}","templated":true}]}}