{"id":35955,"date":"2025-10-31T08:32:10","date_gmt":"2025-10-31T08:32:10","guid":{"rendered":"https:\/\/www.europesays.com\/lv\/35955\/"},"modified":"2025-10-31T08:32:10","modified_gmt":"2025-10-31T08:32:10","slug":"gaisa-temperatura-piektdien-sasniegs-11-gradus","status":"publish","type":"post","link":"https:\/\/www.europesays.com\/lv\/35955\/","title":{"rendered":"Gaisa temperat\u016bra piektdien sasniegs +11 gr\u0101dus"},"content":{"rendered":"<p class=\"lead mb-md-2 mb-1 js-tv3-orphus\">Oktobra p\u0113d\u0113j\u0101 dien\u0101 gaisa temperat\u016bra Latvij\u0101 pak\u0101psies l\u012bdz +8..+11 gr\u0101diem, prognoz\u0113 sinopti\u0137i.\n<\/p>\n<p>Debesis p\u0101rsvar\u0101 saglab\u0101sies m\u0101ko\u0146ainas, daudzviet uzl\u012bs. Da\u017eviet Vidzem\u0113 un Latgal\u0113 gaid\u0101ma migla.<\/p>\n<p>P\u016bt\u012bs l\u0113ns l\u012bdz m\u0113rens rietumu, zieme\u013crietumu v\u0113j\u0161, Kurzemes rietumkrast\u0101 gaid\u0101mas br\u0101zmas l\u012bdz 17 metriem sekund\u0113.<\/p>\n<p>R\u012bg\u0101 oktobris nosl\u0113gsies ar m\u0101ko\u0146ainu laiku, nav gaid\u0101mi b\u016btiski nokri\u0161\u0146i. P\u016b\u0161ot m\u0113renam zieme\u013crietumu v\u0113jam, gaiss iesils l\u012bdz +10..+11 gr\u0101diem.<\/p>\n","protected":false},"excerpt":{"rendered":"Oktobra p\u0113d\u0113j\u0101 dien\u0101 gaisa temperat\u016bra Latvij\u0101 pak\u0101psies l\u012bdz +8..+11 gr\u0101diem, prognoz\u0113 sinopti\u0137i. Debesis p\u0101rsvar\u0101 saglab\u0101sies m\u0101ko\u0146ainas, daudzviet uzl\u012bs.&hellip;\n","protected":false},"author":2,"featured_media":35956,"comment_status":"","ping_status":"","sticky":false,"template":"","format":"standard","meta":{"footnotes":""},"categories":[5],"tags":[23,28,29,32,33,22,368,30,31,35,39,38,36,37,34,40,20,26,27,24,25,21],"class_list":{"0":"post-35955","1":"post","2":"type-post","3":"status-publish","4":"format-standard","5":"has-post-thumbnail","7":"category-aktualitates","8":"tag-aktualitates","9":"tag-breaking-news","10":"tag-breakingnews","11":"tag-featured-news","12":"tag-featurednews","13":"tag-headlines","14":"tag-laika-prognozelvgmc","15":"tag-latest-news","16":"tag-latestnews","17":"tag-latvia","18":"tag-latvian","19":"tag-latviesu","20":"tag-latviesu-valoda","21":"tag-latviesuvaloda","22":"tag-latvija","23":"tag-lv","24":"tag-news","25":"tag-popularakas-zinas","26":"tag-popularakaszinas","27":"tag-top-stories","28":"tag-topstories","29":"tag-zinas"},"share_on_mastodon":{"url":"https:\/\/pubeurope.com\/@lv\/115467855100796298","error":""},"_links":{"self":[{"href":"https:\/\/www.europesays.com\/lv\/wp-json\/wp\/v2\/posts\/35955","targetHints":{"allow":["GET"]}}],"collection":[{"href":"https:\/\/www.europesays.com\/lv\/wp-json\/wp\/v2\/posts"}],"about":[{"href":"https:\/\/www.europesays.com\/lv\/wp-json\/wp\/v2\/types\/post"}],"author":[{"embeddable":true,"href":"https:\/\/www.europesays.com\/lv\/wp-json\/wp\/v2\/users\/2"}],"replies":[{"embeddable":true,"href":"https:\/\/www.europesays.com\/lv\/wp-json\/wp\/v2\/comments?post=35955"}],"version-history":[{"count":0,"href":"https:\/\/www.europesays.com\/lv\/wp-json\/wp\/v2\/posts\/35955\/revisions"}],"wp:featuredmedia":[{"embeddable":true,"href":"https:\/\/www.europesays.com\/lv\/wp-json\/wp\/v2\/media\/35956"}],"wp:attachment":[{"href":"https:\/\/www.europesays.com\/lv\/wp-json\/wp\/v2\/media?parent=35955"}],"wp:term":[{"taxonomy":"category","embeddable":true,"href":"https:\/\/www.europesays.com\/lv\/wp-json\/wp\/v2\/categories?post=35955"},{"taxonomy":"post_tag","embeddable":true,"href":"https:\/\/www.europesays.com\/lv\/wp-json\/wp\/v2\/tags?post=35955"}],"curies":[{"name":"wp","href":"https:\/\/api.w.org\/{rel}","templated":true}]}}