{"id":35991,"date":"2025-10-31T09:14:07","date_gmt":"2025-10-31T09:14:07","guid":{"rendered":"https:\/\/www.europesays.com\/lv\/35991\/"},"modified":"2025-10-31T09:14:07","modified_gmt":"2025-10-31T09:14:07","slug":"virietis-kurs-nomira-17-reizes-pecnaves-pieredze","status":"publish","type":"post","link":"https:\/\/www.europesays.com\/lv\/35991\/","title":{"rendered":"V\u012brietis, kur\u0161 nomira 17 reizes: p\u0113cn\u0101ves pieredze"},"content":{"rendered":"<p class=\"descr\">39 gadus vec\u0101 D\u017eona Viljamsa no Apvienot\u0101s Karalistes st\u0101sts \u0161\u0137iet neticams &#8211; v\u012brietis, kur\u0161 13 min\u016b\u0161u laik\u0101 &#8220;nomira&#8221; 17 reizes, apgalvo, ka ir redz\u0113jis un jutis to, ko vi\u0146\u0161 pats d\u0113v\u0113 par &#8220;parad\u012bzi\u201d, raksta \u201cunilad\u201d.<\/p>\n<p>To, kas notika ar D\u017eonu, \u0101rsti nevar izskaidrot &#8211; 2004. gada novembr\u012b vi\u0146\u0161 un vi\u0146a sieva dev\u0101s uz piej\u016bras pils\u0113tu Vitbiju, lai atz\u012bm\u0113tu vi\u0146as 40. dzim\u0161anas dienu.<\/p>\n<p>Vakars s\u0101k\u0101s piln\u012bgi norm\u0101li &#8211; vakari\u0146as m\u0101j\u012bg\u0101 b\u0101r\u0101, labs garast\u0101voklis, skaists laiks. Ta\u010du dr\u012bz vien viss sagriez\u0101s k\u0101j\u0101m gais\u0101<\/p>\n<p>\u201cP\u0113k\u0161\u0146i es s\u0101ku sv\u012bst un man s\u0101ka reibt galva. P\u0113c br\u012b\u017ea es sabruku,&#8221; atceras v\u012brietis.<\/p>\n<p>D\u017eonu steidzami nog\u0101d\u0101ja slimn\u012bc\u0101 &#8211; vi\u0146am bija sp\u0113c\u012bga sirdsl\u0113kme. P\u0113c da\u017e\u0101m stund\u0101m vi\u0146\u0161 pamod\u0101s \u0101rstu un apar\u0101tu ieskauts. \u0100rsts p\u0101rliec\u0101s p\u0101r vi\u0146u un teica: &#8220;Tev ir paveicies.&#8221; <\/p>\n<p>\u0100rsts paskaidroja, ka v\u012brietim ir bijis miokarda infarkts &#8211; nopietns st\u0101voklis, kad tiek p\u0101rtraukta asins pl\u016bsma uz sirdi. &#8220;P\u0113c sirdsl\u0113kmes j\u016bs vai nu dz\u012bvojat, vai mirstat. Starpposma nav,&#8221; sac\u012bja \u0101rsts.<\/p>\n<p>D\u017eons izdz\u012bvoja, ta\u010du vi\u0146a st\u0101sts ar to nebeidz\u0101s &#8211; gadu v\u0113l\u0101k vi\u0146am bija j\u0101gatavojas tr\u012bsk\u0101r\u0161ai sirds \u0161unt\u0113\u0161anas oper\u0101cijai priv\u0101t\u0101 slimn\u012bc\u0101 L\u012bds\u0101.<\/p>\n<p>Lai gan vi\u0146\u0161 zin\u0101ja, ka \u0101rsti aptur\u0113s vi\u0146a sirds darb\u012bbu, D\u017eons jut\u0101s d\u012bvaini mier\u012bgs. \u201cMani p\u0101r\u0146\u0113ma t\u0101ds miers k\u0101 nekad agr\u0101k,&#8221; vi\u0146\u0161 teica.<\/p>\n<p>D\u017eons teica, ka oper\u0101cijas laik\u0101 vi\u0146\u0161 non\u0101cis \u201cparad\u012bz\u0113\u201d un saticis savu t\u0113vu un vect\u0113vu.<\/p>\n<p>Vi\u0146a vect\u0113vs sirsn\u012bgi teicis: &#8220;Tu esi izaudzis, kop\u0161 es tevi p\u0113d\u0113jo reizi redz\u0113ju. M\u0113s atkal dr\u012bz redz\u0113simies.&#8221;<\/p>\n<p>T\u0113va v\u0113st\u012bjums bija daudz sp\u0113c\u012bg\u0101ks: &#8220;Tev m\u0101j\u0101s ir divas jaunas meitas&#8230; V\u0113l ne.&#8221;<\/p>\n<p>Kad D\u017eons pamod\u0101s, vi\u0146\u0161 dom\u0101ja, ka viss norit\u0113jis, k\u0101 pl\u0101nots, tom\u0113r izr\u0101d\u012bj\u0101s, ka vi\u0146\u0161 bija non\u0101cis m\u0101ksl\u012bg\u0101 <a href=\"https:\/\/nra.lv\/dzivesstils\/499377-ko-cilveks-jut-koma-stasta-tie-kas-ir-bijusi-otra-puse.htm\" data-item-link=\"true\" data-item-id=\"499377\" rel=\"nofollow noopener\" target=\"_blank\">kom\u0101<\/a> uz vair\u0101k\u0101m dien\u0101m. Oper\u0101cijas laik\u0101 vi\u0146a sirds vair\u0101kas reizes apst\u0101j\u0101s &#8211; \u0101rstiem 13 min\u016b\u0161u laik\u0101 17 reizes n\u0101c\u0101s izmantot defibrilatorus.<\/p>\n<p>Vi\u0146\u0161 atz\u012bst, ka joproj\u0101m nevar piln\u012bb\u0101 izskaidrot \u0161o pieredzi: &#8220;Es zinu tikai to, ka t\u0101 \u0161\u0137iet \u012bsta, bet vienlaikus ar\u012b p\u0101rdabiska. Kop\u0161 t\u0101 laika es nekad neesmu juties neko citu k\u0101 vien mieru.&#8221;<\/p>\n<p>D\u017eons saka, ka \u0161odien vi\u0146a dz\u012bves uztvere ir main\u012bjusies uz visiem laikiem &#8211; vi\u0146\u0161 vairs neuztver n\u0101vi k\u0101 beigas, bet gan k\u0101 p\u0101reju.<\/p>\n<p>&#8220;Ja k\u0101ds man deva otru iesp\u0113ju, tas noz\u012bm\u0113, ka man v\u0113l ir ko dar\u012bt \u0161eit, uz zemes,&#8221; vi\u0146\u0161 piebilda.<\/p>\n<p>\t\t\t\t\t\tinfo<\/p>\n<p>Uzzini pirmais<br \/>kas interesants noticis Latvij\u0101 un pasaul\u0113,<br \/>pievienojoties mums <a href=\"https:\/\/t.me\/neatkariga\" rel=\"nofollow\">Telegram<\/a> vai <a href=\"https:\/\/whatsapp.com\/channel\/0029VaMLFUH5K3zLU5s4wm3y\" rel=\"nofollow noopener\" target=\"_blank\">Whatsapp<\/a> kan\u0101l\u0101<\/p>\n","protected":false},"excerpt":{"rendered":"39 gadus vec\u0101 D\u017eona Viljamsa no Apvienot\u0101s Karalistes st\u0101sts \u0161\u0137iet neticams &#8211; v\u012brietis, kur\u0161 13 min\u016b\u0161u laik\u0101 &#8220;nomira&#8221;&hellip;\n","protected":false},"author":2,"featured_media":35992,"comment_status":"","ping_status":"","sticky":false,"template":"","format":"standard","meta":{"footnotes":""},"categories":[5],"tags":[23,28,29,32,33,22,30,31,35,39,38,36,37,34,40,20,26,27,24,25,21],"class_list":{"0":"post-35991","1":"post","2":"type-post","3":"status-publish","4":"format-standard","5":"has-post-thumbnail","7":"category-aktualitates","8":"tag-aktualitates","9":"tag-breaking-news","10":"tag-breakingnews","11":"tag-featured-news","12":"tag-featurednews","13":"tag-headlines","14":"tag-latest-news","15":"tag-latestnews","16":"tag-latvia","17":"tag-latvian","18":"tag-latviesu","19":"tag-latviesu-valoda","20":"tag-latviesuvaloda","21":"tag-latvija","22":"tag-lv","23":"tag-news","24":"tag-popularakas-zinas","25":"tag-popularakaszinas","26":"tag-top-stories","27":"tag-topstories","28":"tag-zinas"},"share_on_mastodon":{"url":"https:\/\/pubeurope.com\/@lv\/115468020244399472","error":""},"_links":{"self":[{"href":"https:\/\/www.europesays.com\/lv\/wp-json\/wp\/v2\/posts\/35991","targetHints":{"allow":["GET"]}}],"collection":[{"href":"https:\/\/www.europesays.com\/lv\/wp-json\/wp\/v2\/posts"}],"about":[{"href":"https:\/\/www.europesays.com\/lv\/wp-json\/wp\/v2\/types\/post"}],"author":[{"embeddable":true,"href":"https:\/\/www.europesays.com\/lv\/wp-json\/wp\/v2\/users\/2"}],"replies":[{"embeddable":true,"href":"https:\/\/www.europesays.com\/lv\/wp-json\/wp\/v2\/comments?post=35991"}],"version-history":[{"count":0,"href":"https:\/\/www.europesays.com\/lv\/wp-json\/wp\/v2\/posts\/35991\/revisions"}],"wp:featuredmedia":[{"embeddable":true,"href":"https:\/\/www.europesays.com\/lv\/wp-json\/wp\/v2\/media\/35992"}],"wp:attachment":[{"href":"https:\/\/www.europesays.com\/lv\/wp-json\/wp\/v2\/media?parent=35991"}],"wp:term":[{"taxonomy":"category","embeddable":true,"href":"https:\/\/www.europesays.com\/lv\/wp-json\/wp\/v2\/categories?post=35991"},{"taxonomy":"post_tag","embeddable":true,"href":"https:\/\/www.europesays.com\/lv\/wp-json\/wp\/v2\/tags?post=35991"}],"curies":[{"name":"wp","href":"https:\/\/api.w.org\/{rel}","templated":true}]}}