{"id":36013,"date":"2025-10-31T09:32:07","date_gmt":"2025-10-31T09:32:07","guid":{"rendered":"https:\/\/www.europesays.com\/lv\/36013\/"},"modified":"2025-10-31T09:32:07","modified_gmt":"2025-10-31T09:32:07","slug":"policija-mekle-ingu-kavacu-nra-lv","status":"publish","type":"post","link":"https:\/\/www.europesays.com\/lv\/36013\/","title":{"rendered":"Policija mekl\u0113 Ingu Kavacu &#8211; nra.lv"},"content":{"rendered":"<p class=\"descr\">Valsts policijas R\u012bgas re\u0123iona p\u0101rvaldes Pier\u012bgas Dienvidu iecirknis mekl\u0113 bezv\u0113sts promb\u016btn\u0113 eso\u0161o 1969. gad\u0101 dzimu\u0161o Ingu Kavacu, kura p\u0113d\u0113jo reizi redz\u0113ta 30. oktobr\u012b pulksten 21.00 R\u012bg\u0101, M\u016bkusalas iel\u0101, un l\u012bdz \u0161im br\u012bdim nav zin\u0101ma vi\u0146as atra\u0161an\u0101s vieta.<\/p>\n<p>Paz\u012bmes: augums ap 164 cm, blondi, \u012bsi mati, vid\u0113jas miesas b\u016bves. Bija \u0123\u0113rbusies gai\u0161i br\u016bn\u0101s biks\u0113s un tum\u0161\u0101 virsjak\u0101, l\u012bdzi bija balta rokas somi\u0146a.<\/p>\n<p><a href=\"https:\/\/nra.lv\/birka\/valsts-policija\/\" target=\"_blank\" rel=\"noopener nofollow\">Valsts policija<\/a> aicina apl\u016bkot sievietes fotogr\u0101fiju un atsaukties ikvienu, kur\u0161 zina vi\u0146as iesp\u0113jamo atra\u0161an\u0101s vietu, zvanot pa t\u0101lru\u0146a numuru 67950255 vai 112.<\/p>\n","protected":false},"excerpt":{"rendered":"Valsts policijas R\u012bgas re\u0123iona p\u0101rvaldes Pier\u012bgas Dienvidu iecirknis mekl\u0113 bezv\u0113sts promb\u016btn\u0113 eso\u0161o 1969. gad\u0101 dzimu\u0161o Ingu Kavacu, kura&hellip;\n","protected":false},"author":2,"featured_media":36014,"comment_status":"","ping_status":"","sticky":false,"template":"","format":"standard","meta":{"footnotes":""},"categories":[5],"tags":[23,28,29,32,33,22,30,31,35,39,38,36,37,34,40,20,26,27,24,25,21],"class_list":{"0":"post-36013","1":"post","2":"type-post","3":"status-publish","4":"format-standard","5":"has-post-thumbnail","7":"category-aktualitates","8":"tag-aktualitates","9":"tag-breaking-news","10":"tag-breakingnews","11":"tag-featured-news","12":"tag-featurednews","13":"tag-headlines","14":"tag-latest-news","15":"tag-latestnews","16":"tag-latvia","17":"tag-latvian","18":"tag-latviesu","19":"tag-latviesu-valoda","20":"tag-latviesuvaloda","21":"tag-latvija","22":"tag-lv","23":"tag-news","24":"tag-popularakas-zinas","25":"tag-popularakaszinas","26":"tag-top-stories","27":"tag-topstories","28":"tag-zinas"},"share_on_mastodon":{"url":"https:\/\/pubeurope.com\/@lv\/115468090895036814","error":""},"_links":{"self":[{"href":"https:\/\/www.europesays.com\/lv\/wp-json\/wp\/v2\/posts\/36013","targetHints":{"allow":["GET"]}}],"collection":[{"href":"https:\/\/www.europesays.com\/lv\/wp-json\/wp\/v2\/posts"}],"about":[{"href":"https:\/\/www.europesays.com\/lv\/wp-json\/wp\/v2\/types\/post"}],"author":[{"embeddable":true,"href":"https:\/\/www.europesays.com\/lv\/wp-json\/wp\/v2\/users\/2"}],"replies":[{"embeddable":true,"href":"https:\/\/www.europesays.com\/lv\/wp-json\/wp\/v2\/comments?post=36013"}],"version-history":[{"count":0,"href":"https:\/\/www.europesays.com\/lv\/wp-json\/wp\/v2\/posts\/36013\/revisions"}],"wp:featuredmedia":[{"embeddable":true,"href":"https:\/\/www.europesays.com\/lv\/wp-json\/wp\/v2\/media\/36014"}],"wp:attachment":[{"href":"https:\/\/www.europesays.com\/lv\/wp-json\/wp\/v2\/media?parent=36013"}],"wp:term":[{"taxonomy":"category","embeddable":true,"href":"https:\/\/www.europesays.com\/lv\/wp-json\/wp\/v2\/categories?post=36013"},{"taxonomy":"post_tag","embeddable":true,"href":"https:\/\/www.europesays.com\/lv\/wp-json\/wp\/v2\/tags?post=36013"}],"curies":[{"name":"wp","href":"https:\/\/api.w.org\/{rel}","templated":true}]}}