{"id":36106,"date":"2025-10-31T11:29:07","date_gmt":"2025-10-31T11:29:07","guid":{"rendered":"https:\/\/www.europesays.com\/lv\/36106\/"},"modified":"2025-10-31T11:29:07","modified_gmt":"2025-10-31T11:29:07","slug":"phh-group-izpilddirektors-dainus-lulis-dienas-bizness","status":"publish","type":"post","link":"https:\/\/www.europesays.com\/lv\/36106\/","title":{"rendered":"PHH Group izpilddirektors Dai\u0146us \u013bu\u013cis :: Dienas Bizness"},"content":{"rendered":"<p class=\"text-font font-size--text-xlarge margin-3--bottom font-weight--bold padding-1--top\">Uz\u0146\u0113m\u0113jiem ir j\u0101izprot savu klientu vajadz\u012bbas un paradumi, uzskata Dai\u0146us \u013bu\u013cis, (Dainius Liulys), e-komercijas platformas PHH Group izpilddirektors.<\/p>\n<p class=\"text-font font-size--text-xlarge margin-3--bottom\">Veiksm\u012bgas uz\u0146\u0113m\u0113jdarb\u012bbas atsl\u0113ga e-komercij\u0101 ir univers\u0101la &#8211; tur\u0113t sol\u012bjumus klientiem, pied\u0101v\u0101t atbilsto\u0161u un pla\u0161u pre\u010du kl\u0101stu, k\u0101 ar\u012b nodro\u0161in\u0101t uzticamus pieg\u0101des un preces atgrie\u0161anas procesus. \u0160aj\u0101 zi\u0146\u0101 Latvija neat\u0161\u0137iras no jebkura cita tirgus, p\u0101rliecin\u0101ts ir PHH Group, kur\u0101 iek\u013caujas ar\u012b interneta veikals 220.lv, izpilddirektors. Vi\u0146\u0161 nor\u0101da, ka Latvij\u0101 un Baltij\u0101 \u013coti b\u016btiskas ir ar\u012b viet\u0113jas zin\u0101\u0161anas un izpratne. Maz\u0101kos tirgos klientu ir maz\u0101k, t\u0101d\u0113\u013c katra pirc\u0113ja zaud\u0113jums uz\u0146\u0113mumam ir b\u016btisks. \u0160\u012b iemesla d\u0113\u013c m\u016bsu kvalit\u0101tes lati\u0146a ir nemain\u012bgi augsta &#8211; m\u0113s dar\u0101m visu iesp\u0113jamo, lai klienti mums uztic\u0113tos, nor\u0101da D.\u013bu\u013cis.<\/p>\n<p class=\"text-font font-size--text-xlarge margin-3--bottom\">Rada biznesu<\/p>\n<p class=\"text-font font-size--text-xlarge margin-3--bottom\">B\u0113rn\u012bb\u0101 es v\u0113l\u0113jos k\u013c\u016bt par policistu vai ugunsdz\u0113s\u0113ju, bet v\u0113l\u0101k &#8211; par basketbolistu, atminas D.\u013bu\u013cis. \u201cT\u0101pat mani aizr\u0101va ar\u012b da\u017e\u0101das varo\u0146u filmas, t\u0101p\u0113c b\u0113rn\u012bb\u0101 grib\u0113ju b\u016bt ar\u012b samurajs un bru\u0146inieks. Dzi\u013ci sird\u012b vienm\u0113r esmu v\u0113l\u0113jies risin\u0101t probl\u0113mas un st\u0101ties pret\u012b izaicin\u0101jumiem, un, t\u0101 k\u0101 esmu komandas cilv\u0113ks, man ir svar\u012bgi, lai uzvar visa komanda! Tie\u0161i \u0161\u012b iemesla d\u0113\u013c man tuvs bija basketbols, tom\u0113r \u0161im sportam ar 185 cm garu augumu tiku uzskat\u012bts par p\u0101r\u0101k \u012bsu. Skolas laikos man vislab\u0101k padev\u0101s matem\u0101tika un eksakt\u0101s zin\u0101tnes, un, lai ar\u012b mans vid\u0113jais v\u0113rt\u0113jums bija ap 9, nebiju klases izcilnieks, jo m\u0101c\u012bjos Mikolas Bir\u017ei\u0161kas \u0123imn\u0101zij\u0101 Vi\u013c\u0146\u0101 &#8211; kop\u0101 ar \u013coti sp\u0113j\u012bgiem skol\u0113niem. Kad pien\u0101ca laiks universit\u0101tei, s\u0101kum\u0101 dom\u0101ju par vad\u012bbas zin\u012bb\u0101m, bet galu gal\u0101 izv\u0113l\u0113jos programm\u0113\u0161anu. P\u0113c diviem gadiem sapratu, ka varu programm\u0113t, ta\u010du nev\u0113los to dar\u012bt visu savu m\u016b\u017eu. Neraugoties uz to, studijas tom\u0113r pabeidzu, un t\u0101s man ir devu\u0161as pla\u0161as tehnisk\u0101s zin\u0101\u0161anas, k\u0101 ar\u012b iev\u0113rojami stiprin\u0101ju\u0161as lo\u0123isko dom\u0101\u0161anu,\u201d atz\u012bst D.\u013bu\u013cis, kur\u0161 studiju laik\u0101 s\u0101ka str\u0101d\u0101t Transcom zvanu centr\u0101.<\/p>\n<p class=\"text-font font-size--text-xlarge margin-3--bottom\">\u201cAng\u013cu valod\u0101 veicu aptaujas un p\u0101rdevu noteiktus produktus, bet v\u0113l\u0101k taj\u0101 pa\u0161\u0101 uz\u0146\u0113mum\u0101 darbojos k\u0101 ien\u0101ko\u0161o zvanu operators, ta\u010du \u0101tri sapratu, ka manas t\u0101l\u0101k\u0101s izaugsmes iesp\u0113jas ir ierobe\u017eotas. \u0160\u012b iemesla d\u0113\u013c mekl\u0113ju citas opcijas un pievienojos komp\u0101nijai MicroLink, kas nodro\u0161in\u0101ja interneta savienojumu biznesa klientiem. Jaunaj\u0101 darbaviet\u0101 divu gadu laik\u0101 \u013coti strauji att\u012bst\u012bjos, k\u0101 rezult\u0101t\u0101 dr\u012bz k\u013cuvu par mazumtirdzniec\u012bbas direktoru, bet p\u0113c tam nol\u0113mu s\u0101kt savu biznesu. Lai gan neesmu str\u0101d\u0101jis nevien\u0101 profesij\u0101, par kuru b\u0113rn\u012bb\u0101 sap\u0146oju, savu ener\u0123iju un neatlaid\u012bbu esmu ieguld\u012bjis uz\u0146\u0113m\u0113jdarb\u012bb\u0101, veidojot risin\u0101jumus, kas maina cilv\u0113ku ikdienu un atvieglo vi\u0146u darbu,\u201d nor\u0101da D.\u013bu\u013cis.<\/p>\n<p class=\"text-font font-size--text-xlarge margin-3--bottom\">Visu rakstu lasiet 28.oktobra \u017eurn\u0101l\u0101 Dienas Bizness!<\/p>\n<p class=\"text-font font-size--text-xlarge margin-3--bottom\">Abon\u0113t ir \u0113rt\u0101k: <a href=\"https:\/\/ekiosks.lv\/\" target=\"_blank\" rel=\"nofollow noopener\">e-kiosks.lv<\/a>.<\/p>\n","protected":false},"excerpt":{"rendered":"Uz\u0146\u0113m\u0113jiem ir j\u0101izprot savu klientu vajadz\u012bbas un paradumi, uzskata Dai\u0146us \u013bu\u013cis, (Dainius Liulys), e-komercijas platformas PHH Group izpilddirektors.&hellip;\n","protected":false},"author":2,"featured_media":36107,"comment_status":"","ping_status":"","sticky":false,"template":"","format":"standard","meta":{"footnotes":""},"categories":[16],"tags":[869,77,870,76,867,35,39,38,36,37,34,871,868,40,21],"class_list":{"0":"post-36106","1":"post","2":"type-post","3":"status-publish","4":"format-standard","5":"has-post-thumbnail","7":"category-bizness","8":"tag-biznesa-zinas","9":"tag-bizness","10":"tag-bizness-latvija","11":"tag-business","12":"tag-dienas-zinas","13":"tag-latvia","14":"tag-latvian","15":"tag-latviesu","16":"tag-latviesu-valoda","17":"tag-latviesuvaloda","18":"tag-latvija","19":"tag-latvijas-biznesa-zinas","20":"tag-latvijas-zinas","21":"tag-lv","22":"tag-zinas"},"share_on_mastodon":{"url":"https:\/\/pubeurope.com\/@lv\/115468551143919907","error":""},"_links":{"self":[{"href":"https:\/\/www.europesays.com\/lv\/wp-json\/wp\/v2\/posts\/36106","targetHints":{"allow":["GET"]}}],"collection":[{"href":"https:\/\/www.europesays.com\/lv\/wp-json\/wp\/v2\/posts"}],"about":[{"href":"https:\/\/www.europesays.com\/lv\/wp-json\/wp\/v2\/types\/post"}],"author":[{"embeddable":true,"href":"https:\/\/www.europesays.com\/lv\/wp-json\/wp\/v2\/users\/2"}],"replies":[{"embeddable":true,"href":"https:\/\/www.europesays.com\/lv\/wp-json\/wp\/v2\/comments?post=36106"}],"version-history":[{"count":0,"href":"https:\/\/www.europesays.com\/lv\/wp-json\/wp\/v2\/posts\/36106\/revisions"}],"wp:featuredmedia":[{"embeddable":true,"href":"https:\/\/www.europesays.com\/lv\/wp-json\/wp\/v2\/media\/36107"}],"wp:attachment":[{"href":"https:\/\/www.europesays.com\/lv\/wp-json\/wp\/v2\/media?parent=36106"}],"wp:term":[{"taxonomy":"category","embeddable":true,"href":"https:\/\/www.europesays.com\/lv\/wp-json\/wp\/v2\/categories?post=36106"},{"taxonomy":"post_tag","embeddable":true,"href":"https:\/\/www.europesays.com\/lv\/wp-json\/wp\/v2\/tags?post=36106"}],"curies":[{"name":"wp","href":"https:\/\/api.w.org\/{rel}","templated":true}]}}