{"id":36112,"date":"2025-10-31T11:33:06","date_gmt":"2025-10-31T11:33:06","guid":{"rendered":"https:\/\/www.europesays.com\/lv\/36112\/"},"modified":"2025-10-31T11:33:06","modified_gmt":"2025-10-31T11:33:06","slug":"timekla-ceturta-sezona-parsteidz-ar-zemako-skatitaju-vertejumu-vesture-lente-lv","status":"publish","type":"post","link":"https:\/\/www.europesays.com\/lv\/36112\/","title":{"rendered":"&#8220;T\u012bmek\u013ca&#8221; ceturt\u0101 sezona p\u0101rsteidz ar zem\u0101ko skat\u012bt\u0101ju v\u0113rt\u0113jumu v\u0113stur\u0113\u00a0\u2014\u00a0Lente.lv"},"content":{"rendered":"<p>Sezonas atkl\u0101\u0161anas vil\u0161an\u0101s: &#8220;T\u012bmeklis&#8221; sasniedz zem\u0101ko punktu skat\u012bt\u0101ju v\u0113rt\u0113jum\u0101<\/p>\n<p>Ceturt\u0101 sezona &#8220;T\u012bmeklim&#8221; ir iez\u012bm\u0113jusi Netflix fran\u0161\u012bzes v\u0113stur\u0113 neiepriecino\u0161u pagrieziena punktu, skat\u012bt\u0101jiem pie\u0161\u0137irot vien 19% v\u0113rt\u0113jumu Rotten Tomatoes. \u0160is ir zem\u0101kais r\u0101d\u012bt\u0101js vis\u0101 seri\u0101la past\u0101v\u0113\u0161anas laik\u0101, liecinot par dzi\u013cu kr\u012bzi \u0161ova uztver\u0113.<\/p>\n<p>Galven\u0101 un ac\u012bmredzam\u0101k\u0101 izmai\u0146a ir galven\u0101 aktiera lom\u0101 \u2013 Henriju Kavilu ir nomain\u012bjis Liams Hemsvorts, atveidojot Geraltu no R\u012bvijas. Tom\u0113r, izp\u0113tot kriti\u0137u un skat\u012bt\u0101ju atsauksmes, ir skaidrs, ka aktiera nomai\u0146a nav vien\u012bg\u0101 vai pat galven\u0101 probl\u0113ma. K\u0101 uzsver Endrj\u016b Vebsters no The Verge, &#8220;probl\u0113ma nav jaunais galvenais aktieris; probl\u0113ma ir t\u0101da, ka tas joproj\u0101m ir haotisks&#8221;. Nikolass Ostins no Radio Times pievienojas \u0161ai domai, apgalvojot, ka st\u0101sts, ko smagi aps\u016bdz nevienm\u0113r\u012bgs scen\u0101rijs un tonalit\u0101te, ir zaud\u0113jis &#8220;savu ma\u0123iju&#8221;.<\/p>\n<p>Da\u017e\u0101di skatupunti uz izmai\u0146\u0101m un to ietekmi<\/p>\n<p>Interesanti, ka kriti\u0137u viedok\u013ci dal\u0101s. Mets Faulers no IGN atz\u012bst, ka, lai gan veiksm\u012bgu momentu ceturtaj\u0101 sezon\u0101 ir vair\u0101k nek\u0101 neveiksm\u012bgu, fin\u0101ls atst\u0101j &#8220;nepabeigt\u012bbas&#8221; saj\u016btu. Ta\u010du ir ar\u012b pret\u0113ji viedok\u013ci. Aleks Zalben no Games Radar, neskatoties uz kop\u0113jo negat\u012bvo noska\u0146ojumu, uzskata, ka ceturt\u0101 sezona bez Henrija Kavila ir &#8220;lab\u0101k\u0101 l\u012bdz \u0161im&#8221;. Vi\u0146\u0161 slav\u0113 to par &#8220;lab\u0101ku, m\u0113r\u0137tiec\u012bg\u0101ku un, pats galvenais, jautr\u0101ku&#8221;, izce\u013cot lielisko akciju, augst\u0101s likmes un &#8220;Imp\u0113rija atbild ar triecienu&#8221; stilu pieciniekam.<\/p>\n<p>\u0160\u012bs at\u0161\u0137ir\u012bg\u0101s perspekt\u012bvas liecina par sare\u017e\u0123\u012btu auditorijas reakciju un potenci\u0101lu seri\u0101la virzienam. K\u0101 nor\u0101da Zalben, &#8220;atmetot aspektus, kas nedarboj\u0101s, un saglab\u0101jot to, kas str\u0101d\u0101ja&#8221;, ceturt\u0101 sezona var\u0113tu b\u016bt solis uz priek\u0161u.<\/p>\n<p>Sezonu v\u0113rt\u0113jumu sal\u012bdzin\u0101jums un sezonas si\u017eets<\/p>\n<p>Lai g\u016btu piln\u012bg\u0101ku ainu, apl\u016bkosim visu sezonu v\u0113rt\u0113jumus Rotten Tomatoes:<\/p>\n<ul>\n<li>Pirmais sezona: Kriti\u0137i \u2013 68%, Skat\u012bt\u0101ji \u2013 88%<\/li>\n<li>Otrais sezona: Kriti\u0137i \u2013 95%, Skat\u012bt\u0101ji \u2013 54%<\/li>\n<li>Tre\u0161ais sezona: Kriti\u0137i \u2013 79%, Skat\u012bt\u0101ji \u2013 20%<\/li>\n<li>Ceturtais sezona: Kriti\u0137i \u2013 53%, Skat\u012bt\u0101ji \u2013 19%<\/li>\n<\/ul>\n<p>Ceturtais sezonas si\u017eets seko Geraltam, kur\u0161 apvieno komandu kop\u0101 ar L\u016bti\u0146u, Milvu un Re\u0123isu, lai mekl\u0113tu Ciri. Tikm\u0113r Ciri ce\u013co ar bandu Ka\u0137enes, izmantojot v\u0101rdu Falka. Jeneferas mekl\u0113 Vilgeforcu un cen\u0161as atjaunot burvju br\u0101l\u012bbu. Seri\u0101la autori pau\u017e cer\u012bbu, ka p\u0113c tre\u0161\u0101s sezonas notikumiem tr\u012bs galvenie varo\u0146i, ce\u013cojot pa kara plos\u012btu kontinentu atsevi\u0161\u0137i, sp\u0113s apvienoties un atrast viens otru.<\/p>\n<p>Papildu saturs un latvie\u0161u dubl\u0101\u017ea<\/p>\n<p>Pa\u0161laik visas asto\u0146as ceturt\u0101s sezonas s\u0113rijas ir pieejamas Netflix ukrai\u0146u valod\u0101. Turkl\u0101t straum\u0113\u0161anas platforma ir izlaidusi ar\u012b filmu par Ka\u0137enes bandu, kas veidota no atcelta mini-seri\u0101la. Interesanti, ka \u0161\u012b filma sa\u0146\u0113musi lab\u0101kus v\u0113rt\u0113jumus nek\u0101 galvenais seri\u0101ls (73% no kriti\u0137iem un 45% no skat\u012bt\u0101jiem), ta\u010du joproj\u0101m ir t\u0101lu no ide\u0101la.<\/p>\n<p>Interesants fakts, kas pievieno dzi\u013cumu Re\u0123isa t\u0113lam, ir aktiera Lorensa Fi\u0161berna teiktais par savu varoni: &#8220;Es neesmu vienk\u0101r\u0161s vamp\u012brs, bet gan \u0123en\u0113tiski modific\u0113ts&#8221;. \u0160is skaidrojums var\u0113tu pal\u012bdz\u0113t skat\u012bt\u0101jiem lab\u0101k izprast un nov\u0113rt\u0113t \u0161o specifisko t\u0113lu.<\/p>\n","protected":false},"excerpt":{"rendered":"Sezonas atkl\u0101\u0161anas vil\u0161an\u0101s: &#8220;T\u012bmeklis&#8221; sasniedz zem\u0101ko punktu skat\u012bt\u0101ju v\u0113rt\u0113jum\u0101 Ceturt\u0101 sezona &#8220;T\u012bmeklim&#8221; ir iez\u012bm\u0113jusi Netflix fran\u0161\u012bzes v\u0113stur\u0113 neiepriecino\u0161u&hellip;\n","protected":false},"author":2,"featured_media":36113,"comment_status":"","ping_status":"","sticky":false,"template":"","format":"standard","meta":{"footnotes":""},"categories":[19],"tags":[89,5452,90,35,39,38,36,37,34,5282,40,601,5744,10581],"class_list":{"0":"post-36112","1":"post","2":"type-post","3":"status-publish","4":"format-standard","5":"has-post-thumbnail","7":"category-izklaide","8":"tag-entertainment","9":"tag-geralts-no-rivijas","10":"tag-izklaide","11":"tag-latvia","12":"tag-latvian","13":"tag-latviesu","14":"tag-latviesu-valoda","15":"tag-latviesuvaloda","16":"tag-latvija","17":"tag-liams-hemsvorts","18":"tag-lv","19":"tag-netflix","20":"tag-rotten-tomatoes","21":"tag-timeklis"},"share_on_mastodon":{"url":"https:\/\/pubeurope.com\/@lv\/115468566817026209","error":""},"_links":{"self":[{"href":"https:\/\/www.europesays.com\/lv\/wp-json\/wp\/v2\/posts\/36112","targetHints":{"allow":["GET"]}}],"collection":[{"href":"https:\/\/www.europesays.com\/lv\/wp-json\/wp\/v2\/posts"}],"about":[{"href":"https:\/\/www.europesays.com\/lv\/wp-json\/wp\/v2\/types\/post"}],"author":[{"embeddable":true,"href":"https:\/\/www.europesays.com\/lv\/wp-json\/wp\/v2\/users\/2"}],"replies":[{"embeddable":true,"href":"https:\/\/www.europesays.com\/lv\/wp-json\/wp\/v2\/comments?post=36112"}],"version-history":[{"count":0,"href":"https:\/\/www.europesays.com\/lv\/wp-json\/wp\/v2\/posts\/36112\/revisions"}],"wp:featuredmedia":[{"embeddable":true,"href":"https:\/\/www.europesays.com\/lv\/wp-json\/wp\/v2\/media\/36113"}],"wp:attachment":[{"href":"https:\/\/www.europesays.com\/lv\/wp-json\/wp\/v2\/media?parent=36112"}],"wp:term":[{"taxonomy":"category","embeddable":true,"href":"https:\/\/www.europesays.com\/lv\/wp-json\/wp\/v2\/categories?post=36112"},{"taxonomy":"post_tag","embeddable":true,"href":"https:\/\/www.europesays.com\/lv\/wp-json\/wp\/v2\/tags?post=36112"}],"curies":[{"name":"wp","href":"https:\/\/api.w.org\/{rel}","templated":true}]}}