{"id":36117,"date":"2025-10-31T11:36:08","date_gmt":"2025-10-31T11:36:08","guid":{"rendered":"https:\/\/www.europesays.com\/lv\/36117\/"},"modified":"2025-10-31T11:36:08","modified_gmt":"2025-10-31T11:36:08","slug":"atcelts-trampa-un-putina-samits","status":"publish","type":"post","link":"https:\/\/www.europesays.com\/lv\/36117\/","title":{"rendered":"Atcelts Trampa un Putina samits"},"content":{"rendered":"<p class=\"descr\">Pl\u0101notais ASV prezidenta Donalda Trampa un Krievijas diktatora Vladimira Putina samits Budape\u0161t\u0101 atcelts, jo Krievija uzst\u0101jusi uz sav\u0101m pras\u012bb\u0101m Ukrainai, v\u0113sta britu laikraksts &#8220;Financial Times&#8221;, atsaucoties uz avotiem diplom\u0101tu aprind\u0101s.<\/p>\n<p>L\u0113mums par samita atcel\u0161anu pie\u0146emts p\u0113c ASV un Krievijas vado\u0161o diplom\u0101tu saspringt\u0101s telefonsarunas.<\/p>\n<blockquote><p>Atcel\u0161anas iemesls bija tas, ka Maskava nos\u016bt\u012bjusi Va\u0161ingtonai memorandu ar stingriem nosac\u012bjumiem, ko Va\u0161ingtona nebija gatava pie\u0146emt.<\/p><\/blockquote>\n<p>Oktobra beig\u0101s <a href=\"https:\/\/nra.lv\/birka\/donalds-tramps\/\" target=\"_blank\" rel=\"noopener nofollow\">Tramps<\/a> pazi\u0146oja par tik\u0161anos ar <a href=\"https:\/\/nra.lv\/birka\/vladimirs-putins\/\" target=\"_blank\" rel=\"noopener nofollow\">Putinu<\/a> Budape\u0161t\u0101. Vi\u0146\u0161 nemin\u0113ja konkr\u0113tu datumu, bet teica, ka t\u0101 notiks tuv\u0101kaj\u0101 laik\u0101.<\/p>\n<p>Tom\u0113r jau 21. oktobr\u012b k\u013cuva zin\u0101ms, ka samits Budape\u0161t\u0101 atcelts.<\/p>\n<p>Gatavo\u0161an\u0101s samitam tika aptur\u0113ta p\u0113c neveiksm\u012bg\u0101s ASV valsts sekret\u0101ra Marko Rubio un Krievijas \u0101rlietu ministra Sergeja Lavrova sarunas.<\/p>\n<p>Tramps skaidroja, ka nev\u0113las izniekotu tik\u0161anos, bet v\u0113l\u0101k noteica jaunas sankcijas Krievijas naftas sektoram.<\/p>\n<p>\t\t\t\t\t\tinfo<\/p>\n<p>Uzzini pirmais<br \/>kas interesants noticis Latvij\u0101 un pasaul\u0113,<br \/>pievienojoties mums <a href=\"https:\/\/t.me\/neatkariga\" rel=\"nofollow\">Telegram<\/a> vai <a href=\"https:\/\/whatsapp.com\/channel\/0029VaMLFUH5K3zLU5s4wm3y\" rel=\"nofollow noopener\" target=\"_blank\">Whatsapp<\/a> kan\u0101l\u0101<\/p>\n","protected":false},"excerpt":{"rendered":"Pl\u0101notais ASV prezidenta Donalda Trampa un Krievijas diktatora Vladimira Putina samits Budape\u0161t\u0101 atcelts, jo Krievija uzst\u0101jusi uz sav\u0101m&hellip;\n","protected":false},"author":2,"featured_media":36118,"comment_status":"","ping_status":"","sticky":false,"template":"","format":"standard","meta":{"footnotes":""},"categories":[14],"tags":[23,57,28,29,32,33,22,30,31,35,39,38,36,37,34,40,20,26,27,24,25,54,55,56,21,58],"class_list":{"0":"post-36117","1":"post","2":"type-post","3":"status-publish","4":"format-standard","5":"has-post-thumbnail","7":"category-zinas-no-arvalstim","8":"tag-aktualitates","9":"tag-arvalstim","10":"tag-breaking-news","11":"tag-breakingnews","12":"tag-featured-news","13":"tag-featurednews","14":"tag-headlines","15":"tag-latest-news","16":"tag-latestnews","17":"tag-latvia","18":"tag-latvian","19":"tag-latviesu","20":"tag-latviesu-valoda","21":"tag-latviesuvaloda","22":"tag-latvija","23":"tag-lv","24":"tag-news","25":"tag-popularakas-zinas","26":"tag-popularakaszinas","27":"tag-top-stories","28":"tag-topstories","29":"tag-world","30":"tag-world-news","31":"tag-worldnews","32":"tag-zinas","33":"tag-zinas-no-arvalstim"},"share_on_mastodon":{"url":"https:\/\/pubeurope.com\/@lv\/115468578619422940","error":""},"_links":{"self":[{"href":"https:\/\/www.europesays.com\/lv\/wp-json\/wp\/v2\/posts\/36117","targetHints":{"allow":["GET"]}}],"collection":[{"href":"https:\/\/www.europesays.com\/lv\/wp-json\/wp\/v2\/posts"}],"about":[{"href":"https:\/\/www.europesays.com\/lv\/wp-json\/wp\/v2\/types\/post"}],"author":[{"embeddable":true,"href":"https:\/\/www.europesays.com\/lv\/wp-json\/wp\/v2\/users\/2"}],"replies":[{"embeddable":true,"href":"https:\/\/www.europesays.com\/lv\/wp-json\/wp\/v2\/comments?post=36117"}],"version-history":[{"count":0,"href":"https:\/\/www.europesays.com\/lv\/wp-json\/wp\/v2\/posts\/36117\/revisions"}],"wp:featuredmedia":[{"embeddable":true,"href":"https:\/\/www.europesays.com\/lv\/wp-json\/wp\/v2\/media\/36118"}],"wp:attachment":[{"href":"https:\/\/www.europesays.com\/lv\/wp-json\/wp\/v2\/media?parent=36117"}],"wp:term":[{"taxonomy":"category","embeddable":true,"href":"https:\/\/www.europesays.com\/lv\/wp-json\/wp\/v2\/categories?post=36117"},{"taxonomy":"post_tag","embeddable":true,"href":"https:\/\/www.europesays.com\/lv\/wp-json\/wp\/v2\/tags?post=36117"}],"curies":[{"name":"wp","href":"https:\/\/api.w.org\/{rel}","templated":true}]}}