{"id":36131,"date":"2025-10-31T11:48:28","date_gmt":"2025-10-31T11:48:28","guid":{"rendered":"https:\/\/www.europesays.com\/lv\/36131\/"},"modified":"2025-10-31T11:48:28","modified_gmt":"2025-10-31T11:48:28","slug":"ieilgst-kilnieku-mirstigo-atlieku-atgusana-diena","status":"publish","type":"post","link":"https:\/\/www.europesays.com\/lv\/36131\/","title":{"rendered":"Ieilgst \u0137\u012blnieku mirst\u012bgo atlieku atg\u016b\u0161ana \/ Diena"},"content":{"rendered":"<p>\t\t&#13;<\/p>\n<p>Izra\u0113las armija pazi\u0146ojusi, ka &#8220;atjaunojusi&#8221; uguns p\u0101rtrauk\u0161anas vieno\u0161an\u0101s ar palest\u012bnie\u0161u isl\u0101mistu kaujinieku grup\u0113jumu\u00a0Ham\u0101s\u00a0darb\u012bbu Gazas josl\u0101 p\u0113c tam, kad otrdien un nakt\u012b uz tre\u0161dienu p\u0113c Izra\u0113las premjerministra Benjamina Netanjahu pav\u0113les tika raid\u012bti triecieni pret desmitiem ar isl\u0101mistu kaujiniekiem saist\u012btu m\u0113r\u0137u.\u00a0Ham\u0101s\u00a0kontrol\u0113t\u0101 Vesel\u012bbas ministrija Gaz\u0101 pazi\u0146oja, ka \u0161ajos triecienos dz\u012bv\u012bbu zaud\u0113ju\u0161i vair\u0101k nek\u0101 100 palest\u012bnie\u0161u, to skait\u0101 46 b\u0113rni, v\u0113st\u012bja\u00a0Al Jazeera.<\/p>\n<p>&#13;<br \/>\n&#13;<\/p>\n<p>Past\u0101v ba\u017eas, ka \u0161ie triecieni v\u0113l vair\u0101k sare\u017e\u0123\u012bs to \u0137\u012blnieku mirst\u012bgo atlieku atdo\u0161anu Izra\u0113lai, kuri zaud\u0113ju\u0161i dz\u012bv\u012bbu isl\u0101mistu kaujinieku g\u016bst\u0101 Gazas josl\u0101. Tie\u0161i \u0137\u012blnieku mirst\u012bgo atlieku atg\u016b\u0161anas l\u0113n\u0101 gaita tika min\u0113ta k\u0101 viens no diviem iemesliem Izra\u0113las p\u0113d\u0113jiem triecieniem Gaz\u0101. K\u0101 otrs iemesls tika nosaukts isl\u0101mistu kaujinieku uzbrukums Izra\u0113las karav\u012briem, kur\u0101 viens tika nogalin\u0101ts. Ham\u0101s, kas apgalvo, ka \u0137\u012blnieku mirst\u012bgo atlieku atdo\u0161ana ir ieilgusi, jo ir apgr\u016btin\u0101ta to atra\u0161ana drup\u0101s, p\u0113c Izra\u0113las p\u0113d\u0113jiem triecieniem pazi\u0146oja, ka ir atlikta v\u0113l viena \u0137\u012blnieka mirst\u012bgo atlieku atdo\u0161ana Izra\u0113lai, v\u0113st\u012bja AFP.\u00a0Ham\u0101s\u00a0ar\u012b noliedza, ka t\u0101 kaujinieki iesaist\u012bti p\u0113d\u0113j\u0101 uzbrukum\u0101 Izra\u0113las karav\u012briem.<\/p>\n<p>&#13;<br \/>\n&#13;<\/p>\n<p>Ham\u0101s\u00a0taisnojas<\/p>\n<p>&#13;<br \/>\n&#13;<\/p>\n<p>Deutsche Welle\u00a0atg\u0101dina, ka\u00a0Ham\u0101s\u00a0un citu palest\u012bnie\u0161u isl\u0101mistu grup\u0113jumu kaujinieku iebrukum\u0101 Izra\u0113l\u0101 2023. gada 7. oktobr\u012b tika sag\u016bst\u012bts 251 \u0137\u012blnieks, ko aizveda uz Gazas joslu. Izra\u0113la uzskata, ka Gazas josl\u0101 joproj\u0101m atrodas 13 \u0137\u012blnieku mirst\u012bg\u0101s atliekas.<\/p>\n<p>&#13;<br \/>\n&#13;<\/p>\n<p>Vieno\u0161an\u0101s par uguns p\u0101rtrauk\u0161anu,<\/p>\n<p>&#13;<\/p>\n<p>Visu rakstu lasiet av\u012bzes Diena ceturtdienas, 30. oktobra, numur\u0101! Ja v\u0113laties laikraksta saturu turpm\u0101k las\u012bt druk\u0101t\u0101 form\u0101t\u0101, to iesp\u0113jams abon\u0113t <a href=\"https:\/&lt;b&gt;+&lt;\/strong&gt;&lt;\/p&gt;&#9;&#13;&#10;&#9;&#9;&#9;&lt;footer&gt;&#13;&#10;&#9;&#9;&lt;p&gt;&#13;&#10;&#9;&#9;&#9;&lt;strong&gt;&#13;&#10;&#9;&#9;&#9;&#9;Raksta pilno versiju var ieg\u0101d\u0101ties ar\u012b port\u0101l\u0101 Diena.lv - autoriz\u0113jies,  &lt;a href=\" https:=\"\" onclick=\"Diena.user.showLogin()\">klik\u0161\u0137inot \u0161eit!<\/a>&#13;<br \/>\n\t\t\t&#13;\n\t\t<\/p>\n<p class=\"paid-article-text__price\">&#13;<br \/>\n\t\t\tRaksta cena: \u20ac0.40&#13;\n\t\t<\/p>\n<p class=\"more\">&#13;<br \/>\n\t\t\t&#13;<br \/>\n\t\t\t<a target=\"_blank\" href=\"https:\/\/www.diena.lv\/maksas-saturs\" rel=\"nofollow noopener\">Vair\u0101k inform\u0101cijas<\/a>&#13;\n\t\t<\/p>\n","protected":false},"excerpt":{"rendered":"&#13; Izra\u0113las armija pazi\u0146ojusi, ka &#8220;atjaunojusi&#8221; uguns p\u0101rtrauk\u0161anas vieno\u0161an\u0101s ar palest\u012bnie\u0161u isl\u0101mistu kaujinieku grup\u0113jumu\u00a0Ham\u0101s\u00a0darb\u012bbu Gazas josl\u0101 p\u0113c tam,&hellip;\n","protected":false},"author":2,"featured_media":36132,"comment_status":"","ping_status":"","sticky":false,"template":"","format":"standard","meta":{"footnotes":""},"categories":[14],"tags":[23,57,28,29,32,33,22,30,31,35,39,38,36,37,34,40,20,26,27,24,25,54,55,56,21,58],"class_list":{"0":"post-36131","1":"post","2":"type-post","3":"status-publish","4":"format-standard","5":"has-post-thumbnail","7":"category-zinas-no-arvalstim","8":"tag-aktualitates","9":"tag-arvalstim","10":"tag-breaking-news","11":"tag-breakingnews","12":"tag-featured-news","13":"tag-featurednews","14":"tag-headlines","15":"tag-latest-news","16":"tag-latestnews","17":"tag-latvia","18":"tag-latvian","19":"tag-latviesu","20":"tag-latviesu-valoda","21":"tag-latviesuvaloda","22":"tag-latvija","23":"tag-lv","24":"tag-news","25":"tag-popularakas-zinas","26":"tag-popularakaszinas","27":"tag-top-stories","28":"tag-topstories","29":"tag-world","30":"tag-world-news","31":"tag-worldnews","32":"tag-zinas","33":"tag-zinas-no-arvalstim"},"share_on_mastodon":{"url":"https:\/\/pubeurope.com\/@lv\/115468625836335500","error":""},"_links":{"self":[{"href":"https:\/\/www.europesays.com\/lv\/wp-json\/wp\/v2\/posts\/36131","targetHints":{"allow":["GET"]}}],"collection":[{"href":"https:\/\/www.europesays.com\/lv\/wp-json\/wp\/v2\/posts"}],"about":[{"href":"https:\/\/www.europesays.com\/lv\/wp-json\/wp\/v2\/types\/post"}],"author":[{"embeddable":true,"href":"https:\/\/www.europesays.com\/lv\/wp-json\/wp\/v2\/users\/2"}],"replies":[{"embeddable":true,"href":"https:\/\/www.europesays.com\/lv\/wp-json\/wp\/v2\/comments?post=36131"}],"version-history":[{"count":0,"href":"https:\/\/www.europesays.com\/lv\/wp-json\/wp\/v2\/posts\/36131\/revisions"}],"wp:featuredmedia":[{"embeddable":true,"href":"https:\/\/www.europesays.com\/lv\/wp-json\/wp\/v2\/media\/36132"}],"wp:attachment":[{"href":"https:\/\/www.europesays.com\/lv\/wp-json\/wp\/v2\/media?parent=36131"}],"wp:term":[{"taxonomy":"category","embeddable":true,"href":"https:\/\/www.europesays.com\/lv\/wp-json\/wp\/v2\/categories?post=36131"},{"taxonomy":"post_tag","embeddable":true,"href":"https:\/\/www.europesays.com\/lv\/wp-json\/wp\/v2\/tags?post=36131"}],"curies":[{"name":"wp","href":"https:\/\/api.w.org\/{rel}","templated":true}]}}