{"id":36146,"date":"2025-10-31T12:01:07","date_gmt":"2025-10-31T12:01:07","guid":{"rendered":"https:\/\/www.europesays.com\/lv\/36146\/"},"modified":"2025-10-31T12:01:07","modified_gmt":"2025-10-31T12:01:07","slug":"bezvests-pazudusi-inga-kavaca-ir-atrasta","status":"publish","type":"post","link":"https:\/\/www.europesays.com\/lv\/36146\/","title":{"rendered":"Bezv\u0113sts pazudus\u012b Inga Kavaca ir atrasta"},"content":{"rendered":"<p>Jau zi\u0146ots, ka Valsts policija iepriek\u0161 zi\u0146oja, ka 1969. gad\u0101 dzimu\u0161\u0101 Inga Kavaca ir izludin\u0101ta mekl\u0113\u0161an\u0101 un p\u0113d\u0113jo reizi bija man\u012bta 30. oktobr\u012b plkst. 21.00 R\u012bg\u0101, M\u016bkusalas iel\u0101, un l\u012bdz \u0161im br\u012bdim nebija zin\u0101ma vi\u0146as atra\u0161an\u0101s vieta. Inga ir ce\u013cojumu a\u0123ent\u016bras &#8220;Vanilla Travel&#8221; dibin\u0101t\u0101ja un vad\u012bt\u0101ja. T\u0101pat Kavaca iepriek\u0161 bijusi Latvijas T\u016brisma a\u0123entu un operatoru asoci\u0101cijas prezidente.<\/p>\n","protected":false},"excerpt":{"rendered":"Jau zi\u0146ots, ka Valsts policija iepriek\u0161 zi\u0146oja, ka 1969. gad\u0101 dzimu\u0161\u0101 Inga Kavaca ir izludin\u0101ta mekl\u0113\u0161an\u0101 un p\u0113d\u0113jo&hellip;\n","protected":false},"author":2,"featured_media":36147,"comment_status":"","ping_status":"","sticky":false,"template":"","format":"standard","meta":{"footnotes":""},"categories":[12],"tags":[23,28,29,32,33,22,30,31,35,39,38,36,37,34,40,20,26,27,24,25,21],"class_list":{"0":"post-36146","1":"post","2":"type-post","3":"status-publish","4":"format-standard","5":"has-post-thumbnail","7":"category-latvija","8":"tag-aktualitates","9":"tag-breaking-news","10":"tag-breakingnews","11":"tag-featured-news","12":"tag-featurednews","13":"tag-headlines","14":"tag-latest-news","15":"tag-latestnews","16":"tag-latvia","17":"tag-latvian","18":"tag-latviesu","19":"tag-latviesu-valoda","20":"tag-latviesuvaloda","21":"tag-latvija","22":"tag-lv","23":"tag-news","24":"tag-popularakas-zinas","25":"tag-popularakaszinas","26":"tag-top-stories","27":"tag-topstories","28":"tag-zinas"},"share_on_mastodon":{"url":"https:\/\/pubeurope.com\/@lv\/115468676835261017","error":""},"_links":{"self":[{"href":"https:\/\/www.europesays.com\/lv\/wp-json\/wp\/v2\/posts\/36146","targetHints":{"allow":["GET"]}}],"collection":[{"href":"https:\/\/www.europesays.com\/lv\/wp-json\/wp\/v2\/posts"}],"about":[{"href":"https:\/\/www.europesays.com\/lv\/wp-json\/wp\/v2\/types\/post"}],"author":[{"embeddable":true,"href":"https:\/\/www.europesays.com\/lv\/wp-json\/wp\/v2\/users\/2"}],"replies":[{"embeddable":true,"href":"https:\/\/www.europesays.com\/lv\/wp-json\/wp\/v2\/comments?post=36146"}],"version-history":[{"count":0,"href":"https:\/\/www.europesays.com\/lv\/wp-json\/wp\/v2\/posts\/36146\/revisions"}],"wp:featuredmedia":[{"embeddable":true,"href":"https:\/\/www.europesays.com\/lv\/wp-json\/wp\/v2\/media\/36147"}],"wp:attachment":[{"href":"https:\/\/www.europesays.com\/lv\/wp-json\/wp\/v2\/media?parent=36146"}],"wp:term":[{"taxonomy":"category","embeddable":true,"href":"https:\/\/www.europesays.com\/lv\/wp-json\/wp\/v2\/categories?post=36146"},{"taxonomy":"post_tag","embeddable":true,"href":"https:\/\/www.europesays.com\/lv\/wp-json\/wp\/v2\/tags?post=36146"}],"curies":[{"name":"wp","href":"https:\/\/api.w.org\/{rel}","templated":true}]}}