{"id":36179,"date":"2025-10-31T12:57:08","date_gmt":"2025-10-31T12:57:08","guid":{"rendered":"https:\/\/www.europesays.com\/lv\/36179\/"},"modified":"2025-10-31T12:57:08","modified_gmt":"2025-10-31T12:57:08","slug":"latviesu-komponistu-jaunrade-skanes-asv-gaidami-emocionali-piesatinati-pirmatskanojumi-lente-lv","status":"publish","type":"post","link":"https:\/\/www.europesays.com\/lv\/36179\/","title":{"rendered":"Latvie\u0161u komponistu jaunrade skan\u0113s ASV: gaid\u0101mi emocion\u0101li pies\u0101tin\u0101ti pirmatska\u0146ojumi\u00a0\u2014\u00a0Lente.lv"},"content":{"rendered":"<p>Latvie\u0161u m\u016bzika atskan\u0113s Amerik\u0101: Jauni ska\u0146darbi pirmatska\u0146ojum\u0101 ASV<\/p>\n<p>Novembris ASV sola \u012bpa\u0161u muzik\u0101lu baud\u012bjumu, jo gaid\u0101ma virkne kamerm\u016bzikas koncertu, kuros pirmatska\u0146ojumu piedz\u012bvos talant\u012bgu latvie\u0161u komponistu jaunie darbi. \u0160is notikums ir ne tikai noz\u012bm\u012bgs solis Latvijas m\u016bzikas populariz\u0113\u0161an\u0101 pasaul\u0113, bet ar\u012b apliecin\u0101jums m\u016bsu komponistu rado\u0161ajam sp\u0113kam un sp\u0113jai rad\u012bt darbus, kas sp\u0113j aizkustin\u0101t un iepriecin\u0101t starptautisku publiku.<\/p>\n<p>Kult\u016bras tiltu cel\u0161ana caur m\u016bziku<\/p>\n<p>\u0160ie koncerti ir kas vair\u0101k nek\u0101 tikai muzik\u0101ls pas\u0101kums; tie ir kult\u016bras tilti, kas savieno Latviju un Amerikas Savienot\u0101s Valstis, \u013caujot amerik\u0101\u0146u klaus\u012bt\u0101jiem iepaz\u012bt m\u016bsdienu latvie\u0161u komponistu dai\u013cradi. Kamerm\u016bzikas intimit\u0101te sniegs iesp\u0113ju dzi\u013c\u0101k izjust katra ska\u0146darba nianses un emocion\u0101lo v\u0113st\u012bjumu. Tas ir k\u0101 uzaicin\u0101jums dv\u0113selei atkl\u0101t jaunus horizontus, izdz\u012bvojot katra ska\u0146darba unik\u0101lo pasauli.<\/p>\n<p>Spilgt\u0101kie br\u012b\u017ei un gaid\u0101m\u0101s pirmatska\u0146ojumi<\/p>\n<p>Lai gan prec\u012bzs komponistu un ska\u0146darbu saraksts v\u0113l tiek pilnveidots, jau tagad ir skaidrs, ka programma sol\u0101s b\u016bt daudzveid\u012bga un bag\u0101t\u012bga. Jauni ska\u0146darbi, kas rad\u012bti \u012bpa\u0161i \u0161iem koncertiem, apliecina latvie\u0161u komponistu sp\u0113ju rad\u012bt laikmet\u012bgus un intelektu\u0101li piepild\u012btus darbus, kas vienlaikus ir ar\u012b emocion\u0101li pievilc\u012bgi. Katrs pirmatska\u0146ojums ir k\u0101 svaigs elpas vilciens m\u016bzikas pasaul\u0113, kas sniedz klaus\u012bt\u0101jiem iesp\u0113ju b\u016bt pirmoreiz sastapu\u0161ies ar k\u0101du jaunu, elpu aizraujo\u0161u ska\u0146u audumu.<\/p>\n<p>Latvie\u0161u komponistu rado\u0161\u0101 sp\u0113ka atspulgs<\/p>\n<p>\u0160is notikums ir k\u0101 spogulis, kas atspogu\u013co latvie\u0161u komponistu rado\u0161o potenci\u0101lu un vi\u0146u akt\u012bvo darb\u012bbu m\u016bsdienu m\u016bzikas ainav\u0101. Komponisti, kuru darbi skan\u0113s ASV, ir apliecin\u0101ju\u0161i savu meistar\u012bbu gan Latvij\u0101, gan starptautisk\u0101 m\u0113rog\u0101, un \u0161ie pirmatska\u0146ojumi ir k\u0101 jauns apliecin\u0101jums vi\u0146u talantam. Tas ir gan savi\u013c\u0146ojo\u0161i, gan iedvesmojo\u0161i redz\u0113t, k\u0101 m\u016bsu m\u0101kslinieku rad\u012bt\u0101 skaistums ce\u013co p\u0101ri oke\u0101niem, saziedoties ar cit\u0101m kult\u016br\u0101m un atst\u0101jot palieko\u0161u iespaidu.<\/p>\n<p>N\u0101kotnes perspekt\u012bvas un starptautisk\u0101 atzin\u012bba<\/p>\n<p>Pirmatska\u0146ojumi ASV paver jaunas durvis latvie\u0161u m\u016bzikai, veicinot t\u0101s atpaz\u012bstam\u012bbu un sniedzot komponistiem iesp\u0113ju sa\u0146emt v\u0113rt\u012bgu starptautisku atzin\u012bbu. \u0160\u0101di notikumi ir neatsverami Latvijas kult\u016bras eksportam un apliecina, ka m\u016bsu valsts var lepoties ar sp\u0113c\u012bgu un dz\u012bvotsp\u0113j\u012bgu m\u016bzikas trad\u012bciju. \u0160ie koncerti ir k\u0101 s\u0113klas, kas ies\u0113tas sve\u0161\u0101 zem\u0113, cer\u012bb\u0101 uz bag\u0101t\u012bgu ra\u017eu un turpm\u0101ku augl\u012bgu sadarb\u012bbu.<\/p>\n","protected":false},"excerpt":{"rendered":"Latvie\u0161u m\u016bzika atskan\u0113s Amerik\u0101: Jauni ska\u0146darbi pirmatska\u0146ojum\u0101 ASV Novembris ASV sola \u012bpa\u0161u muzik\u0101lu baud\u012bjumu, jo gaid\u0101ma virkne kamerm\u016bzikas&hellip;\n","protected":false},"author":2,"featured_media":36180,"comment_status":"","ping_status":"","sticky":false,"template":"","format":"standard","meta":{"footnotes":""},"categories":[19],"tags":[89,90,5763,2987,35,39,38,10604,36,37,34,355,40,10605],"class_list":{"0":"post-36179","1":"post","2":"type-post","3":"status-publish","4":"format-standard","5":"has-post-thumbnail","7":"category-izklaide","8":"tag-entertainment","9":"tag-izklaide","10":"tag-kamermuzika","11":"tag-kulturas-notikumi","12":"tag-latvia","13":"tag-latvian","14":"tag-latviesu","15":"tag-latviesu-komponisti","16":"tag-latviesu-valoda","17":"tag-latviesuvaloda","18":"tag-latvija","19":"tag-latvijas-muzika","20":"tag-lv","21":"tag-pirmatskanojumi-asv"},"share_on_mastodon":{"url":"https:\/\/pubeurope.com\/@lv\/115468897016968148","error":""},"_links":{"self":[{"href":"https:\/\/www.europesays.com\/lv\/wp-json\/wp\/v2\/posts\/36179","targetHints":{"allow":["GET"]}}],"collection":[{"href":"https:\/\/www.europesays.com\/lv\/wp-json\/wp\/v2\/posts"}],"about":[{"href":"https:\/\/www.europesays.com\/lv\/wp-json\/wp\/v2\/types\/post"}],"author":[{"embeddable":true,"href":"https:\/\/www.europesays.com\/lv\/wp-json\/wp\/v2\/users\/2"}],"replies":[{"embeddable":true,"href":"https:\/\/www.europesays.com\/lv\/wp-json\/wp\/v2\/comments?post=36179"}],"version-history":[{"count":0,"href":"https:\/\/www.europesays.com\/lv\/wp-json\/wp\/v2\/posts\/36179\/revisions"}],"wp:featuredmedia":[{"embeddable":true,"href":"https:\/\/www.europesays.com\/lv\/wp-json\/wp\/v2\/media\/36180"}],"wp:attachment":[{"href":"https:\/\/www.europesays.com\/lv\/wp-json\/wp\/v2\/media?parent=36179"}],"wp:term":[{"taxonomy":"category","embeddable":true,"href":"https:\/\/www.europesays.com\/lv\/wp-json\/wp\/v2\/categories?post=36179"},{"taxonomy":"post_tag","embeddable":true,"href":"https:\/\/www.europesays.com\/lv\/wp-json\/wp\/v2\/tags?post=36179"}],"curies":[{"name":"wp","href":"https:\/\/api.w.org\/{rel}","templated":true}]}}