{"id":36182,"date":"2025-10-31T13:06:07","date_gmt":"2025-10-31T13:06:07","guid":{"rendered":"https:\/\/www.europesays.com\/lv\/36182\/"},"modified":"2025-10-31T13:06:07","modified_gmt":"2025-10-31T13:06:07","slug":"krievija-ukraina-izmantojusi-slepeniba-izstradatu-raketi-kuras-del-tramps-izstajas-no-kodolierocu-pakta-ar-maskavu","status":"publish","type":"post","link":"https:\/\/www.europesays.com\/lv\/36182\/","title":{"rendered":"Krievija Ukrain\u0101 izmantojusi slepen\u012bb\u0101 izstr\u0101d\u0101tu ra\u0137eti, kuras d\u0113\u013c Tramps izst\u0101j\u0101s no kodoliero\u010du pakta ar Maskavu"},"content":{"rendered":"<p>&#8220;Krievija p\u0113d\u0113jos m\u0113ne\u0161os ir uzbrukusi Ukrainai ar sp\u0101rnoto ra\u0137eti, kuras slepen\u0101 izstr\u0101de pamudin\u0101ja Donaldu Trampu atteikties no kodoliero\u010du kontroles l\u012bguma ar Maskavu vi\u0146a pirm\u0101 <a href=\"https:\/\/www.tvnet.lv\/term\/555410\/asv\" class=\"topicLink\" target=\"_blank\" rel=\"nofollow noopener\">ASV<\/a> prezidenta pilnvaru laik\u0101,&#8221; sac\u012bja ministrs.<\/p>\n<p>Sibihas izteikumi ir pirmais apstiprin\u0101jums, ka <a href=\"https:\/\/www.tvnet.lv\/term\/555452\/krievija\" class=\"topicLink\" target=\"_blank\" rel=\"nofollow noopener\">Krievija<\/a> izmantojusi no zemes palai\u017eamo ra\u0137eti 9M729 kaujas oper\u0101cij\u0101s \u2013 Ukrain\u0101 vai citviet, nor\u0101da a\u0123ent\u016bra.<\/p>\n<p>\u0160\u0101dai ra\u0137etei var b\u016bt gan konvencion\u0101l\u0101 bru\u0146ojuma, gan kodolgalvi\u0146a.<\/p>\n<blockquote class=\"quote ck-widget\" contenteditable=\"false\">\n<p>Saska\u0146\u0101 ar citiem avotiem Krievija kop\u0161 augusta \u0161o ra\u0137eti pret Ukrainu ir raid\u012bjusi 23 reizes.<\/p>\n<\/blockquote>\n<p><a href=\"https:\/\/www.tvnet.lv\/term\/8497\/ukraina\" class=\"topicLink\" target=\"_blank\" rel=\"nofollow noopener\">Ukraina<\/a> ar\u012b re\u0123istr\u0113jusi divus 9M729 palai\u0161anas gad\u012bjumus, ko Krievija veikusi 2022. gad\u0101.<\/p>\n<p>&#8220;Tas, ka Krievija p\u0113d\u0113jos m\u0113ne\u0161os pret Ukrainu izmanto ra\u0137eti 9M729, kas aizliegta ar L\u012bgumu par vid\u0113j\u0101 un tuv\u0101 darb\u012bbas r\u0101diusa ra\u0137e\u0161u likvid\u0113\u0161anu (INF), apliecina [Krievijas diktatora Vladimira] Putina necie\u0146u pret ASV un prezidenta Donalda Trampa diplom\u0101tiskajiem centieniem izbeigt Krievijas karu pret Ukrainu,&#8221; sac\u012bja Sibiha.<\/p>\n<p>Ra\u0137etes 9M729 d\u0113\u013c ASV 2019. gad\u0101 izst\u0101j\u0101s no INF.<\/p>\n<p>Va\u0161ingtona pazi\u0146oja, ka ra\u0137ete p\u0101rk\u0101pj l\u012bgumu un var p\u0101rvietoties krietni t\u0101l\u0101k par 500 kilometriem.<\/p>\n<p>Saska\u0146\u0101 ar Strat\u0113\u0123isko un starptautisko p\u0113t\u012bjumu centra datiem ra\u0137etes darb\u012bbas r\u0101diuss ir 2500 kilometri.<\/p>\n","protected":false},"excerpt":{"rendered":"&#8220;Krievija p\u0113d\u0113jos m\u0113ne\u0161os ir uzbrukusi Ukrainai ar sp\u0101rnoto ra\u0137eti, kuras slepen\u0101 izstr\u0101de pamudin\u0101ja Donaldu Trampu atteikties no kodoliero\u010du&hellip;\n","protected":false},"author":2,"featured_media":36183,"comment_status":"","ping_status":"","sticky":false,"template":"","format":"standard","meta":{"footnotes":""},"categories":[14],"tags":[23,57,292,28,29,542,32,33,22,4385,9483,234,74,30,31,35,39,38,36,37,34,40,20,26,27,24,25,276,54,55,56,21,58],"class_list":{"0":"post-36182","1":"post","2":"type-post","3":"status-publish","4":"format-standard","5":"has-post-thumbnail","7":"category-zinas-no-arvalstim","8":"tag-aktualitates","9":"tag-arvalstim","10":"tag-asv","11":"tag-breaking-news","12":"tag-breakingnews","13":"tag-donalds-tramps","14":"tag-featured-news","15":"tag-featurednews","16":"tag-headlines","17":"tag-kodoldrosiba","18":"tag-kodolieroci","19":"tag-krievija","20":"tag-krievijas-iebrukums-ukraina","21":"tag-latest-news","22":"tag-latestnews","23":"tag-latvia","24":"tag-latvian","25":"tag-latviesu","26":"tag-latviesu-valoda","27":"tag-latviesuvaloda","28":"tag-latvija","29":"tag-lv","30":"tag-news","31":"tag-popularakas-zinas","32":"tag-popularakaszinas","33":"tag-top-stories","34":"tag-topstories","35":"tag-ukraina","36":"tag-world","37":"tag-world-news","38":"tag-worldnews","39":"tag-zinas","40":"tag-zinas-no-arvalstim"},"share_on_mastodon":{"url":"","error":"Validation failed: Text character limit of 500 exceeded"},"_links":{"self":[{"href":"https:\/\/www.europesays.com\/lv\/wp-json\/wp\/v2\/posts\/36182","targetHints":{"allow":["GET"]}}],"collection":[{"href":"https:\/\/www.europesays.com\/lv\/wp-json\/wp\/v2\/posts"}],"about":[{"href":"https:\/\/www.europesays.com\/lv\/wp-json\/wp\/v2\/types\/post"}],"author":[{"embeddable":true,"href":"https:\/\/www.europesays.com\/lv\/wp-json\/wp\/v2\/users\/2"}],"replies":[{"embeddable":true,"href":"https:\/\/www.europesays.com\/lv\/wp-json\/wp\/v2\/comments?post=36182"}],"version-history":[{"count":0,"href":"https:\/\/www.europesays.com\/lv\/wp-json\/wp\/v2\/posts\/36182\/revisions"}],"wp:featuredmedia":[{"embeddable":true,"href":"https:\/\/www.europesays.com\/lv\/wp-json\/wp\/v2\/media\/36183"}],"wp:attachment":[{"href":"https:\/\/www.europesays.com\/lv\/wp-json\/wp\/v2\/media?parent=36182"}],"wp:term":[{"taxonomy":"category","embeddable":true,"href":"https:\/\/www.europesays.com\/lv\/wp-json\/wp\/v2\/categories?post=36182"},{"taxonomy":"post_tag","embeddable":true,"href":"https:\/\/www.europesays.com\/lv\/wp-json\/wp\/v2\/tags?post=36182"}],"curies":[{"name":"wp","href":"https:\/\/api.w.org\/{rel}","templated":true}]}}