{"id":36184,"date":"2025-10-31T13:09:09","date_gmt":"2025-10-31T13:09:09","guid":{"rendered":"https:\/\/www.europesays.com\/lv\/36184\/"},"modified":"2025-10-31T13:09:09","modified_gmt":"2025-10-31T13:09:09","slug":"rigas-cirks-gada-tumsaja-laika-aicina-atgriezties-pie-cilvecibas-dabiska-intelekta-kustibas-un-empatijas-raksts","status":"publish","type":"post","link":"https:\/\/www.europesays.com\/lv\/36184\/","title":{"rendered":"R\u012bgas cirks gada tum\u0161aj\u0101 laik\u0101 aicina atgriezties pie cilv\u0113c\u012bbas, dabisk\u0101 intelekta, kust\u012bbas un emp\u0101tijas \/ Raksts"},"content":{"rendered":"<p>Digit\u0101laj\u0101 laikmet\u0101, kur\u0101 cilv\u0113ka un tehnolo\u0123ijas robe\u017eas k\u013c\u016bst arvien izpl\u016bdu\u0161\u0101kas, R\u012bgas cirks aicina atgriezties pie cilv\u0113c\u012bbas, dabisk\u0101 intelekta, kust\u012bbas un emp\u0101tijas. M\u0101ksl\u012bgais intelekts sp\u0113j rad\u012bt \u0101tr\u0101k, prec\u012bz\u0101k un bez noguruma, ta\u010du tikai cilv\u0113ks sp\u0113j just, pieder\u0113t un uzklaus\u012bt. K\u0101 reiz teicis rakstnieks Aizeks Azimovs: &#8220;Ar zin\u0101\u0161anam nepietiek. Mums vajadz\u012bga gudr\u012bba, un emp\u0101tija ir b\u016btiska t\u0101s sast\u0101vda\u013ca.&#8221;\u00a0 \u0160\u012b doma ir mot\u012bvs R\u012bgas cirka rudens programm\u0101: Art\u016bra N\u012bga\u013ca izr\u0101de\u00a0&#8220;Made by person&#8221; un katal\u0101\u0146u komp\u0101nijas PSIRC &#8220;After All&#8221; abas ir par cilv\u0113ka un m\u0101ksl\u012bg\u0101 intelekta attiec\u012bb\u0101m caur kust\u012bbu un \u0137ermeni, inform\u0113 R\u012bgas cirka p\u0101rst\u0101vji.<\/p>\n<p style=\"margin-left:0cm; margin-right:0cm\">Izr\u0101de &#8220;Made by person&#8221;, kas notiks 14. novembr\u012b pulksten\u00a019.00 R\u012bgas cirka ar\u0113n\u0101, veidota Eiropas Cirka nakts ietvaros \u2013 starptautisk\u0101 iniciat\u012bv\u0101, kas vieno laikmet\u012bg\u0101 cirka notikumus vis\u0101 Eirop\u0101, stiprinot m\u0101kslas veida atpaz\u012bstam\u012bbu un veicinot kopienas saikni. \u0160aj\u0101 vakar\u0101 skat\u012bt\u0101jiem tiks pied\u0101v\u0101ta iesp\u0113ja piedz\u012bvot m\u0101kslu, kur\u0101 tiek mekl\u0113ts l\u012bdzsvars starp cilv\u0113ka rado\u0161o sp\u0113ku un tehnolo\u0123iju nep\u0101rsp\u0113jamo precizit\u0101ti.<\/p>\n<blockquote>\n<p style=\"margin-left:0cm; margin-right:0cm\">M\u016bsdienu pasaul\u0113 arvien bie\u017e\u0101k rodas jaut\u0101jums: vai \u0161o rad\u012bjis cilv\u0113ks un cik \u0101tri to paveiktu m\u0101ksl\u012bgais intelekts?<\/p>\n<\/blockquote>\n<p style=\"margin-left:0cm; margin-right:0cm\">Art\u016bra N\u012bga\u013ca horeogr\u0101fij\u0101 tr\u012bs dejot\u0101jas \u2013\u00a0Po\u013cina Filippova, Anastasija \u010cornaja un M\u0101rite Supe \u2013 p\u0101rbauda savus instinktus un mekl\u0113 harmoniju, mijiedarbojoties ar iek\u0101rt\u0101m \u2013 svaru bumb\u0101m, kas simboliz\u0113 smagumu, l\u012bdzsvaru un gravit\u0101ciju. Izr\u0101de tapusi sadarb\u012bb\u0101 ar Horeogr\u0101fu asoci\u0101ciju, t\u0101s scenogr\u0101fiju un kost\u012bmus veidojusi Marianna Lapi\u0146a, komponists ir Kaspars Niklasons, producente \u2013 Anna Ulberte. Izr\u0101de tapusi ar Valsts kult\u016brkapit\u0101la fonda atbalstu.<\/p>\n<p style=\"margin-left:0cm; margin-right:0cm\"><img decoding=\"async\" src=\"https:\/\/www.europesays.com\/lv\/wp-content\/uploads\/2025\/10\/rwsr.jpg\" alt=\"Izr\u0101de &quot;Made by person&quot;\"\/>Izr\u0101de &#8220;Made by person&#8221;<\/p>\n<p>Foto: Aleksejs Bel\u0327eckis<\/p>\n<p><img decoding=\"async\" src=\"https:\/\/www.europesays.com\/lv\/wp-content\/uploads\/2025\/10\/rwss.jpg\" alt=\"Izr\u0101de &quot;Made by person&quot;\"\/>Izr\u0101de &#8220;Made by person&#8221;<\/p>\n<p>Foto: Aleksejs Bel\u0327eckis<\/p>\n<\/p>\n<p style=\"margin-left:0cm; margin-right:0cm\">Turpinot t\u0113mu, decembr\u012b R\u012bgas cirka ar\u0113n\u0101 viesosies Barselon\u0101 b\u0101z\u0113t\u0101 cirka apvien\u012bba PSIRC ar izr\u0101di &#8220;After all&#8221;, aspr\u0101t\u012bgu, kinovalod\u0101 veidotu darbu par cilv\u0113ka un tehnolo\u0123ijas l\u012bdz\u0101spast\u0101v\u0113\u0161anu. \u0160is ir st\u0101sts par cirka \u0123imeni, kuri dz\u012bvo niedr\u0113s un purva biolo\u0123iskaj\u0101 daudzveid\u012bb\u0101, bet to pasauli p\u0101rvalda Alexa: m\u0101ksl\u012bgais intelekts, kas diri\u0123\u0113 cilv\u0113ku uzved\u012bbu un reakcijas. K\u0101 cilv\u0113ks rea\u0123\u0113, kad dabas ritms tiek aizst\u0101ts ar algoritmu lo\u0123iku, un vai tas sp\u0113j saglab\u0101t emp\u0101tiju?<\/p>\n<blockquote>\n<p style=\"margin-left:0cm; margin-right:0cm\">PSIRC ar humoru un maigumu aicina skat\u012bt\u0101jus p\u0101rdom\u0101t jaun\u0101s past\u0101v\u0113\u0161anas paradigmas, ko tas noz\u012bm\u0113 ekolo\u0123ijai, kopienai un\u00a0 kas notiek ar cilv\u0113ka sp\u0113ju saglab\u0101t cilv\u0113c\u012bbu digit\u0101l\u0101s realit\u0101tes laikmet\u0101?<\/p>\n<\/blockquote>\n<p style=\"margin-left:0cm; margin-right:0cm\">Abi iestud\u0113jumi izgaismo m\u016bsdienu cilv\u0113ka v\u0113lmi b\u016bt kl\u0101teso\u0161am, sajust un piedz\u012bvot \u012bsto, nevis simul\u0113to. Cirks k\u013c\u016bst par vietu, kur\u0101 analog\u0101 pasaule sastopas ar digit\u0101lo, kur kust\u012bba k\u013c\u016bst par valodu\u00a0un \u0137ermenis par domas instrumentu. R\u012bgas cirks atg\u0101dina, ka pasaul\u0113, kuru sadrumstalo digit\u0101l\u0101 realit\u0101te, cirks ir fiziska un kl\u0101teso\u0161a m\u0101ksla, caur kuru m\u0113s atg\u016bstam sp\u0113ju just, pieder\u0113t un uzklaus\u012bt.\u00a0<\/p>\n<p>                    Valodas k\u013c\u016bda rakst\u0101?<\/p>\n<p class=\"d-none d-md-block\">Iez\u012bm\u0113jiet tekstu un spiediet Ctrl+Enter, lai nos\u016bt\u012btu labojamo teksta fragmentu redaktoram! Par faktu k\u013c\u016bd\u0101m l\u016bdzam zi\u0146ot e-past\u0101 <a href=\"https:\/\/www.lsm.lv\/cdn-cgi\/l\/email-protection\" class=\"__cf_email__\" data-cfemail=\"4b392e2f2a202822212a0b27382665273d\" rel=\"nofollow noopener\" target=\"_blank\">[email\u00a0protected]<\/a>.<\/p>\n<p class=\"d-md-none\">Iez\u012bm\u0113jiet tekstu un spiediet uz Zi\u0146ot par k\u013c\u016bdu pogas, lai nos\u016bt\u012btu labojamo teksta fragmentu redaktoram!<\/p>\n<p>\n                    Zi\u0146ot par k\u013c\u016bdu\n                <\/p>\n","protected":false},"excerpt":{"rendered":"Digit\u0101laj\u0101 laikmet\u0101, kur\u0101 cilv\u0113ka un tehnolo\u0123ijas robe\u017eas k\u013c\u016bst arvien izpl\u016bdu\u0161\u0101kas, R\u012bgas cirks aicina atgriezties pie cilv\u0113c\u012bbas, dabisk\u0101 intelekta,&hellip;\n","protected":false},"author":2,"featured_media":36185,"comment_status":"","ping_status":"","sticky":false,"template":"","format":"standard","meta":{"footnotes":""},"categories":[19],"tags":[89,90,35,39,38,36,37,34,40],"class_list":{"0":"post-36184","1":"post","2":"type-post","3":"status-publish","4":"format-standard","5":"has-post-thumbnail","7":"category-izklaide","8":"tag-entertainment","9":"tag-izklaide","10":"tag-latvia","11":"tag-latvian","12":"tag-latviesu","13":"tag-latviesu-valoda","14":"tag-latviesuvaloda","15":"tag-latvija","16":"tag-lv"},"share_on_mastodon":{"url":"https:\/\/pubeurope.com\/@lv\/115468944272147557","error":""},"_links":{"self":[{"href":"https:\/\/www.europesays.com\/lv\/wp-json\/wp\/v2\/posts\/36184","targetHints":{"allow":["GET"]}}],"collection":[{"href":"https:\/\/www.europesays.com\/lv\/wp-json\/wp\/v2\/posts"}],"about":[{"href":"https:\/\/www.europesays.com\/lv\/wp-json\/wp\/v2\/types\/post"}],"author":[{"embeddable":true,"href":"https:\/\/www.europesays.com\/lv\/wp-json\/wp\/v2\/users\/2"}],"replies":[{"embeddable":true,"href":"https:\/\/www.europesays.com\/lv\/wp-json\/wp\/v2\/comments?post=36184"}],"version-history":[{"count":0,"href":"https:\/\/www.europesays.com\/lv\/wp-json\/wp\/v2\/posts\/36184\/revisions"}],"wp:featuredmedia":[{"embeddable":true,"href":"https:\/\/www.europesays.com\/lv\/wp-json\/wp\/v2\/media\/36185"}],"wp:attachment":[{"href":"https:\/\/www.europesays.com\/lv\/wp-json\/wp\/v2\/media?parent=36184"}],"wp:term":[{"taxonomy":"category","embeddable":true,"href":"https:\/\/www.europesays.com\/lv\/wp-json\/wp\/v2\/categories?post=36184"},{"taxonomy":"post_tag","embeddable":true,"href":"https:\/\/www.europesays.com\/lv\/wp-json\/wp\/v2\/tags?post=36184"}],"curies":[{"name":"wp","href":"https:\/\/api.w.org\/{rel}","templated":true}]}}