{"id":36188,"date":"2025-10-31T13:15:13","date_gmt":"2025-10-31T13:15:13","guid":{"rendered":"https:\/\/www.europesays.com\/lv\/36188\/"},"modified":"2025-10-31T13:15:13","modified_gmt":"2025-10-31T13:15:13","slug":"kad-nonacu-radio-bija-skaidrs-ka-neko-citu-nevelos-darit-raksts","status":"publish","type":"post","link":"https:\/\/www.europesays.com\/lv\/36188\/","title":{"rendered":"Kad non\u0101cu radio, bija skaidrs, ka neko citu nev\u0113los dar\u012bt \/ Raksts"},"content":{"rendered":"<p>Ja dz\u012bv\u0113 pieredz\u0113tais &#8220;piesp\u0113l\u0113&#8221; k\u0101du ideju, kura var\u0113tu uzlabot dz\u012bvi ne tikai pa\u0161am, bet ar\u012b citiem, t\u0101 ir j\u0101m\u0113\u0123ina \u012bstenot \u2013 par sp\u012bti tam, ka pret\u012b\u00a0ne vienm\u0113r b\u016bs tie, kas tic, \u2013 uzskata Latvijas Radio person\u012bba Toms Gr\u0113vi\u0146\u0161. Latvijas Radio raid\u012bjum\u0101 &#8220;Monopols&#8221; vi\u0146\u0161 st\u0101sta, k\u0101 atradis ce\u013cu uz radio un sev tik noz\u012bm\u012bgo skrie\u0161anu, k\u0101 ar\u012b atkl\u0101j, kur rod p\u0101rliec\u012bbu par to, ka viss izdosies.\u00a0<\/p>\n<p>Jau 1. novembr\u012b Latvijas Radio atz\u012bm\u0113s savu simt gadu\u00a0jubileju. Radio spilgto person\u012bbu pulci\u0146\u0101 neap\u0161aub\u0101mi iederas ar\u012b Toms Gr\u0113vi\u0146\u0161 \u2013 viens no paman\u0101m\u0101kajiem radio p\u0101rst\u0101vjiem p\u0113d\u0113jo gadu desmitu laik\u0101, kur\u0161 ne tikai vada raid\u012bjumus, bet ar\u012b iesaist\u0101s radio att\u012bst\u012bb\u0101 un t\u0101\u00a0n\u0101kotnes veido\u0161an\u0101. Mediju pasaul\u0113 ien\u0101cis agr\u0101 jaun\u012bb\u0101, Toms Gr\u0113vi\u0146\u0161 jau ir paguvis paveikt lietas, kas izmain\u012bju\u0161as gan to, k\u0101 Latvij\u0101 skan radio, gan to, ko ar radio un telev\u012bzijas starpniec\u012bbu iesp\u0113jams paveikt. Vi\u0146\u0161 ir bijis viens no galvenajiem iniciatoriem jaunie\u0161u auditorijai m\u0113r\u0137\u0113t\u0101\u00a0kan\u0101la &#8220;Latvijas Radio 5&#8221; izveido\u0161an\u0101 un Latvij\u0101 iedz\u012bvin\u0101jis labdar\u012bbas maratonu &#8220;<a href=\"https:\/\/www.lsm.lv\/temas\/dod-pieci-2025\/\" target=\"_blank\" class=\"lsm-link\" data-type=\"theme\" data-id=\"29311\" rel=\"nofollow noopener\">Dod pieci!<\/a>&#8221; ideju, kas nu jau k\u013cuvusi par noz\u012bm\u012bg\u0101ko labdar\u012bbas akciju, ko\u00a0ik gadu gaida liela da\u013ca Latvijas sabiedr\u012bbas.<\/p>\n<p><a id=\"1\" name=\"1\"\/>K\u0101 sarun\u0101ties \u0101rpus \u0113tera?<\/p>\n<p>Toma Gr\u0113vi\u0146a balss Latvijas Radio dzirdama teju ik dienu, un ar\u012b \u0101rpus darba vi\u0146am pat\u012bk sarunas turpin\u0101t: &#8220;Es esmu vair\u0101kk\u0101rt dzird\u0113jis no citiem \u2013 vai m\u0113s varam tagad paklus\u0113t? Es varu run\u0101t daudz!&#8221;<\/p>\n<p>            <img decoding=\"async\" src=\"https:\/\/www.europesays.com\/lv\/wp-content\/uploads\/2025\/10\/rqy4.jpg\" alt=\"Latvijas Radio 5 d\u012bd\u017eejs un labdar\u012bbas kust\u012bbas &quot;Dod pieci!&quot; aizs\u0101c\u0113js Latvij\u0101 Toms Gr\u0113vi\u0146...\"\/><\/p>\n<p>Latvijas Radio 5 d\u012bd\u017eejs un labdar\u012bbas kust\u012bbas &#8220;Dod pieci!&#8221; aizs\u0101c\u0113js Latvij\u0101 Toms Gr\u0113vi\u0146\u0161 un Ziedot.lv vad\u012bt\u0101ja R\u016bta Dimanta.<\/p>\n<p>Foto: Rom\u0101ns \u017dukovs \/ LSM<\/p>\n<\/p>\n<p class=\"note__heading\">Dod pieci! 2025<\/p>\n<p>                <img decoding=\"async\" src=\"https:\/\/www.europesays.com\/lv\/wp-content\/uploads\/2025\/10\/68e764a9bcd88.jpg\" alt=\"Dod pieci! 2025\"\/><\/p>\n<p>Latvijas Sabiedrisk\u0101 medija labdar\u012bbas maratons &#8220;Dod pieci&#8221; <a href=\"https:\/\/www.lsm.lv\/raksts\/zinas\/latvija\/09.10.2025-labdaribas-maratons-dod-pieci-sogad-aicina-novertet-kustibu-un-palidzet-tiem-kuri-par-to-cinas.a617637\/?utm_source=lsm&amp;utm_medium=theme&amp;utm_campaign=theme\" class=\"lsm-link\" data-type=\"article\" data-id=\"617637\" rel=\"nofollow noopener\" target=\"_blank\">\u0161ogad piev\u0113r\u0161 uzman\u012bbu<\/a> kust\u012bbas noz\u012bmei cilv\u0113ka dz\u012bv\u0113 un tam, ka ne visiem \u0161\u012b iesp\u0113ja ir. Maratona centr\u0101 \u2013 b\u0113rni un jaunie\u0161i ar neirolo\u0123iskiem kust\u012bbu trauc\u0113jumiem, kuriem regul\u0101ra rehabilit\u0101cija ir iz\u0161\u0137iro\u0161a c\u012b\u0146\u0101 par patst\u0101v\u012bbu un piepild\u012btu dz\u012bvi.\u00a0<\/p>\n<p>Vienlaikus &#8220;Dod pieci!&#8221; \u0161ogad izgaismo Latvijas iedz\u012bvot\u0101ju un ar to saist\u012bt\u0101s vesel\u012bbas probl\u0113mas. Statistika ir skaudra \u2013 61% Latvijas iedz\u012bvot\u0101ju joproj\u0101m praktiski nenodarbojas ar sporta aktivit\u0101t\u0113m, bet nodz\u012bvoto gadu skaita zi\u0146\u0101 esam p\u0113d\u0113jie Eirop\u0101.\u00a0<\/p>\n<p>\u25ba Noder\u012bgus rakstus un speci\u0101listu padomus par fiziskaj\u0101m aktivit\u0101t\u0113m mekl\u0113 <a href=\"https:\/\/www.lsm.lv\/temas\/fiziskas-aktivitates\/\" class=\"lsm-link\" data-type=\"theme\" data-id=\"18109\" rel=\"nofollow noopener\" target=\"_blank\">\u0161eit<\/a>.\u00a0<\/p>\n<p>Labdar\u012bbas maratons \u0161ogad notiks jau 12. reizi, un \u012bsi pirms Ziemassv\u0113tkiem, no 12. l\u012bdz 18. decembrim, teju ned\u0113\u013cas garum\u0101 tas raid\u012bs no \u012bpa\u0161as stikla studijas Doma laukum\u0101.<\/p>\n<p>Ziedo\u0161ana jau ir s\u0101kusies!<\/p>\n<p>\u25ba Ziedot.lv <a href=\"http:\/\/www.ziedot.lv\/dod-pieci-2025-5641\" target=\"_blank\" rel=\"nofollow noopener\">m\u0101jaslap\u0101<\/a>.<\/p>\n<p>\u25ba Ziedojumu t\u0101lrunis 90204110 (maksa par zvanu 5 EUR).<\/p>\n<p>Tom\u0113r, savas dienas aizvadot radio, vi\u0146\u0161, t\u0101pat k\u0101 daudzi citi kol\u0113\u0123i, ir pieradis \u013cauties gariem monologiem un interviju laik\u0101 pr\u0101t\u0101 p\u0101rcil\u0101t n\u0101kamos jaut\u0101jumus, r\u0113\u0137inoties ar to, ka saruna j\u0101veido p\u0113c iesp\u0113jas interesant\u0101ka ne tikai vi\u0146am, bet ar\u012b radio klaus\u012bt\u0101jiem. K\u0101du br\u012bdi \u0161ie darba &#8220;ni\u0137i&#8221; bija p\u0101rg\u0101ju\u0161i ar\u012b uz Toma Gr\u0113vi\u0146a ikdienu, laupot iesp\u0113ju \u013cauties paties\u0101m sarun\u0101m ar saviem l\u012bdzcilv\u0113kiem.<\/p>\n<p>&#8220;Le\u0123end\u0101rais m\u016bzikas \u017eurn\u0101lists Uldis Rudaks sav\u0101 &#8220;<a href=\"https:\/\/www.lsm.lv\/raksts\/kultura\/literatura\/02.04.2024-personisks-skatijums-uz-latviesu-rokmuziku-skiram-vala-rudaka-rokupacijas-jauno-izdevumu.a548835\/?utm_source=lsm&amp;utm_medium=theme&amp;utm_campaign=theme\" target=\"_blank\" class=\"lsm-link\" data-type=\"article\" data-id=\"548835\" rel=\"nofollow noopener\">Rokup\u0101cijas<\/a>&#8221; gr\u0101mat\u0101 p\u0101rmeta man un citiem radio cilv\u0113kiem to, ka m\u0113s neprotam sarun\u0101ties. M\u0113s radio visu laiku run\u0101jam pa\u0161i ar sevi, t\u0101p\u0113c ar\u012b ikdienas sarun\u0101s m\u0113dzam t\u0101 dar\u012bt. Un, kop\u0161 Uldis izdeva &#8220;Rokup\u0101ciju&#8221;, es sev atg\u0101dinu ikdien\u0101 atcer\u0113ties, ka tom\u0113r neesmu radio.<\/p>\n<blockquote>\n<p>Taj\u0101 br\u012bd\u012b, kad tie\u0161\u0101m\u00a0ir laiks \u012bst\u0101m sarun\u0101m, es cen\u0161os izsl\u0113gt &#8220;radio Gr\u0113vi\u0146u&#8221; un iesl\u0113gt to cilv\u0113ku, kur\u0161 tie\u0161\u0101m uzklausa otru p\u0113c b\u016bt\u012bbas, nevis dom\u0101 par n\u0101kamo interesanto jaut\u0101jumu un par to, ka \u0161o sarunu dzird v\u0113l vismaz p\u0101ris t\u016bksto\u0161i cilv\u0113ku,&#8221; vi\u0146\u0161 atkl\u0101j.<\/p>\n<\/blockquote>\n<p><a id=\"2\" name=\"2\"\/>Ar radio saist\u012bts jau kop\u0161 b\u0113rn\u012bbas<\/p>\n<p>Pirmo reizi radio vi\u013c\u0146os Toma Gr\u0113vi\u0146a balss v\u0113l skolas gados non\u0101ca, pateicoties M\u0101rim Oltem. &#8220;\u0160is 27 gadus vecais hipijs\u00a0nez\u00a0k\u0101p\u0113c\u00a0bija non\u0101cis psihologu raid\u012bjum\u0101 &#8220;6 stundas&#8221;, kas katru nakti skan\u0113ja &#8220;Radio Skonto&#8221; \u0113ter\u0101. Princip\u0101 tas bija br\u012bvais mikrofons se\u0161u stundu garum\u0101, kam\u0113r bija nakts. Un \u2013\u00a0ac\u012bmredzot \u2013\u00a0to psihologu bija pietr\u016bcis, kaut k\u0101d\u0101 veid\u0101 M\u0101ris Olte bija tur gad\u012bjies nakt\u012bs no sv\u0113tdienas uz pirmdienu. M\u0113s ar draugu vasaras br\u012bvlaik\u0101, kad man bija k\u0101di 11 vai 12 gadi, zvan\u012bj\u0101m uz \u0161o raid\u012bjumu. Da\u017ereiz mu\u013c\u0137oj\u0101mies, da\u017ereiz kaut ko norm\u0101lu pateic\u0101m. Un skaidrs, ka visi tie psihologi meta nost, tikl\u012bdz vi\u0146i izdzird\u0113ja, ka tie\u00a0atkal esam m\u0113s. Tad tur p\u0113k\u0161\u0146i uzrad\u0101s M\u0101ris. Visiem p\u0101r\u0113jiem bija norm\u0101las t\u0113mas, piem\u0113ram, dabas aizsardz\u012bba, bet M\u0101ris ies\u0101ka raid\u012bjumu, sakot: &#8220;Es jums saku \u2013 pa\u0146emt. J\u016bs sak\u0101t ko? Aiziet!&#8221; Un m\u0113s t\u0101 dom\u0101j\u0101m \u2013 o, tas b\u016bs m\u016bs\u0113jais!<\/p>\n<blockquote>\n<p>T\u0101 vi\u0146\u0161 m\u016bs s\u0101ka izmantot k\u0101 saturu \u2013 vi\u0146\u0161 nemeta mums nost, laida \u0113ter\u0101,&#8221; atceras Toms Gr\u0113vi\u0146\u0161. T\u0101 nu vi\u0146i ar draugu lielu da\u013cu vasaras sv\u0113tdienu naktis pavad\u012bja, ar M\u0101ri Olti sarun\u0101joties radio.<\/p>\n<\/blockquote>\n<p>            <img decoding=\"async\" src=\"https:\/\/www.europesays.com\/lv\/wp-content\/uploads\/2025\/10\/ml4k.png\" alt=\"Toms Gr\u0113vi\u0146\u0161\"\/><\/p>\n<p>Toms Gr\u0113vi\u0146\u0161<\/p>\n<p>Arh\u012bva foto. Pievienots 08.12.2023. J\u0101nis Spurdzi\u0146\u0161, LTV<\/p>\n<\/p>\n<p>Vasarai ejot uz beig\u0101m, abi z\u0113ni nol\u0113mu\u0161i n\u0101kt klaj\u0101 ar pied\u0101v\u0101jumu:\u00a0&#8220;\u010cetros no r\u012bta bija t\u0101da klus\u0101 stunda, kad skan\u0113ja tikai m\u016bzika. Un m\u0113s pajaut\u0101j\u0101m vi\u0146am, vai nevaram atn\u0101kt pad\u012bd\u017eejot uz radio. Vi\u0146\u0161 teica \u2013 k\u0101da runa, n\u0101ciet! T\u0101 nu m\u0113s nakts vid\u016b ierad\u0101mies &#8220;Radio Skonto&#8221;. Man bija pirm\u0101 pusstunda, draugam \u2013 otra\u00a0pusstunda. Tas bija visa\u00a0s\u0101kums.&#8221;<\/p>\n<p>T\u0101 nu abi draugi laika gait\u0101 sadraudz\u0113j\u0101s ar radio komandu un non\u0101ca pie Olgas Rajeckas, kura tolaik radio veidoja raid\u012bjumu b\u0113rniem. &#8220;Tur es pirmo reizi satiku Gustavu Terzenu, jo m\u0113s abi to vad\u012bj\u0101m. Bet tad tas radio p\u0101rstruktur\u0113j\u0101s\u00a0un mums tur vairs ne\u013c\u0101va n\u0101kt \u2013\u00a0b\u0113rniem,&#8221; st\u0101sta Toms Gr\u0113vi\u0146\u0161. 14 gadu vecum\u0101 vi\u0146\u0161 turpin\u0101ja str\u0101d\u0101t \u0112rika Loka vad\u012btaj\u0101 &#8220;Radio 2&#8221;, kam ar Latvijas Radio 2 nek\u0101das saist\u012bbas nebija.<\/p>\n<blockquote>\n<p>&#8220;Man bija skaidrs, ka neko citu es negribu dar\u012bt. Kaut kur zemapzi\u0146\u0101 man gan jau bija doma \u2013 kam\u0113r t\u0101da saj\u016bta ir, tikm\u0113r tas ir j\u0101dara,&#8221; vi\u0146\u0161 atz\u012bst.<\/p>\n<\/blockquote>\n<p>20 gadu vecum\u0101 Toms Gr\u0113vi\u0146\u0161 jau k\u0101 profesion\u0101ls radio d\u012bd\u017eejs uzs\u0101ka darb\u012bbu &#8220;Radio SWH&#8221;, bet p\u0113c tam \u2013\u00a0tr\u012bs gadus str\u0101d\u0101ja pa\u0161a veidotaj\u0101 &#8220;Radio 101&#8221;. Bet jau 2013. gada vasar\u0101 darb\u012bbu uzs\u0101ka &#8220;Pieci LV&#8221; m\u0101jaslapa, aizs\u0101kot Latvijas Radio 5 kan\u0101la darb\u012bbu. &#8220;Un p\u0101r\u0113jo jau m\u0113s visi zin\u0101m,&#8221; vi\u0146\u0161 teic.<\/p>\n<p><a id=\"3\" name=\"3\"\/>Domas par \u0113teru var aiz\u0146emt visu dienu<\/p>\n<p>Toma Gr\u0113vi\u0146a darba dienas var izskat\u012bties \u013coti da\u017e\u0101di, tom\u0113r t\u0101s vienm\u0113r ir piepild\u012btas. Vi\u0146\u0161 ce\u013cas ap pulksten 8.00 r\u012bt\u0101, lai jau pulksten 10.00 b\u016btu Latvijas Radio 5 \u0113ter\u0101, kur uz tr\u012bs stund\u0101m pieskata atska\u0146oto m\u016bziku. P\u0113c tam vi\u0146\u0161 dara da\u017e\u0101dus darbus\u00a0\u2013 iesp\u0113jams, skrien, pasnau\u017e diendusu vai mont\u0113 k\u0101du materi\u0101lu radio vajadz\u012bb\u0101m, iesp\u0113jams, s\u0113\u017e k\u0101d\u0101 sapulc\u0113, run\u0101jot par radio n\u0101kotnes strat\u0113\u0123iju. &#8220;Un tad, pulksten 16.00, es s\u0101ku gatavoties Latvijas Radio 1 raid\u012bjumam &#8220;Starpbr\u012bdis&#8221;, kas ir \u0113ter\u0101 no 17.00 l\u012bdz 18.00. P\u0113c t\u0101 Toms Gr\u0113vi\u0146\u0161 vislabpr\u0101t\u0101k dodas m\u0101j\u0101s, paskat\u0101s labu kino vai varb\u016bt pat divus,&#8221; vi\u0146\u0161 atkl\u0101j savu ikdienas grafiku.<\/p>\n<p>Varb\u016bt k\u0101ds var\u0113tu dom\u0101t \u2013 kas tad tas ir par darbu, ja j\u0101atn\u0101k vien nospiest &#8220;play&#8221; poga un ik pa laikam j\u0101parun\u0101 mikrofon\u0101? Toms Gr\u0113vi\u0146\u0161 gan saka \u2013 domas par darbu un gatavo\u0161an\u0101s mirk\u013ciem, kas pavad\u012bti \u0113ter\u0101, var aiz\u0146emt pat visu dienu.<\/p>\n<blockquote>\n<p>&#8220;Es laikam b\u016b\u0161u no tiem, kas teiks \u2013 ja tu esi \u012bsts savas lietas dar\u012bt\u0101js, tu jau gatavojies nemit\u012bgi.<\/p>\n<\/blockquote>\n<p>L\u012bdz\u012bgi k\u0101, piem\u0113ram, ja m\u0113s b\u016btu autobusa \u0161oferi, no r\u012bta pamostos un zin\u0101tu, ka brauksim tur un tur, p\u0113c tam t\u0101ds reiss un t\u0101ds reiss. Tie\u0161i t\u0101pat es dom\u0101ju ar\u012b par \u0161o darbu. Katru r\u012btu, t\u012brot zobus, es p\u0101rdom\u0101ju visus \u0113terus, kas man konkr\u0113taj\u0101 dien\u0101 ir gaid\u0101mi. Paldies Dievam \u2013 man\u0101 dz\u012bv\u0113 ir ien\u0101cis skrie\u0161anas hobijs, jo tas dod laiku izdom\u0101t liel\u0101kas idejas.<\/p>\n<blockquote>\n<p>To es nekad nebiju iedom\u0101jies, ka tas b\u016bs t\u0101ds \u012bstais laiks sev, kur var daudz vair\u0101k\u00a0nodoties domu &#8220;virpin\u0101\u0161anai&#8221;\u00a0nek\u0101 jebkur\u0101 cit\u0101 situ\u0101cij\u0101,&#8221; sprie\u017e Toms Gr\u0113vi\u0146\u0161.<\/p>\n<\/blockquote>\n<p><a id=\"4\" name=\"4\"\/>Latvijas Radio 5 iedvesmoja s\u0101kt skriet<\/p>\n<p>Kaut ar\u012b dz\u012bve, kas saist\u012bta ar radio, ir visai kr\u0101\u0161\u0146a un piepild\u012bta, Tomam Gr\u0113vi\u0146am ar to nepietiek \u2013 vi\u0146\u0161 jau vair\u0101kus gadus nopietni piev\u0113r\u0161as ar\u012b garu distan\u010du skrie\u0161anai. Tom\u0113r saka \u2013 ce\u013cu pie \u0161\u012bs aizrau\u0161an\u0101s vi\u0146am pal\u012bdz\u0113ja atrast tie\u0161i darbs radio:\u00a0&#8220;M\u0113s reizi ned\u0113\u013c\u0101 raid\u012bj\u0101m no k\u0101das Latvijas skolas r\u012bta p\u0101rraidi Latvijas Radio 5. Un mana kol\u0113\u0123e Inese Pu\u010deka\u00a0nez\u00a0k\u0101p\u0113c publiski pazi\u0146oja, ka m\u0113s Ventspil\u012b skriesim. Uldis Ziedi\u0146\u0161 iebilda,<\/p>\n<blockquote>\n<p>bet no t\u0101s dramatur\u0123ijas viedok\u013ca, ka tr\u012bs cilv\u0113ki ir radio \u0113ter\u0101 un viens saka &#8220;n\u0113&#8221;, otram j\u0101saka &#8220;protams&#8221;, lai uzreiz b\u016btu t\u0101ds interesants konflikti\u0146\u0161.<\/p>\n<\/blockquote>\n<p>Varb\u016bt es iepriek\u0161 \u013coti virspus\u0113ji biju par skrie\u0161anu dom\u0101jis, bet tas bija mans pirmais nopietnais septi\u0146u, asto\u0146u kilometru skr\u0113jiens.&#8221;<\/p>\n<p>P\u0113c skr\u0113jiena Inese Pu\u010deka Tomam Gr\u0113vi\u0146am par\u0101d\u012bjusi att\u0113lu \u2013 tur var\u0113ja\u00a0redz\u0113t, kur vi\u0146i skr\u0113ju\u0161i, cik ilgi, cik \u0101tri. &#8220;Man nekad nebija salicies kop\u0101, ka kaut kas t\u0101ds m\u016bsdienu tehnolo\u0123iju pasaul\u0113 notiek, un t\u0101 bija pirm\u0101 reize, kad es t\u0101 nopietn\u0101k s\u0101ku dom\u0101t par to, ka var\u0113tu turpin\u0101t skriet un ka tas ir rikt\u012bgi interesanti,&#8221; vi\u0146\u0161 dal\u0101s p\u0101rdom\u0101s. T\u0101 nu Toms Gr\u0113vi\u0146\u0161 turpin\u0101ja skriet, bet dar\u012bja to, nevienam nezinot. &#8220;T\u0101 es ar\u012b pirmo pusgadu skr\u0113ju pats.<\/p>\n<blockquote>\n<p>Tikai tie cilv\u0113ki, kuri Me\u017eapark\u0101 mani ieraudz\u012bja, zin\u0101ja, ka es ko t\u0101du daru,&#8221; vi\u0146\u0161\u00a0atkl\u0101j \u2013 tolaik pat iedom\u0101ties nevar\u0113ja, ka skrie\u0161anu izdosies savienot ar\u012b ar savu darbu un labdar\u012bbas maratonu &#8220;Dod pieci!&#8221;.<\/p>\n<\/blockquote>\n<p><a id=\"5\" name=\"5\"\/>Pla\u0161s redzesloks un nerimsto\u0161a tic\u012bba, ka izdosies<\/p>\n<p>Toms Gr\u0113vi\u0146\u0161 bijis kl\u0101teso\u0161s lielu nori\u0161u s\u0101kumposm\u0101 \u2013 vi\u0146\u0161 ir gan viens no Latvijas Radio 5 idejas pamatlic\u0113jiem, gan viens no &#8220;Dod pieci!&#8221; labdar\u012bbas maratona ievies\u0113jiem Latvij\u0101. K\u0101 iesp\u0113jams g\u016bt p\u0101rliec\u012bbu, ka izdosies tas, kas v\u0113l nemaz nav s\u0101cies?<\/p>\n<p>            <img decoding=\"async\" src=\"https:\/\/www.europesays.com\/lv\/wp-content\/uploads\/2025\/10\/m4n0.jpg\" alt=\"&quot;Dod Pieci!&quot; labdar\u012bbas maratona vad\u012bt\u0101ji Kaspars Mauri\u0146\u0161, Magnuss Eri\u0146\u0161 un Toms Gr\u0113vi\u0146\u0161 2...\"\/><\/p>\n<p>&#8220;Dod Pieci!&#8221; labdar\u012bbas maratona vad\u012bt\u0101ji Kaspars Mauri\u0146\u0161, Magnuss Eri\u0146\u0161 un Toms Gr\u0113vi\u0146\u0161 2014. gad\u0101<\/p>\n<p>Arh\u012bva foto. Pievienots 06.10.2023. Latvijas Radio<\/p>\n<\/p>\n<p>&#8220;Vai tad j\u016bs bie\u017ei dar\u0101t kaut ko, kas jums \u0161\u0137iet, ka neizdosies?&#8221; Toms Gr\u0113vi\u0146\u0161 pr\u0101to. Vi\u0146apr\u0101t, ja ideja pa\u0161am \u0161\u0137iet laba un v\u0113rt\u012bga, par t\u0101s realiz\u0101ciju ir v\u0113rts run\u0101t un iest\u0101ties. It \u012bpa\u0161i tad, ja citi tai netic.<\/p>\n<blockquote>\n<p>&#8220;Tik maz cilv\u0113ku tic\u0113ja, piem\u0113ram, &#8220;Dod pieci!&#8221; idejai k\u0101 t\u0101dai, ka tas jau k\u013cuva par t\u0101du k\u0101 principu, par veidu, k\u0101 izpausties un b\u016bt, pier\u0101dot pret\u0113jo un radot \u0161o br\u012bni\u0161\u0137\u012bgo trad\u012bciju.<\/p>\n<\/blockquote>\n<p>Protams,\u00a0tagad tas ir main\u012bjies, bet pirmajos gados es sm\u0113jos, ka febru\u0101r\u012b jau visi Latvijas Radio darbinieki ir aizmirsu\u0161i par &#8220;Dod pieci!&#8221;,&#8221; vi\u0146\u0161 nor\u0101da.<\/p>\n<p>Tagad labdar\u012bbas maratons jau ir k\u013cuvis par trad\u012bciju, kas pier\u0101da, ka radio sp\u0113j pal\u012bdz\u0113t rosin\u0101t \u012bstas\u00a0p\u0101rmai\u0146as cilv\u0113ku dz\u012bv\u0113. Gadu gait\u0101 vad\u012btie raid\u012bjumi, satiktie cilv\u0113ki, &#8220;pieciniek\u0101&#8221; skolotie jaunie\u0161i un regul\u0101ra ce\u013co\u0161ana nep\u0101rtraukti papla\u0161ina Toma Gr\u0113vi\u0146a apv\u0101rsni un liek dom\u0101t \u2013 kas var\u0113tu b\u016bt t\u0101s idejas, kur\u0101m tic\u0113t un kuras var\u0113tu uzlabot ne tikai vi\u0146a dz\u012bvi, bet ar\u012b l\u012bdzcilv\u0113ku \u2013 vai t\u0101 b\u016btu \u0123imene,\u00a0radio kol\u0113\u0123i, vai visa Latvijas sabiedr\u012bba kopum\u0101?<\/p>\n<blockquote>\n<p>&#8220;Tas redzesloks ir j\u0101papla\u0161ina visu laiku. Man\u00a0parasti ir vienk\u0101r\u0161\u0101k ieraudz\u012bt sakar\u012bbas, jo es \u013coti daudz ce\u013coju.<\/p>\n<\/blockquote>\n<p>Un tad, kad es ce\u013coju, nevis vienk\u0101r\u0161i ce\u013coju, bet turu acis va\u013c\u0101 un vienm\u0113r ar\u012b dom\u0101ju par to, ko m\u0113s var\u0113tu pa\u0146emt no redz\u0113t\u0101, lai m\u016bsu dz\u012bve b\u016btu lab\u0101ka,&#8221; vi\u0146\u0161 atkl\u0101j.<\/p>\n<p>Par labdar\u012bbas maratonu &#8220;Dod pieci!&#8221;<\/p>\n<p>Labdar\u012bbas <a href=\"https:\/\/www.lsm.lv\/raksts\/zinas\/latvija\/09.10.2025-labdaribas-maratons-dod-pieci-sogad-aicina-novertet-kustibu-un-palidzet-tiem-kuri-par-to-cinas.a617637\/\" class=\"lsm-link\" data-type=\"article\" data-id=\"617637\" rel=\"nofollow noopener\" target=\"_blank\">maratons &#8220;Dod pieci!&#8221;<\/a> \u0161ogad jau 12. reizi notiks pirms Ziemassv\u0113tkiem, no 12. l\u012bdz 18. decembrim,\u00a0teju ned\u0113\u013cas garum\u0101 raidot no stikla studijas Doma laukum\u0101 R\u012bg\u0101. Latvijas Radio 5 d\u012bd\u017eeji dienu un nakti dal\u012bsies ar cilv\u0113ku pieredzes st\u0101stiem, ekspertu viedok\u013ciem un atska\u0146os ziedot\u0101ju izv\u0113l\u0113t\u0101s dziesmas, iest\u0101joties par p\u0101rmai\u0146\u0101m sabiedr\u012bb\u0101.\u00a0<\/p>\n<p>&#8220;Dod pieci!&#8221; r\u012bko Latvijas Sabiedriskais medijs \u2013 Latvijas Radio, Latvijas Telev\u012bzija, port\u0101ls LSM.lv \u2013 sadarb\u012bb\u0101 ar ilggad\u0113jo ziedojumu partneri labdar\u012bbas organiz\u0101ciju &#8220;Ziedot.lv&#8221;.\u00a0<\/p>\n<p>Ik gadu labdar\u012bbas maratons aktualiz\u0113 k\u0101du sabiedr\u012bb\u0101 noz\u012bm\u012bgu t\u0113mu un atbalsta t\u0101s sabiedr\u012bbas grupas, kur\u0101m tas ir patiesi nepiecie\u0161ams. Ziedojumi l\u012bdz \u0161im ir novirz\u012bti vientu\u013ciem senioriem, b\u0113rniem ar \u012bpa\u0161am vajadz\u012bb\u0101m, v\u0113\u017ea slimnieku soci\u0101lajai rehabilit\u0101cijai, atbalsta programmai \u0123imen\u0113m, kuras v\u0113las audzin\u0101t b\u0113rnus no b\u0113rnunamiem, jauno vec\u0101ku m\u0101c\u012bbu programmas izveidei un vesel\u012bgas piesaistes veido\u0161anai, ne\u0101rst\u0113jami slimu cilv\u0113ku apr\u016bpei un speci\u0101l\u0101s p\u0101rtikas ieg\u0101dei, vardarb\u012bbas mazin\u0101\u0161anai \u0123imen\u0113s, vides uzlabo\u0161anai cilv\u0113kiem ar redzes, dzirdes un kust\u012bbu trauc\u0113jumiem, Latvij\u0101 non\u0101ku\u0161o Ukrainas kara b\u0113g\u013cu b\u0113rnu atbalstam, riskam pak\u013cautiem jaunie\u0161iem. P\u0113rn, 2024.\u00a0gad\u0101, labdar\u012bbas maratons bija <a href=\"https:\/\/www.lsm.lv\/raksts\/zinas\/latvija\/01.10.2024-labdaribas-maratons-dod-pieci-sogad-palidzes-sanemt-tuliteju-atbalstu-cilvekiem-kurus-no-dzivibas-skir-nauda.a570801\/\" class=\"lsm-link\" data-type=\"article\" data-id=\"570801\" rel=\"nofollow noopener\" target=\"_blank\">velt\u012bts cilv\u0113kiem ar kritisk\u0101m un ak\u016bt\u0101m vesel\u012bbas probl\u0113m\u0101m<\/a>, kuriem nepiecie\u0161ama t\u016bl\u012bt\u0113ja pal\u012bdz\u012bba, bet valsts \u0101rst\u0113\u0161an\u0101s izmaksas nesedz.\u00a0\u00a0<\/p>\n<blockquote>\n<p>Labdar\u012bbas maratona virsm\u0113r\u0137is ir cilv\u0113cisk\u0101ka vide \u2013 katrs &#8220;Dod pieci!&#8221; st\u0101sts ir par to, kur mums k\u0101 sabiedr\u012bbai ar sevi v\u0113l j\u0101str\u0101d\u0101.\u00a0<\/p>\n<\/blockquote>\n<p>Labdar\u012bbas maratons &#8220;Dod pieci!&#8221; ir da\u013ca no starptautiska projekta &#8220;Serious Request&#8221;, kur\u0101 da\u017e\u0101d\u0101s Eiropas valst\u012bs radiod\u012bd\u017eeji ned\u0113\u013cu raida no \u012bpa\u0161as stikla studijas, piev\u0113r\u0161ot uzman\u012bbu konkr\u0113tai labdar\u012bbas maratona izraudz\u012btai grupai vai sabiedriski noz\u012bm\u012bgai t\u0113mai. Ikviens tiek aicin\u0101ts ziedot l\u012bdzek\u013cus apmai\u0146\u0101 pret m\u012b\u013c\u0101ko dziesmu radio \u0113ter\u0101. Latvij\u0101 \u0161o trad\u012bciju iedz\u012bvin\u0101jusi Latvijas Radio 5 rado\u0161\u0101 komanda.<\/p>\n","protected":false},"excerpt":{"rendered":"Ja dz\u012bv\u0113 pieredz\u0113tais &#8220;piesp\u0113l\u0113&#8221; k\u0101du ideju, kura var\u0113tu uzlabot dz\u012bvi ne tikai pa\u0161am, bet ar\u012b citiem, t\u0101 ir&hellip;\n","protected":false},"author":2,"featured_media":36189,"comment_status":"","ping_status":"","sticky":false,"template":"","format":"standard","meta":{"footnotes":""},"categories":[19],"tags":[89,90,35,39,38,36,37,34,40],"class_list":{"0":"post-36188","1":"post","2":"type-post","3":"status-publish","4":"format-standard","5":"has-post-thumbnail","7":"category-izklaide","8":"tag-entertainment","9":"tag-izklaide","10":"tag-latvia","11":"tag-latvian","12":"tag-latviesu","13":"tag-latviesu-valoda","14":"tag-latviesuvaloda","15":"tag-latvija","16":"tag-lv"},"share_on_mastodon":{"url":"https:\/\/pubeurope.com\/@lv\/115468967938167037","error":""},"_links":{"self":[{"href":"https:\/\/www.europesays.com\/lv\/wp-json\/wp\/v2\/posts\/36188","targetHints":{"allow":["GET"]}}],"collection":[{"href":"https:\/\/www.europesays.com\/lv\/wp-json\/wp\/v2\/posts"}],"about":[{"href":"https:\/\/www.europesays.com\/lv\/wp-json\/wp\/v2\/types\/post"}],"author":[{"embeddable":true,"href":"https:\/\/www.europesays.com\/lv\/wp-json\/wp\/v2\/users\/2"}],"replies":[{"embeddable":true,"href":"https:\/\/www.europesays.com\/lv\/wp-json\/wp\/v2\/comments?post=36188"}],"version-history":[{"count":0,"href":"https:\/\/www.europesays.com\/lv\/wp-json\/wp\/v2\/posts\/36188\/revisions"}],"wp:featuredmedia":[{"embeddable":true,"href":"https:\/\/www.europesays.com\/lv\/wp-json\/wp\/v2\/media\/36189"}],"wp:attachment":[{"href":"https:\/\/www.europesays.com\/lv\/wp-json\/wp\/v2\/media?parent=36188"}],"wp:term":[{"taxonomy":"category","embeddable":true,"href":"https:\/\/www.europesays.com\/lv\/wp-json\/wp\/v2\/categories?post=36188"},{"taxonomy":"post_tag","embeddable":true,"href":"https:\/\/www.europesays.com\/lv\/wp-json\/wp\/v2\/tags?post=36188"}],"curies":[{"name":"wp","href":"https:\/\/api.w.org\/{rel}","templated":true}]}}