{"id":36200,"date":"2025-10-31T13:26:06","date_gmt":"2025-10-31T13:26:06","guid":{"rendered":"https:\/\/www.europesays.com\/lv\/36200\/"},"modified":"2025-10-31T13:26:06","modified_gmt":"2025-10-31T13:26:06","slug":"saeimas-deputats-andris-kulbergs-gust-smagu-traumu-braucot-ar-motociklu","status":"publish","type":"post","link":"https:\/\/www.europesays.com\/lv\/36200\/","title":{"rendered":"Saeimas deput\u0101ts Andris Kulbergs g\u016bst smagu traumu, braucot ar motociklu"},"content":{"rendered":"<p class=\"descr\">\u013baujoties savam va\u013caspriekam motobrauk\u0161anai, Saeimas deput\u0101ts Andris Kulbergs pirms div\u0101m ned\u0113\u013c\u0101m pamat\u012bgi satraum\u0113jies, v\u0113st\u012bts Evijas Kalnb\u0113rzas materi\u0101l\u0101 &#8220;Deput\u0101ts guvis nopietnu traumu&#8221; izdevum\u0101 &#8220;Priv\u0101t\u0101 Dz\u012bve&#8221;.<\/p>\n<blockquote><p>&#8220;Es p\u0101rr\u0101vu ce\u013cgala krustenisko saiti. Tagad man \u010detras ned\u0113\u013cas b\u016bs j\u0101p\u0101rvietojas ar kru\u0137iem, p\u0113c tam v\u0113l piecus m\u0113ne\u0161us b\u016bs rehabilit\u0101cija,&#8221; st\u0101sta <a href=\"https:\/\/nra.lv\/birka\/andris-kulbergs\/\" target=\"_blank\" rel=\"noopener nofollow\">Kulbergs<\/a>.<\/p><\/blockquote>\n<p>Jaut\u0101ts, k\u0101 vi\u0146\u0161 ticis pie \u0161\u0101das traumas, Saeimas deput\u0101ts teic: &#8220;Me\u017e\u0101 braucu ar motociklu, aiz\u0137\u0113ros aiz akmens un kritu. T\u0101ds pa\u0161a izrais\u012bts negad\u012bjums. Bet ko dar\u012bt, ka man pat\u012bk akt\u012bvs dz\u012bvesveids?!&#8221;, Kulbergs atz\u012bstas, ka nesaprot, k\u0101 vi\u0146am gad\u012bjies tik mu\u013c\u0137\u012bgs kritiens.<\/p>\n<p>&#8220;Esmu pieredz\u0113jis motobrauc\u0113js. Ar motociklu akt\u012bvi braucu jau \u010detrus gadus, tas man ir veids, k\u0101 izt\u012br\u012bt savu ke\u0161atmi\u0146u no politikas. Ta\u010du ac\u012bmredzot k\u0101ds no aug\u0161as s\u016bta man sign\u0101lus, ka nevajag trakot un uz br\u012bdi j\u0101apst\u0101jas,&#8221; sprie\u017e vi\u0146\u0161. Nesen Andrim veikta ar\u012b oper\u0101cija. &#8220;Viss norit\u0113ja veiksm\u012bgi. Man paveic\u0101s tikt pie laba \u0137irurga. Tagad gan v\u0113l lietoju prets\u0101pju z\u0101les,&#8221; nop\u016b\u0161as vi\u0146\u0161.<\/p>\n<p>Slim\u012bbas lapu politi\u0137is gan nedom\u0101 izmantot, un jau pag\u0101ju\u0161aj\u0101 ned\u0113\u013c\u0101, balst\u012bdamies uz kru\u0137iem, apmekl\u0113ja Saeimas s\u0113di.<\/p>\n","protected":false},"excerpt":{"rendered":"\u013baujoties savam va\u013caspriekam motobrauk\u0161anai, Saeimas deput\u0101ts Andris Kulbergs pirms div\u0101m ned\u0113\u013c\u0101m pamat\u012bgi satraum\u0113jies, v\u0113st\u012bts Evijas Kalnb\u0113rzas materi\u0101l\u0101 &#8220;Deput\u0101ts&hellip;\n","protected":false},"author":2,"featured_media":36201,"comment_status":"","ping_status":"","sticky":false,"template":"","format":"standard","meta":{"footnotes":""},"categories":[5],"tags":[23,28,29,32,33,22,30,31,35,39,38,36,37,34,40,20,26,27,24,25,21],"class_list":{"0":"post-36200","1":"post","2":"type-post","3":"status-publish","4":"format-standard","5":"has-post-thumbnail","7":"category-aktualitates","8":"tag-aktualitates","9":"tag-breaking-news","10":"tag-breakingnews","11":"tag-featured-news","12":"tag-featurednews","13":"tag-headlines","14":"tag-latest-news","15":"tag-latestnews","16":"tag-latvia","17":"tag-latvian","18":"tag-latviesu","19":"tag-latviesu-valoda","20":"tag-latviesuvaloda","21":"tag-latvija","22":"tag-lv","23":"tag-news","24":"tag-popularakas-zinas","25":"tag-popularakaszinas","26":"tag-top-stories","27":"tag-topstories","28":"tag-zinas"},"share_on_mastodon":{"url":"https:\/\/pubeurope.com\/@lv\/115469011043984985","error":""},"_links":{"self":[{"href":"https:\/\/www.europesays.com\/lv\/wp-json\/wp\/v2\/posts\/36200","targetHints":{"allow":["GET"]}}],"collection":[{"href":"https:\/\/www.europesays.com\/lv\/wp-json\/wp\/v2\/posts"}],"about":[{"href":"https:\/\/www.europesays.com\/lv\/wp-json\/wp\/v2\/types\/post"}],"author":[{"embeddable":true,"href":"https:\/\/www.europesays.com\/lv\/wp-json\/wp\/v2\/users\/2"}],"replies":[{"embeddable":true,"href":"https:\/\/www.europesays.com\/lv\/wp-json\/wp\/v2\/comments?post=36200"}],"version-history":[{"count":0,"href":"https:\/\/www.europesays.com\/lv\/wp-json\/wp\/v2\/posts\/36200\/revisions"}],"wp:featuredmedia":[{"embeddable":true,"href":"https:\/\/www.europesays.com\/lv\/wp-json\/wp\/v2\/media\/36201"}],"wp:attachment":[{"href":"https:\/\/www.europesays.com\/lv\/wp-json\/wp\/v2\/media?parent=36200"}],"wp:term":[{"taxonomy":"category","embeddable":true,"href":"https:\/\/www.europesays.com\/lv\/wp-json\/wp\/v2\/categories?post=36200"},{"taxonomy":"post_tag","embeddable":true,"href":"https:\/\/www.europesays.com\/lv\/wp-json\/wp\/v2\/tags?post=36200"}],"curies":[{"name":"wp","href":"https:\/\/api.w.org\/{rel}","templated":true}]}}