{"id":36204,"date":"2025-10-31T13:30:07","date_gmt":"2025-10-31T13:30:07","guid":{"rendered":"https:\/\/www.europesays.com\/lv\/36204\/"},"modified":"2025-10-31T13:30:07","modified_gmt":"2025-10-31T13:30:07","slug":"krievija-vairakas-reizes-uzbrukusi-ukrainai-ar-slepeni-izstradato-raketi-9m729","status":"publish","type":"post","link":"https:\/\/www.europesays.com\/lv\/36204\/","title":{"rendered":"Krievija vair\u0101kas reizes uzbrukusi Ukrainai ar slepeni izstr\u0101d\u0101to ra\u0137eti \u201c9M729\u201d"},"content":{"rendered":"<p>Krievija kop\u0161 augusta \u0161o ra\u0137eti uz Ukrainu ir iz\u0161\u0101vusi 23 reizes, a\u0123ent\u016brai sac\u012bja k\u0101da augsta ranga Ukrainas amatpersona. T\u0101pat fiks\u0113tas divas 9M729 palai\u0161anas reizes no Krievijas puses 2022. gad\u0101, piebilda avots.<\/p>\n<p>Krievijas Aizsardz\u012bbas ministrija nav atbild\u0113jusi uz \u201cReuters\u201d rakstiskajiem jaut\u0101jumiem.<\/p>\n<p>Ra\u0137ete \u201c9M729\u2033bija iemesls, k\u0101d\u0113\u013c ASV 2019. gad\u0101 izst\u0101j\u0101s no kodoliero\u010du kontroles pakta ar Maskavu. Va\u0161ingtona apgalvoja, ka \u0161\u012b ra\u0137ete p\u0101rk\u0101pj l\u012bguma noteikumus un sp\u0113j lidot krietni t\u0101l\u0101k par taj\u0101 noteikto 500 kilometru ierobe\u017eojumu, lai gan Krievija to noliedza.<\/p>\n<p>Ra\u0137ete, kas var nest gan kodolgalvi\u0146u, gan parasto kaujas da\u013cu sp\u0113j sasniegt l\u012bdz 2500 kilometru att\u0101lumu, nor\u0101da Va\u0161ingtonas Strat\u0113\u0123isko un starptautisko p\u0113t\u012bjumu centrs.<\/p>\n<p>V\u0113l k\u0101ds milit\u0101rs avots sac\u012bja, ka Krievijas 5. oktobr\u012b palaist\u0101 ra\u0137ete \u201c9M729\u2033nolidojusi vair\u0101k nek\u0101 1200 kilometrus l\u012bdz trieciena vietai Ukrain\u0101.<\/p>\n<p>\u201cTas, ka Krievija p\u0113d\u0113jos m\u0113ne\u0161os pret Ukrainu izmanto ra\u0137eti \u201c9M729\u2033, kas aizliegta ar L\u012bgumu par vid\u0113j\u0101 un tuv\u0101 darb\u012bbas r\u0101diusa ra\u0137e\u0161u likvid\u0113\u0161anu (INF), apliecina [Krievijas diktatora Vladimira] Putina necie\u0146u pret ASV un prezidenta Donalda Trampa diplom\u0101tiskajiem centieniem izbeigt Krievijas karu pret Ukrainu,\u201d sac\u012bja Sibiha.<\/p>\n<p>Ra\u0137etes 9M729 d\u0113\u013c ASV 2019. gad\u0101 izst\u0101j\u0101s no INF.<\/p>\n<p class=\"tv3-fw-500\">Zi\u0146o par k\u013c\u016bdu rakst\u0101<\/p>\n<p class=\"d-md-block d-none\">Iez\u012bm\u0113 k\u013c\u016bdaino tekstu un spied Ctrl+Enter.<\/p>\n<p class=\"d-md-none d-block\">Iez\u012bm\u0113 k\u013c\u016bdaino tekstu un zi\u0146o par to!<\/p>\n","protected":false},"excerpt":{"rendered":"Krievija kop\u0161 augusta \u0161o ra\u0137eti uz Ukrainu ir iz\u0161\u0101vusi 23 reizes, a\u0123ent\u016brai sac\u012bja k\u0101da augsta ranga Ukrainas amatpersona.&hellip;\n","protected":false},"author":2,"featured_media":36205,"comment_status":"","ping_status":"","sticky":false,"template":"","format":"standard","meta":{"footnotes":""},"categories":[14],"tags":[23,57,28,29,32,33,22,10608,30,31,35,39,38,36,37,34,40,20,26,27,24,25,54,55,56,21,58],"class_list":{"0":"post-36204","1":"post","2":"type-post","3":"status-publish","4":"format-standard","5":"has-post-thumbnail","7":"category-zinas-no-arvalstim","8":"tag-aktualitates","9":"tag-arvalstim","10":"tag-breaking-news","11":"tag-breakingnews","12":"tag-featured-news","13":"tag-featurednews","14":"tag-headlines","15":"tag-kars-ukrainakrievijas-agresija","16":"tag-latest-news","17":"tag-latestnews","18":"tag-latvia","19":"tag-latvian","20":"tag-latviesu","21":"tag-latviesu-valoda","22":"tag-latviesuvaloda","23":"tag-latvija","24":"tag-lv","25":"tag-news","26":"tag-popularakas-zinas","27":"tag-popularakaszinas","28":"tag-top-stories","29":"tag-topstories","30":"tag-world","31":"tag-world-news","32":"tag-worldnews","33":"tag-zinas","34":"tag-zinas-no-arvalstim"},"share_on_mastodon":{"url":"https:\/\/pubeurope.com\/@lv\/115469026776826879","error":""},"_links":{"self":[{"href":"https:\/\/www.europesays.com\/lv\/wp-json\/wp\/v2\/posts\/36204","targetHints":{"allow":["GET"]}}],"collection":[{"href":"https:\/\/www.europesays.com\/lv\/wp-json\/wp\/v2\/posts"}],"about":[{"href":"https:\/\/www.europesays.com\/lv\/wp-json\/wp\/v2\/types\/post"}],"author":[{"embeddable":true,"href":"https:\/\/www.europesays.com\/lv\/wp-json\/wp\/v2\/users\/2"}],"replies":[{"embeddable":true,"href":"https:\/\/www.europesays.com\/lv\/wp-json\/wp\/v2\/comments?post=36204"}],"version-history":[{"count":0,"href":"https:\/\/www.europesays.com\/lv\/wp-json\/wp\/v2\/posts\/36204\/revisions"}],"wp:featuredmedia":[{"embeddable":true,"href":"https:\/\/www.europesays.com\/lv\/wp-json\/wp\/v2\/media\/36205"}],"wp:attachment":[{"href":"https:\/\/www.europesays.com\/lv\/wp-json\/wp\/v2\/media?parent=36204"}],"wp:term":[{"taxonomy":"category","embeddable":true,"href":"https:\/\/www.europesays.com\/lv\/wp-json\/wp\/v2\/categories?post=36204"},{"taxonomy":"post_tag","embeddable":true,"href":"https:\/\/www.europesays.com\/lv\/wp-json\/wp\/v2\/tags?post=36204"}],"curies":[{"name":"wp","href":"https:\/\/api.w.org\/{rel}","templated":true}]}}