{"id":36213,"date":"2025-10-31T13:38:09","date_gmt":"2025-10-31T13:38:09","guid":{"rendered":"https:\/\/www.europesays.com\/lv\/36213\/"},"modified":"2025-10-31T13:38:09","modified_gmt":"2025-10-31T13:38:09","slug":"pikets-pie-bauskas-domes-iedzivotaji-prasa-taisnigumu-nosauto-sunu-lieta-jauns-lv","status":"publish","type":"post","link":"https:\/\/www.europesays.com\/lv\/36213\/","title":{"rendered":"Pikets pie Bauskas domes: iedz\u012bvot\u0101ji prasa taisn\u012bgumu no\u0161auto su\u0146u liet\u0101 &#8211; Jauns.lv"},"content":{"rendered":"<ol>\n<li><a href=\"https:\/\/news.google.com\/rss\/articles\/CBMi8wFBVV95cUxQcDd5alRuRFhuendQVEJtUXd4b01JeTRsMV9VbktnUkZ0TDYweUJuaURheVRuTXJ5LVVlVUQyd2ctR3dXYl9WQVJFLVAyeHczWGxUSEdUZUkwenhwX3BnTFNHNFdKS1FkdU9Ba3FCVU9lMThNYlkxY2IxYXlCbUJET0tBd2FvSlFqYlpld1hfNnd4elprZG5oRTh5MjFxNVF1NktIRHl2Y3dRSmNmX3QwemdGemlpM3BlemFVRERvR0l4N3poMVJFZWlzaGpXQVVDWlZzN0hZX1prWktJdVpZYXJMYWFHNi12LUdMbXI1Ym1RTTg?oc=5\" target=\"_blank\" rel=\"nofollow noopener\">Pikets pie Bauskas domes: iedz\u012bvot\u0101ji prasa taisn\u012bgumu no\u0161auto su\u0146u liet\u0101<\/a>&nbsp;&nbsp;Jauns.lv<\/li>\n<li><a href=\"https:\/\/news.google.com\/rss\/articles\/CBMipAFBVV95cUxOeUcwX1dXS2s0alFBWUNxRmdCVnlQRnBOSmlpVGJsVDgtdy15RnVDVUFldS1idnQwbTZMZWx1UlNHeG15Wlg3cFRTejRab1ZqaHY0d2R2cGV2cXBraFZRTmdtaGxhX0pNUGlKelBmR01MUEh3Qllja240aFl6QmloYlpCWExpNnFQNEVZZUI4eFRBemppbS1Ic1NxQUJLR0ljelZmMQ?oc=5\" target=\"_blank\" rel=\"nofollow noopener\">VIDEO \u27e9 Bausk\u0101 piket\u0101 piepras\u012bja deput\u0101tu iesaisti liet\u0101 par su\u0146u no\u0161au\u0161anu<\/a>&nbsp;&nbsp;TVNET<\/li>\n<li><a href=\"https:\/\/news.google.com\/rss\/articles\/CBMisAFBVV95cUxPQkRuMUR1VnlUY250eVY2aEpNbUg4ZzA1OWI2cDhlc0lHaEVONjEtRHAzODVNVndINFUzSkxadjhXVzhxYjZycGI0TWdrWng1eTNwMU9HbWI0N2o4UE5hUkRFWk4xVDlYLW5EOUptRFVEWVhHYUlCWVFaWGE2WGtJc3gtWkpnbTBFVjMxaVVUTlRROWNnM0JEMnRIZ053dW4tZHU1cWd3T2R2X2xtZmxGMQ?oc=5\" target=\"_blank\" rel=\"nofollow noopener\">Video: K\u0101p\u0113c amatu zaud\u0113ja Bauskas pa\u0161vald\u012bbas policijas priek\u0161nieks<\/a>&nbsp;&nbsp;Delfi<\/li>\n<li><a href=\"https:\/\/news.google.com\/rss\/articles\/CBMiyAFBVV95cUxPaGRiOEZZMjVUaGRyQ0pHNXRYdlg4X0p0UGFkRWtBMk9nV1IxY0FiOFloX2NfNk5LbDRYNUl5S05wWVBPa3hPSEZsTjRRcVlCOHZwUUZIMmxTMjdhQVRKdWNVUDl4REFkNklNZVV6dnJFbld4cFhYQ1dCb1JjbFp4clhaR1pMWUtFaEZuRUNJT0l1ckZSS25ZUi1iSThJbEpfbGh3SVBxa20zTVN3QUZsSzZibmI1eDZydlc3eVh1bFNaMWV0Q054NA?oc=5\" target=\"_blank\" rel=\"nofollow noopener\">\u201cNevien\u0101 no ierakstiem, nevien\u0101 ska\u0146u celi\u0146\u0101\u2026\u201d Dienesta p\u0101rbaud\u0113 saist\u012bb\u0101 ar su\u0146u no\u0161au\u0161anu atkl\u0101ti smagi p\u0101rk\u0101pumi<\/a>&nbsp;&nbsp;LA.LV<\/li>\n<li><a href=\"https:\/\/news.google.com\/rss\/articles\/CBMikgFBVV95cUxNb0UyWlRaRjNFb0hmZVdwek5zb19SbjdidVJpb1hhcnpCMzBTeUdNS3pHVE1BNGwtY2ljbldXZVl2alI2S08zWEwtODVvR0ZvbFowMHJsV0RRbEJlUkNTazlnSnhNbGNSMEJ6bVBfbkVJRVpyXzlxQXUxbjJ1YjQ0bmNjZ1lZcTZLSUVQNDJUN0U5UQ?oc=5\" target=\"_blank\" rel=\"nofollow noopener\">No amata atbr\u012bvo Bauskas pa\u0161vald\u012bbas policijas priek\u0161nieku<\/a>&nbsp;&nbsp;Apollo.lv<\/li>\n<\/ol>\n","protected":false},"excerpt":{"rendered":"Pikets pie Bauskas domes: iedz\u012bvot\u0101ji prasa taisn\u012bgumu no\u0161auto su\u0146u liet\u0101&nbsp;&nbsp;Jauns.lv VIDEO \u27e9 Bausk\u0101 piket\u0101 piepras\u012bja deput\u0101tu iesaisti liet\u0101&hellip;\n","protected":false},"author":2,"featured_media":36214,"comment_status":"","ping_status":"","sticky":false,"template":"","format":"standard","meta":{"footnotes":""},"categories":[5],"tags":[23,28,29,32,33,22,30,31,35,39,38,36,37,34,40,20,26,27,24,25,21],"class_list":{"0":"post-36213","1":"post","2":"type-post","3":"status-publish","4":"format-standard","5":"has-post-thumbnail","7":"category-aktualitates","8":"tag-aktualitates","9":"tag-breaking-news","10":"tag-breakingnews","11":"tag-featured-news","12":"tag-featurednews","13":"tag-headlines","14":"tag-latest-news","15":"tag-latestnews","16":"tag-latvia","17":"tag-latvian","18":"tag-latviesu","19":"tag-latviesu-valoda","20":"tag-latviesuvaloda","21":"tag-latvija","22":"tag-lv","23":"tag-news","24":"tag-popularakas-zinas","25":"tag-popularakaszinas","26":"tag-top-stories","27":"tag-topstories","28":"tag-zinas"},"share_on_mastodon":{"url":"https:\/\/pubeurope.com\/@lv\/115469058309637304","error":""},"_links":{"self":[{"href":"https:\/\/www.europesays.com\/lv\/wp-json\/wp\/v2\/posts\/36213","targetHints":{"allow":["GET"]}}],"collection":[{"href":"https:\/\/www.europesays.com\/lv\/wp-json\/wp\/v2\/posts"}],"about":[{"href":"https:\/\/www.europesays.com\/lv\/wp-json\/wp\/v2\/types\/post"}],"author":[{"embeddable":true,"href":"https:\/\/www.europesays.com\/lv\/wp-json\/wp\/v2\/users\/2"}],"replies":[{"embeddable":true,"href":"https:\/\/www.europesays.com\/lv\/wp-json\/wp\/v2\/comments?post=36213"}],"version-history":[{"count":0,"href":"https:\/\/www.europesays.com\/lv\/wp-json\/wp\/v2\/posts\/36213\/revisions"}],"wp:featuredmedia":[{"embeddable":true,"href":"https:\/\/www.europesays.com\/lv\/wp-json\/wp\/v2\/media\/36214"}],"wp:attachment":[{"href":"https:\/\/www.europesays.com\/lv\/wp-json\/wp\/v2\/media?parent=36213"}],"wp:term":[{"taxonomy":"category","embeddable":true,"href":"https:\/\/www.europesays.com\/lv\/wp-json\/wp\/v2\/categories?post=36213"},{"taxonomy":"post_tag","embeddable":true,"href":"https:\/\/www.europesays.com\/lv\/wp-json\/wp\/v2\/tags?post=36213"}],"curies":[{"name":"wp","href":"https:\/\/api.w.org\/{rel}","templated":true}]}}