{"id":36219,"date":"2025-10-31T13:42:08","date_gmt":"2025-10-31T13:42:08","guid":{"rendered":"https:\/\/www.europesays.com\/lv\/36219\/"},"modified":"2025-10-31T13:42:08","modified_gmt":"2025-10-31T13:42:08","slug":"viesulvetra-melisa-jamaika-vismaz-19-bojagajusie","status":"publish","type":"post","link":"https:\/\/www.europesays.com\/lv\/36219\/","title":{"rendered":"Viesu\u013cv\u0113tr\u0101 &#8220;Melisa&#8221; Jamaik\u0101 vismaz 19 boj\u0101g\u0101ju\u0161ie"},"content":{"rendered":"<p>Viesu\u013cv\u0113tr\u0101 &#8220;Melisa&#8221; g\u0101ju\u0161i boj\u0101 ar\u012b 30 cilv\u0113ki Haiti un viens &#8211; Dominik\u0101nas Republik\u0101. Kop\u0113jais t\u0101s upuru skaits Kar\u012bbu j\u016bras valst\u012bs ir sasniedzis 50, bet ir gaid\u0101ms, ka tas v\u0113l pieaugs.<\/p>\n<p>&#8220;Melisa&#8221; otrdien sasniedza Jamaiku k\u0101 piekt\u0101s kategorijas viesu\u013cv\u0113tra un izrais\u012bja sp\u0113c\u012bgus pl\u016bdus Jamaikas dienvidrietumos, kur \u0113k\u0101m norauti jumti, izg\u0101zti koki un boj\u0101tas elektroapg\u0101des l\u012bnijas. Jamaikas vald\u012bba pasludin\u0101ja salu par katastrofas zonu.<\/p>\n<p>Lai gan viesu\u013cv\u0113tra tagad ir atst\u0101jusi sauszemi, atgrie\u017eoties j\u016br\u0101 virs atkl\u0101tiem \u016bde\u0146iem, briesmas v\u0113l nav gar\u0101m. &#8220;Melisa&#8221; atkal ir pastiprin\u0101jusies l\u012bdz otr\u0101s kategorijas v\u0113trai un dodas Bermudu salu virzien\u0101.<\/p>\n<p>ASV Nacion\u0101lais viesu\u013cv\u0113tru centrs (NHC) Maiami pils\u0113t\u0101 infom\u0113ja, ka v\u0113tras v\u0113ju stiprums ir l\u012bdz 165 kilometriem stund\u0101 (46 metriem sekund\u0113).<\/p>\n","protected":false},"excerpt":{"rendered":"Viesu\u013cv\u0113tr\u0101 &#8220;Melisa&#8221; g\u0101ju\u0161i boj\u0101 ar\u012b 30 cilv\u0113ki Haiti un viens &#8211; Dominik\u0101nas Republik\u0101. Kop\u0113jais t\u0101s upuru skaits Kar\u012bbu&hellip;\n","protected":false},"author":2,"featured_media":36220,"comment_status":"","ping_status":"","sticky":false,"template":"","format":"standard","meta":{"footnotes":""},"categories":[14],"tags":[23,57,5983,28,29,32,33,22,9954,5777,30,31,35,39,38,36,37,34,40,20,26,27,24,25,9956,54,55,56,21,58],"class_list":{"0":"post-36219","1":"post","2":"type-post","3":"status-publish","4":"format-standard","5":"has-post-thumbnail","7":"category-zinas-no-arvalstim","8":"tag-aktualitates","9":"tag-arvalstim","10":"tag-bojagajusie","11":"tag-breaking-news","12":"tag-breakingnews","13":"tag-featured-news","14":"tag-featurednews","15":"tag-headlines","16":"tag-jamaika","17":"tag-katastrofa","18":"tag-latest-news","19":"tag-latestnews","20":"tag-latvia","21":"tag-latvian","22":"tag-latviesu","23":"tag-latviesu-valoda","24":"tag-latviesuvaloda","25":"tag-latvija","26":"tag-lv","27":"tag-news","28":"tag-popularakas-zinas","29":"tag-popularakaszinas","30":"tag-top-stories","31":"tag-topstories","32":"tag-viesulvetras","33":"tag-world","34":"tag-world-news","35":"tag-worldnews","36":"tag-zinas","37":"tag-zinas-no-arvalstim"},"share_on_mastodon":{"url":"https:\/\/pubeurope.com\/@lv\/115469074123449290","error":""},"_links":{"self":[{"href":"https:\/\/www.europesays.com\/lv\/wp-json\/wp\/v2\/posts\/36219","targetHints":{"allow":["GET"]}}],"collection":[{"href":"https:\/\/www.europesays.com\/lv\/wp-json\/wp\/v2\/posts"}],"about":[{"href":"https:\/\/www.europesays.com\/lv\/wp-json\/wp\/v2\/types\/post"}],"author":[{"embeddable":true,"href":"https:\/\/www.europesays.com\/lv\/wp-json\/wp\/v2\/users\/2"}],"replies":[{"embeddable":true,"href":"https:\/\/www.europesays.com\/lv\/wp-json\/wp\/v2\/comments?post=36219"}],"version-history":[{"count":0,"href":"https:\/\/www.europesays.com\/lv\/wp-json\/wp\/v2\/posts\/36219\/revisions"}],"wp:featuredmedia":[{"embeddable":true,"href":"https:\/\/www.europesays.com\/lv\/wp-json\/wp\/v2\/media\/36220"}],"wp:attachment":[{"href":"https:\/\/www.europesays.com\/lv\/wp-json\/wp\/v2\/media?parent=36219"}],"wp:term":[{"taxonomy":"category","embeddable":true,"href":"https:\/\/www.europesays.com\/lv\/wp-json\/wp\/v2\/categories?post=36219"},{"taxonomy":"post_tag","embeddable":true,"href":"https:\/\/www.europesays.com\/lv\/wp-json\/wp\/v2\/tags?post=36219"}],"curies":[{"name":"wp","href":"https:\/\/api.w.org\/{rel}","templated":true}]}}