{"id":36223,"date":"2025-10-31T13:44:07","date_gmt":"2025-10-31T13:44:07","guid":{"rendered":"https:\/\/www.europesays.com\/lv\/36223\/"},"modified":"2025-10-31T13:44:07","modified_gmt":"2025-10-31T13:44:07","slug":"aizdomas-par-izvarosanas-meginajumiem-pie-juras-kalngale-aizturets-virietis-aicina-atsaukties-cietusos-raksts","status":"publish","type":"post","link":"https:\/\/www.europesays.com\/lv\/36223\/","title":{"rendered":"Aizdom\u0101s par izvaro\u0161anas m\u0113\u0123in\u0101jumiem pie j\u016bras Kalngal\u0113 aiztur\u0113ts v\u012brietis; aicina atsaukties cietu\u0161os \/ Raksts"},"content":{"rendered":"<p>Valsts policija (VP) kop\u0101 ar \u0100da\u017eu novada pa\u0161vald\u012bbas policiju 29. oktobr\u012b \u0100da\u017eu novada Kalngal\u0113 aiztur\u0113jusi\u00a01963. gad\u0101 dzimu\u0161u\u00a0v\u012brieti, kuru tur aizdom\u0101s par divu\u00a0sievie\u0161u izvaro\u0161anas m\u0113\u0123in\u0101jumu. S\u0101kts krimin\u0101lprocess un aizdom\u0101s tur\u0113tais apcietin\u0101ts. VP aicina atsaukties ikvienu, kur\u0161\u00a0var\u0113tu b\u016bt cietis no v\u012brie\u0161a noziedz\u012bgaj\u0101m darb\u012bb\u0101m.<\/p>\n<p>29. oktobr\u012b VP sa\u0146\u0113ma inform\u0101ciju, ka \u0100da\u017eu novada Kalngal\u0113 uz pastaigu takas, net\u0101lu no\u00a0j\u016bras nenoskaidrota persona m\u0113\u0123in\u0101ja izvarot 1996. gad\u0101 dzimu\u0161u sievieti, p\u0113c k\u0101 at\u0146\u0113ma vi\u0146ai mobilo telefonu un aizb\u0113ga. Likumsargi notikuma viet\u0101 noskaidroja, ka net\u0101lu atrodas v\u0113l viena sieviete, 1939. gad\u0101 dzimus\u012b,\u00a0kurai ar\u012b uzbrukts un at\u0146emts mobilais telefons.<\/p>\n<p>\u0100da\u017eu novada pa\u0161vald\u012bbas policisti p\u0113c p\u0101ris stund\u0101m apk\u0101rtn\u0113 paman\u012bja v\u012brieti, kas atbilst uzbruc\u0113ja paz\u012bm\u0113m, un vi\u0146u aiztur\u0113ja.<\/p>\n<blockquote>\n<p>Aiztur\u0113tais ir dzimis 1963. gad\u0101 un jau iepriek\u0161 sod\u012bts par analo\u0123iskiem noziegumiem.<\/p>\n<\/blockquote>\n<p>Me\u017e\u0101 atrasti ar\u012b abi nozagtie telefoni.<\/p>\n<p>Saist\u012bb\u0101 ar notiku\u0161o uzs\u0101kti divi\u00a0krimin\u0101lprocesi\u00a0par izvaro\u0161anas m\u0113\u0123in\u0101jumu un par z\u0101dz\u012bbu neliel\u0101 apm\u0113r\u0101. Par izvaro\u0161anu vai t\u0101s m\u0113\u0123in\u0101jumu likum\u0101 paredz\u0113ta\u00a0 br\u012bv\u012bbas at\u0146em\u0161ana uz laiku no \u010detriem l\u012bdz desmit gadiem un prob\u0101cijas uzraudz\u012bba uz laiku l\u012bdz pieciem gadiem. Savuk\u0101rt par z\u0101dz\u012bbu neliel\u0101 apm\u0113r\u0101 soda ar br\u012bv\u012bbas at\u0146em\u0161anu uz laiku l\u012bdz vienam gadam vai ar \u012bslaic\u012bgu br\u012bv\u012bbas at\u0146em\u0161anu, vai ar prob\u0101cijas uzraudz\u012bbu, vai ar sabiedrisko darbu, vai ar naudas sodu.<\/p>\n<p>VP ir aizdomas, ka aiztur\u0113t\u0101 persona var\u0113tu b\u016bt saist\u012bta ar\u012b ar noziedz\u012bgiem nodar\u012bjumiem pret cit\u0101m person\u0101m. Likumsargi aicina iedz\u012bvot\u0101jus apl\u016bkot v\u012brie\u0161a fotogr\u0101fijas un atsaukties ikvienu, kur\u0161\u00a0cietis no vi\u0146a iesp\u0113jam\u0101m noziedz\u012bgaj\u0101m darb\u012bb\u0101m, zvanot uz t\u0101lru\u0146a numuru 20269280 vai 112.<\/p>\n<p>                    Valodas k\u013c\u016bda rakst\u0101?<\/p>\n<p class=\"d-none d-md-block\">Iez\u012bm\u0113jiet tekstu un spiediet Ctrl+Enter, lai nos\u016bt\u012btu labojamo teksta fragmentu redaktoram! Par faktu k\u013c\u016bd\u0101m l\u016bdzam zi\u0146ot e-past\u0101 <a href=\"https:\/\/www.lsm.lv\/cdn-cgi\/l\/email-protection\" class=\"__cf_email__\" data-cfemail=\"fb899e9f9a909892919abb978896d5978d\" rel=\"nofollow noopener\" target=\"_blank\">[email\u00a0protected]<\/a>.<\/p>\n<p class=\"d-md-none\">Iez\u012bm\u0113jiet tekstu un spiediet uz Zi\u0146ot par k\u013c\u016bdu pogas, lai nos\u016bt\u012btu labojamo teksta fragmentu redaktoram!<\/p>\n<p>\n                    Zi\u0146ot par k\u013c\u016bdu\n                <\/p>\n","protected":false},"excerpt":{"rendered":"Valsts policija (VP) kop\u0101 ar \u0100da\u017eu novada pa\u0161vald\u012bbas policiju 29. oktobr\u012b \u0100da\u017eu novada Kalngal\u0113 aiztur\u0113jusi\u00a01963. gad\u0101 dzimu\u0161u\u00a0v\u012brieti, kuru&hellip;\n","protected":false},"author":2,"featured_media":36224,"comment_status":"","ping_status":"","sticky":false,"template":"","format":"standard","meta":{"footnotes":""},"categories":[5],"tags":[23,28,29,32,33,22,30,31,35,39,38,36,37,34,40,20,26,27,24,25,21],"class_list":{"0":"post-36223","1":"post","2":"type-post","3":"status-publish","4":"format-standard","5":"has-post-thumbnail","7":"category-aktualitates","8":"tag-aktualitates","9":"tag-breaking-news","10":"tag-breakingnews","11":"tag-featured-news","12":"tag-featurednews","13":"tag-headlines","14":"tag-latest-news","15":"tag-latestnews","16":"tag-latvia","17":"tag-latvian","18":"tag-latviesu","19":"tag-latviesu-valoda","20":"tag-latviesuvaloda","21":"tag-latvija","22":"tag-lv","23":"tag-news","24":"tag-popularakas-zinas","25":"tag-popularakaszinas","26":"tag-top-stories","27":"tag-topstories","28":"tag-zinas"},"share_on_mastodon":{"url":"https:\/\/pubeurope.com\/@lv\/115469081824234705","error":""},"_links":{"self":[{"href":"https:\/\/www.europesays.com\/lv\/wp-json\/wp\/v2\/posts\/36223","targetHints":{"allow":["GET"]}}],"collection":[{"href":"https:\/\/www.europesays.com\/lv\/wp-json\/wp\/v2\/posts"}],"about":[{"href":"https:\/\/www.europesays.com\/lv\/wp-json\/wp\/v2\/types\/post"}],"author":[{"embeddable":true,"href":"https:\/\/www.europesays.com\/lv\/wp-json\/wp\/v2\/users\/2"}],"replies":[{"embeddable":true,"href":"https:\/\/www.europesays.com\/lv\/wp-json\/wp\/v2\/comments?post=36223"}],"version-history":[{"count":0,"href":"https:\/\/www.europesays.com\/lv\/wp-json\/wp\/v2\/posts\/36223\/revisions"}],"wp:featuredmedia":[{"embeddable":true,"href":"https:\/\/www.europesays.com\/lv\/wp-json\/wp\/v2\/media\/36224"}],"wp:attachment":[{"href":"https:\/\/www.europesays.com\/lv\/wp-json\/wp\/v2\/media?parent=36223"}],"wp:term":[{"taxonomy":"category","embeddable":true,"href":"https:\/\/www.europesays.com\/lv\/wp-json\/wp\/v2\/categories?post=36223"},{"taxonomy":"post_tag","embeddable":true,"href":"https:\/\/www.europesays.com\/lv\/wp-json\/wp\/v2\/tags?post=36223"}],"curies":[{"name":"wp","href":"https:\/\/api.w.org\/{rel}","templated":true}]}}