{"id":36225,"date":"2025-10-31T13:46:07","date_gmt":"2025-10-31T13:46:07","guid":{"rendered":"https:\/\/www.europesays.com\/lv\/36225\/"},"modified":"2025-10-31T13:46:07","modified_gmt":"2025-10-31T13:46:07","slug":"viens-no-rigas-zellu-lideriem-skuja-parcelas-uz-vacijas-bundesligu","status":"publish","type":"post","link":"https:\/\/www.europesays.com\/lv\/36225\/","title":{"rendered":"Viens no &#8220;R\u012bgas ze\u013c\u013cu&#8221; l\u012bderiem Skuja p\u0101rce\u013cas uz V\u0101cijas bundesl\u012bgu"},"content":{"rendered":"<p>190 centimetrus ra\u017eenais sasp\u0113les vad\u012bt\u0101js ofici\u0101li par &#8220;zelli&#8221; k\u013cuva 2023. gada vasar\u0101 un divarpus sezonu laik\u0101 Toms pal\u012bdz\u0113ja &#8220;R\u012bgas ze\u013c\u013ciem&#8221; izc\u012bn\u012bt tr\u012bs sudraba godalgas \u2013 Latvijas-Igaunijas basketbola l\u012bg\u0101, Latvijas Basketbola l\u012bg\u0101, Latvijas basketbola &#8220;U\u017eavas kaus\u0101&#8221;, k\u0101 ar\u012b bronzu Latvijas Basketbola l\u012bg\u0101 un izc\u012bn\u012bt Baltijas Superkausu \u0161\u012bs sezonas ievad\u0101.<\/p>\n<p>93 ofici\u0101l\u0101s sp\u0113l\u0113s &#8220;R\u012bgas ze\u013c\u013cu&#8221; krekl\u0101 Skuja izc\u0113l\u0101s ar 1030 g\u016btajiem punktiem, kas ir dal\u012bts lab\u0101kais r\u0101d\u012bt\u0101js kluba v\u0113stur\u0113. Ar 481 rezultat\u012bvu piesp\u0113li Skuja ir ar\u012b p\u0101rliecino\u0161i visu laiku lab\u0101kais piesp\u0113l\u0113t\u0101js Ze\u013c\u013cu v\u0113stur\u0113.<\/p>\n<p>&#8220;Nelieg\u0161os &#8211; emocion\u0101ls br\u012bdis &#8220;ze\u013c\u013cu&#8221; organiz\u0101cijai! Jo ir mazliet skumji, ka m\u016bs lab\u0101 sezonas ievad\u0101 pamet galvenais sasp\u0113les vad\u012bt\u0101js un l\u012bderis, ta\u010du reiz\u0113 ar\u012b \u013coti priec\u0101jamies, jo klubs turpina pild\u012bt savu misiju, dodot platformu un iesp\u0113ju talant\u012bgiem latvie\u0161u jaun\u0101s paaudzes basketbolistiem p\u0113c\u0101k p\u0101rcelties n\u0101kamaj\u0101 l\u012bmen\u012b k\u0101 Toma un Ludvigsburgas gad\u012bjum\u0101,&#8221; sac\u012bja &#8220;R\u012bgas ze\u013c\u013ci&#8221; prezidents Edgars Bu\u013cs.<\/p>\n<p>&#8220;Skuja mums bija daudz vair\u0101k nek\u0101 tikai labs sp\u0113l\u0113t\u0101js. Toms bija komandas simbols, kur\u0161 bija kop\u0101 ar mums no pirm\u0101s dienas. Ar savu \u0101trumu, agresivit\u0101ti, bezbail\u012bbu iz\u0161\u0137iro\u0161ajos br\u012b\u017eos vi\u0146\u0161 neap\u0161aub\u0101mi bija m\u016bsu atsl\u0113gas sp\u0113l\u0113t\u0101js, k\u0101 ar\u012b viens no fanu m\u012blu\u013ciem. Vi\u0146\u0161 &#8220;ze\u013c\u013cos&#8221; ien\u0101ca k\u0101 v\u0113l l\u012bdz galam neatv\u0113ries jaunais talants, bet aiziet k\u0101 gatavs Latvijas izlases l\u012bme\u0146a sp\u0113l\u0113t\u0101js. Sav\u0101 zi\u0146\u0101 Skuja ir pirmais m\u016bsu akad\u0113mijas produkts, kur\u0161 tagad piedz\u012bvo izlaidumu. Kopum\u0101 esam \u013coti lepni, ka Toms m\u016bsu rind\u0101s pac\u0113la sevi cit\u0101 l\u012bmen\u012b, k\u013cuva par \u012bstu profesion\u0101li, debit\u0113ja Latvijas pieaugu\u0161o izlas\u0113 un nobrieda n\u0101kamajam izaicin\u0101jumam. Paldies, Tom, par visu, ko paveici m\u016bsu lab\u0101! Veiksmi, vesel\u012bbu un izdo\u0161anos! Mums Tu vienm\u0113r b\u016bsi Zellis!&#8221; emocion\u0101li piebilda Bu\u013cs.<\/p>\n<p>&#8220;M\u0113s \u013coti cent\u0101mies Skuju notur\u0113t l\u012bdz sezonas beig\u0101m, bet saprotam, ka \u0161\u0101das iesp\u0113jas p\u0101riet uz V\u0101cijas Bundesl\u012bgu nepar\u0101d\u0101s katru dienu. Par vi\u0146a p\u0101rcel\u0161anos sa\u0146emsim izpirkuma maksu no &#8220;MHP Riesen Ludwigsburg&#8221;. Tagad mekl\u0113sim pien\u0101c\u012bgu Toma aizst\u0101j\u0113ju, gaidiet jaunumus jau tuv\u0101kaj\u0101 laik\u0101,&#8221; nosl\u0113dza &#8220;R\u012bgas ze\u013c\u013ci&#8221; prezidents.<\/p>\n<p>&#8220;R\u012bgas ze\u013c\u013ci&#8221; n\u0101kamo m\u0101jas sp\u0113li &#8220;Komandu sporta sp\u0113\u013cu hall\u0113&#8221; aizvad\u012bs 8. novembr\u012b, kad &#8220;Fuk\u0161u balles&#8221; ietvaros uz\u0146ems &#8220;Latvijas Universit\u0101ti&#8221;.<\/p>\n","protected":false},"excerpt":{"rendered":"190 centimetrus ra\u017eenais sasp\u0113les vad\u012bt\u0101js ofici\u0101li par &#8220;zelli&#8221; k\u013cuva 2023. gada vasar\u0101 un divarpus sezonu laik\u0101 Toms pal\u012bdz\u0113ja&hellip;\n","protected":false},"author":2,"featured_media":36226,"comment_status":"","ping_status":"","sticky":false,"template":"","format":"standard","meta":{"footnotes":""},"categories":[17],"tags":[145,144,1098,35,39,38,36,37,34,40,146,67],"class_list":{"0":"post-36225","1":"post","2":"type-post","3":"status-publish","4":"format-standard","5":"has-post-thumbnail","7":"category-sports","8":"tag-basketbols","9":"tag-basketbols-latvija","10":"tag-basketbols-pasaule","11":"tag-latvia","12":"tag-latvian","13":"tag-latviesu","14":"tag-latviesu-valoda","15":"tag-latviesuvaloda","16":"tag-latvija","17":"tag-lv","18":"tag-rigas-zelli","19":"tag-sports"},"share_on_mastodon":{"url":"https:\/\/pubeurope.com\/@lv\/115469089664739714","error":""},"_links":{"self":[{"href":"https:\/\/www.europesays.com\/lv\/wp-json\/wp\/v2\/posts\/36225","targetHints":{"allow":["GET"]}}],"collection":[{"href":"https:\/\/www.europesays.com\/lv\/wp-json\/wp\/v2\/posts"}],"about":[{"href":"https:\/\/www.europesays.com\/lv\/wp-json\/wp\/v2\/types\/post"}],"author":[{"embeddable":true,"href":"https:\/\/www.europesays.com\/lv\/wp-json\/wp\/v2\/users\/2"}],"replies":[{"embeddable":true,"href":"https:\/\/www.europesays.com\/lv\/wp-json\/wp\/v2\/comments?post=36225"}],"version-history":[{"count":0,"href":"https:\/\/www.europesays.com\/lv\/wp-json\/wp\/v2\/posts\/36225\/revisions"}],"wp:featuredmedia":[{"embeddable":true,"href":"https:\/\/www.europesays.com\/lv\/wp-json\/wp\/v2\/media\/36226"}],"wp:attachment":[{"href":"https:\/\/www.europesays.com\/lv\/wp-json\/wp\/v2\/media?parent=36225"}],"wp:term":[{"taxonomy":"category","embeddable":true,"href":"https:\/\/www.europesays.com\/lv\/wp-json\/wp\/v2\/categories?post=36225"},{"taxonomy":"post_tag","embeddable":true,"href":"https:\/\/www.europesays.com\/lv\/wp-json\/wp\/v2\/tags?post=36225"}],"curies":[{"name":"wp","href":"https:\/\/api.w.org\/{rel}","templated":true}]}}