{"id":36227,"date":"2025-10-31T13:48:07","date_gmt":"2025-10-31T13:48:07","guid":{"rendered":"https:\/\/www.europesays.com\/lv\/36227\/"},"modified":"2025-10-31T13:48:07","modified_gmt":"2025-10-31T13:48:07","slug":"ukraina-veikusi-triecienus-krievijas-energetikas-objektiem-dazviet-izraisot-elektribas-parravumus-raksts","status":"publish","type":"post","link":"https:\/\/www.europesays.com\/lv\/36227\/","title":{"rendered":"Ukraina veikusi triecienus Krievijas ener\u0123\u0113tikas objektiem, da\u017eviet izraisot elektr\u012bbas p\u0101rr\u0101vumus \/ Raksts"},"content":{"rendered":"<p>Ukrainas armija nakt\u012b uz piektdienu vair\u0101kos Krievijas apgabalos veikusi triecienus ener\u0123\u0113tikas objektiem. Lai gan Kijivai \u0161aj\u0101 zi\u0146\u0101 ir sekmes, tom\u0113r ar\u012b Krievijai izdodas nodar\u012bt post\u012bjumus Ukrainas kritiskajai infrastrukt\u016brai.<\/p>\n<p>                Ukrainas triecienu d\u0113\u013c Krievij\u0101 da\u017eviet notiku\u0161i elektr\u012bbas p\u0101rr\u0101vumi<\/p>\n<p>Ukrainas droni uzbruka un nodar\u012bja boj\u0101jumus termoelektrostacijai Krievijas Orlas apgabal\u0101. P\u0113c trieciena Orlas termoelektrocentr\u0101l\u0113 izc\u0113lies ugunsgr\u0113ks, bet pils\u0113t\u0101 pazudusi elektr\u012bba, v\u0113sta &#8220;Telegram&#8221; kan\u0101li, atsaucoties uz aculieciniekiem un viet\u0113jiem iedz\u012bvot\u0101jiem.\u00a0<\/p>\n<p>Vair\u0101kos Krievijas &#8220;Telegram&#8221;\u00a0zi\u0146u kan\u0101los v\u0113st\u012bts par spr\u0101dzieniem ar\u012b Krievijas pils\u0113t\u0101s Vladimir\u0101 un Jaroslav\u013c\u0101.\u00a0<\/p>\n<p>Triecieni Vladimir\u0101 v\u0113rsti pret elektrostaciju. &#8220;Telegram&#8221; kan\u0101ls &#8220;Astra&#8221; v\u0113sta, ka\u00a0uzbrukts elektr\u012bbas apak\u0161stacijai &#8220;Vladimirskaja&#8221;, kas ir viens no liel\u0101kajiem re\u0123iona ener\u0123\u0113tikas objektiem.\u00a0<\/p>\n<p>Bet Jaroslav\u013c\u0101 triecienos boj\u0101ta naftas p\u0101rstr\u0101des r\u016bpn\u012bca\u00a0&#8220;Slav\u0146eftj-JANOS&#8221;.\u00a0Dronu uzbrukuma d\u0113\u013c sl\u0113gta Jaroslav\u013cas lidosta.<\/p>\n<blockquote>\n<p>M\u0113r\u0137is ir maksim\u0101li pasliktin\u0101t Krievijas iesp\u0113jas ieg\u016bt resursus kara turpin\u0101\u0161anai, reiz\u0113 tas ir psiholo\u0123isks spiediens uz iedz\u012bvot\u0101jiem.<\/p>\n<\/blockquote>\n<p>Okup\u0113taj\u0101 Luhanskas apgabala net\u0101lu no \u0160\u010dastjas pils\u0113tas Ukrainas austrumos izc\u0113lies ugunsgr\u0113ks termoelektrostacij\u0101, izraisot pla\u0161u elektroener\u0123ijas padeves p\u0101rtraukumu vis\u0101 re\u0123ion\u0101.<\/p>\n<p>Ar\u012b Krievija turpina\u00a0uzbrukumus Ukrainas ener\u0123\u0113tikas infrastrukt\u016brai<\/p>\n<p>\u00a0<\/p>\n<p>\u00a0<\/p>\n<p>Krievija uzbrukusi vair\u0101k\u0101m apdz\u012bvot\u0101m viet\u0101m, ta\u010du\u00a0ne par visiem post\u012bjumiem iest\u0101des sniedz inform\u0101ciju publiski, proti, kas tie\u0161i ir cietis un cik \u013coti.<\/p>\n<p>Triecien\u0101 tr\u0101p\u012bts\u00a0Slovjanskas termoelektrostacijai un tur nogalin\u0101ti ar\u012b divi ener\u0123\u0113tikas dienestu darbinieki. Vi\u0146iem \u0161is laiks ir pilns izaicin\u0101jumu, jo dienu no dienas maksim\u0101l\u0101 \u0101trum\u0101 cen\u0161as saremont\u0113t iek\u0101rtas, lai cilv\u0113kiem nodro\u0161in\u0101tu siltumu un gaismu. Taj\u0101 pa\u0161\u0101 laik\u0101 j\u0101r\u016bp\u0113jas par savu dro\u0161\u012bbu.<\/p>\n<p>Ukrainas prezidents Volodimirs Zelenskis atz\u012bst, ka gr\u016bti tie\u0161\u0101m ir un t\u0101d\u0113\u013c ar\u012b tik daudz run\u0101ts par pretgaisa aizsardz\u012bbas sist\u0113m\u0101m.<\/p>\n<p>&#8220;Ukrainas pretgaisa aizsardz\u012bba gl\u0101bj iev\u0113rojamu m\u016bsu infrastrukt\u016bras da\u013cu. Priorit\u0101te ir pretgaisa aizsardz\u012bbas sist\u0113mas un ra\u0137etes t\u0101m. Pie t\u0101 m\u0113s str\u0101d\u0101jam katru dienu. Un ar\u012b m\u016bsu t\u0101las darb\u012bbas sp\u0113jas &#8211; m\u016bsu piln\u012bgi pamatot\u0101s atbildes uz to, ko Krievija dara pret Ukrainu, pret m\u016bsu tautu,&#8221; teica Zelenskis.<\/p>\n<p>Krievija ar\u012b uzbrukusi dzelzce\u013ca infrastrukt\u016brai Sumu un Harkivas apgabalos. Boj\u0101ts rito\u0161ais sast\u0101vs, un kav\u0113ta vilcienu satiksme. Triecieni dzelzce\u013ca infrastrukt\u016brai kop\u0161 augusta ar\u012b ir pastiprin\u0101ju\u0161ies.<\/p>\n<p>Sumu pils\u0113t\u0101 dronu triecien\u0101 ievainoti vienpadsmit cilv\u0113ki, tostarp \u010detri b\u0113rni.<\/p>\n<p>Akt\u012bv\u0101k\u0101s kaujas un ar\u012b sare\u017e\u0123\u012bt\u0101k\u0101 situ\u0101cija ir Ukrainas austrumos.<\/p>\n<blockquote>\n<p>Doneckas apgabal\u0101 akt\u012bvo kauju zon\u0101s joproj\u0101m atrodas 15 700 civiliedz\u012bvot\u0101ju, kas par sp\u012bti briesm\u0101m nedodas prom. B\u0113rni no \u0161\u012bm teritorij\u0101m ir izvesti.<\/p>\n<\/blockquote>\n<p>Doneckas apgabal\u0101 eso\u0161aj\u0101 Pokrovskas virzien\u0101 notiek vissmag\u0101k\u0101s kaujas. Diennakts laik\u0101 tur Ukrainas aizst\u0101vji aptur\u0113ja 48 agresora uzbrukumus. <\/p>\n<p>Krievija apgalvo, ka Pokrovska un tai blakus eso\u0161\u0101 Mirnohrada ir ielenktas, ta\u010du Ukraina to noliedz, vien atz\u012bstot, ka situ\u0101cija ir smaga. \u0145emot v\u0113r\u0101 Krievijas iev\u0113rojamo dz\u012bv\u0101 sp\u0113ka p\u0101rsvaru, iebruc\u0113jiem izdodas sag\u0101d\u0101t arvien liel\u0101kas probl\u0113mas. Milit\u0101rie anal\u012bti\u0137i l\u0113\u0161, ka Pokrovsk\u0101 iek\u013cuvu\u0161i aptuveni 200\u2013300 Krievijas karav\u012bri. Eksperti nor\u0101da, ka okupanti, kas ir iefiltr\u0113ju\u0161ies pils\u0113tas dz\u012bvojamajos rajonos, veic diversijas, izliek slazdus, m\u012bn\u0113 ce\u013cus un uzbr\u016bk Ukrainas aizmugures vien\u012bb\u0101m. Visslikt\u0101kais ir tas, ka ienaidniekam ir izdodas izjaukt lo\u0123istikas ce\u013cus \u0161o pils\u0113tu virzien\u0101, kas ir kritiski svar\u012bgs solis, lai okup\u0113tu Pokrovsku un Mirnohradu.<\/p>\n<p>KONTEKSTS:<\/p>\n<p>Nepamatotais un neizprovoc\u0113tais Krievijas pla\u0161a m\u0113roga iebrukums Ukrain\u0101 s\u0101k\u0101s<a href=\"https:\/\/www.lsm.lv\/raksts\/zinas\/arzemes\/putina-rezims-sacis-masivu-uzbrukumu-ukrainai.a445043\/\" class=\"lsm-link\" data-type=\"article\" data-id=\"445043\" rel=\"nofollow noopener\" target=\"_blank\"> 2022. gada 24. febru\u0101r\u012b<\/a>. Krem\u013ca propaganda sol\u012bja ie\u0146emt Kijivu tr\u012bs dien\u0101s, ta\u010du ukrai\u0146u sp\u0113c\u012bg\u0101 pretest\u012bba ne\u013c\u0101va Kremlim realiz\u0113t savus pl\u0101nus.<\/p>\n<p>P\u0113c neveiksm\u0113m Kremlis izveda armiju no Kijivas apgabala, bet turpin\u0101ja ofens\u012bvu citos re\u0123ionos. 2022. gada ruden\u012b ukrai\u0146u armijai izdev\u0101s atbr\u012bvot <a href=\"https:\/\/www.lsm.lv\/raksts\/zinas\/arzemes\/sala-zeme-harkivas-atbrivosana--ltv-zinu-dienesta-filma-par-krievijas-kara-plosito-ukrainu.a477237\/\" class=\"lsm-link\" data-type=\"article\" data-id=\"477237\" rel=\"nofollow noopener\" target=\"_blank\">Harkivas apgabalu<\/a> un da\u013cu<a href=\"https:\/\/www.lsm.lv\/raksts\/zinas\/arzemes\/zelenskis-mes-esam-atguvusi-hersonu.a482245\/\" class=\"lsm-link\" data-type=\"article\" data-id=\"482245\" rel=\"nofollow noopener\" target=\"_blank\"> Hersonas apgabala<\/a>, vairojot cer\u012bbas uz iesp\u0113ju sakaut pretinieku.<\/p>\n<p>Ta\u010du 2023. gada vasar\u0101 s\u0101ktais Ukrainas pretuzbrukums nebija tik veiksm\u012bgs, ko Ukrainas armija skaidro gan ar nepietiekamu iero\u010du nodro\u0161in\u0101jumu no Rietumu sabiedrotajiem, gan ar Krievijas armijas izveidoto pamat\u012bgo aizsardz\u012bbas l\u012bniju un pla\u0161ajiem m\u012bnu laukiem.<\/p>\n<p>2024. gada august\u0101 Ukraina veica<a href=\"https:\/\/www.lsm.lv\/article-preview\/zinas\/arzemes\/07.08.2024-ukraina-un-krievija-uzsakusi-cinas-kurskas-apgabala.a564270\/\" class=\"lsm-link\" data-type=\"article\" data-id=\"564270\" rel=\"nofollow noopener\" target=\"_blank\"> iebrukumu<\/a> Kurskas apgabal\u0101 Krievij\u0101. T\u0101 ir pirm\u0101 reize kop\u0161 Otr\u0101 pasaules kara, kad Krievijas teritorijas da\u013cu ilgsto\u0161i ie\u0146\u0113mis \u0101rvalstu karasp\u0113ks.<\/p>\n<p>Kop\u0161 2024. gada rudens Krievija karadarb\u012bb\u0101 pret Ukrainu iesaist\u012bjusi ar\u012b lielu<a href=\"https:\/\/www.lsm.lv\/raksts\/zinas\/arzemes\/18.10.2024-izluki-ziemelkoreja-grib-nosutit-12-000-karaviru-uz-karu-ukraina-dalu-jau-apmaca-krievija.a573077\/?utm_source=lsm&amp;utm_medium=article-body&amp;utm_campaign=admin\" class=\"lsm-link\" data-type=\"article\" data-id=\"573077\" rel=\"nofollow noopener\" target=\"_blank\"> Zieme\u013ckorejas karav\u012bru<\/a> skaitu. 2025. gada vasar\u0101 Zelenskis<a href=\"https:\/\/www.lsm.lv\/article-preview\/zinas\/arzemes\/05.08.2025-zelenskis-ukrainas-austrumos-krievijas-armija-karo-algotni-no-kinas-un-pakistanas.a609234\/\" class=\"lsm-link\" data-type=\"article\" data-id=\"609234\" rel=\"nofollow noopener\" target=\"_blank\"> pav\u0113st\u012bja<\/a>, ka Ukrainas austrumos Krievijas armij\u0101 karo ar\u012b algot\u0146i no \u0136\u012bnas un Pakist\u0101nas.<\/p>\n<p>Lai ar\u012b l\u012bdz ar ASV prezidenta Donalda Trampa st\u0101\u0161anos amat\u0101 starp Balto namu, Kremli un Kijivu vair\u0101kk\u0101rt notiku\u0161as sarunas par pamieru Ukrain\u0101, l\u012bdz \u0161im t\u0101s rezult\u0101tus nav devu\u0161as.<\/p>\n<p>                    Valodas k\u013c\u016bda rakst\u0101?<\/p>\n<p class=\"d-none d-md-block\">Iez\u012bm\u0113jiet tekstu un spiediet Ctrl+Enter, lai nos\u016bt\u012btu labojamo teksta fragmentu redaktoram! Par faktu k\u013c\u016bd\u0101m l\u016bdzam zi\u0146ot e-past\u0101 <a href=\"https:\/\/www.lsm.lv\/cdn-cgi\/l\/email-protection\" class=\"__cf_email__\" data-cfemail=\"285a4d4c49434b41424968445b4506445e\" rel=\"nofollow noopener\" target=\"_blank\">[email\u00a0protected]<\/a>.<\/p>\n<p class=\"d-md-none\">Iez\u012bm\u0113jiet tekstu un spiediet uz Zi\u0146ot par k\u013c\u016bdu pogas, lai nos\u016bt\u012btu labojamo teksta fragmentu redaktoram!<\/p>\n<p>\n                    Zi\u0146ot par k\u013c\u016bdu\n                <\/p>\n","protected":false},"excerpt":{"rendered":"Ukrainas armija nakt\u012b uz piektdienu vair\u0101kos Krievijas apgabalos veikusi triecienus ener\u0123\u0113tikas objektiem. Lai gan Kijivai \u0161aj\u0101 zi\u0146\u0101 ir&hellip;\n","protected":false},"author":2,"featured_media":36228,"comment_status":"","ping_status":"","sticky":false,"template":"","format":"standard","meta":{"footnotes":""},"categories":[14],"tags":[23,57,28,29,32,33,22,30,31,35,39,38,36,37,34,40,20,26,27,24,25,54,55,56,21,58],"class_list":{"0":"post-36227","1":"post","2":"type-post","3":"status-publish","4":"format-standard","5":"has-post-thumbnail","7":"category-zinas-no-arvalstim","8":"tag-aktualitates","9":"tag-arvalstim","10":"tag-breaking-news","11":"tag-breakingnews","12":"tag-featured-news","13":"tag-featurednews","14":"tag-headlines","15":"tag-latest-news","16":"tag-latestnews","17":"tag-latvia","18":"tag-latvian","19":"tag-latviesu","20":"tag-latviesu-valoda","21":"tag-latviesuvaloda","22":"tag-latvija","23":"tag-lv","24":"tag-news","25":"tag-popularakas-zinas","26":"tag-popularakaszinas","27":"tag-top-stories","28":"tag-topstories","29":"tag-world","30":"tag-world-news","31":"tag-worldnews","32":"tag-zinas","33":"tag-zinas-no-arvalstim"},"share_on_mastodon":{"url":"https:\/\/pubeurope.com\/@lv\/115469097828729064","error":""},"_links":{"self":[{"href":"https:\/\/www.europesays.com\/lv\/wp-json\/wp\/v2\/posts\/36227","targetHints":{"allow":["GET"]}}],"collection":[{"href":"https:\/\/www.europesays.com\/lv\/wp-json\/wp\/v2\/posts"}],"about":[{"href":"https:\/\/www.europesays.com\/lv\/wp-json\/wp\/v2\/types\/post"}],"author":[{"embeddable":true,"href":"https:\/\/www.europesays.com\/lv\/wp-json\/wp\/v2\/users\/2"}],"replies":[{"embeddable":true,"href":"https:\/\/www.europesays.com\/lv\/wp-json\/wp\/v2\/comments?post=36227"}],"version-history":[{"count":0,"href":"https:\/\/www.europesays.com\/lv\/wp-json\/wp\/v2\/posts\/36227\/revisions"}],"wp:featuredmedia":[{"embeddable":true,"href":"https:\/\/www.europesays.com\/lv\/wp-json\/wp\/v2\/media\/36228"}],"wp:attachment":[{"href":"https:\/\/www.europesays.com\/lv\/wp-json\/wp\/v2\/media?parent=36227"}],"wp:term":[{"taxonomy":"category","embeddable":true,"href":"https:\/\/www.europesays.com\/lv\/wp-json\/wp\/v2\/categories?post=36227"},{"taxonomy":"post_tag","embeddable":true,"href":"https:\/\/www.europesays.com\/lv\/wp-json\/wp\/v2\/tags?post=36227"}],"curies":[{"name":"wp","href":"https:\/\/api.w.org\/{rel}","templated":true}]}}