{"id":36231,"date":"2025-10-31T13:50:06","date_gmt":"2025-10-31T13:50:06","guid":{"rendered":"https:\/\/www.europesays.com\/lv\/36231\/"},"modified":"2025-10-31T13:50:06","modified_gmt":"2025-10-31T13:50:06","slug":"saule-vai-lietus-laika-prognoze-sestdienai-la-lv","status":"publish","type":"post","link":"https:\/\/www.europesays.com\/lv\/36231\/","title":{"rendered":"Saule vai lietus? Laika prognoze sestdienai &#8211; LA.LV"},"content":{"rendered":"<ol>\n<li><a href=\"https:\/\/news.google.com\/rss\/articles\/CBMibEFVX3lxTE04UkNxcHF4emtQN1MtZnUyRUtqb1lLU0s3Q01objRvR0szRENOMjdta2pxd2JhMVRUX0xJWjV5aVJJd2lrNlJVVS15VnNyajNpZlFYb0lGY3pNNk9mZGdNOHZjbnlrelI2VXpldg?oc=5\" target=\"_blank\" rel=\"nofollow noopener\">Saule vai lietus? Laika prognoze sestdienai<\/a>&nbsp;&nbsp;LA.LV<\/li>\n<li><a href=\"https:\/\/news.google.com\/rss\/articles\/CBMi0gFBVV95cUxOeElRcHV0ZEZBNnpObThzQkk0ekZ4MzBrVGZZT2Nmdy1xWTRLY2c5ZXNwcDdtVmFSWWk3dGVkbGNxOHg5REVWREVTQTlCT0FiZjdMVlVfR1RCTFp5d0FwN25iSElsVEhQc2pEUk0tcXkxRDhmZExITGxhYkdsWGF5b3pVRllCNkE0T05HbDdfXzJZX3JvcmtMQThWWVZiYU1tdHRPTW1reXZDbzV1bl9Db2NKeFlRbll6d3JDeG5BaWtBY3pTdnhkaDNCdVlRNE1MRlE?oc=5\" target=\"_blank\" rel=\"nofollow noopener\">No br\u012bvdien\u0101m saulain\u0101ka b\u016bs sestdiena; silta b\u016bs ar\u012b n\u0101kam\u0101 ned\u0113\u013ca \/ Raksts<\/a>&nbsp;&nbsp;LSM<\/li>\n<li><a href=\"https:\/\/news.google.com\/rss\/articles\/CBMipwFBVV95cUxPOFJaRzRJOUNzU1V6WWREZGFUaF9LSGd1VE1Odlc1UFdiUDRLWkFoZWFGckV5ZFN0ZTJCTm4tZE54QXEzTG1iSWxfVmp2aTlkelJ3WU5GVDR2OGk4aENBeTdkOFVPZXpuQ0RaSWRYb0w4cFNoenpoYzlPNW51MncwbnhObTk4QWJRam9IRnFTTlBwR0cwVzNNcUp3TUVGVE5IczVjNjM2TQ?oc=5\" target=\"_blank\" rel=\"nofollow noopener\">Gaiss iesils l\u012bdz +13 gr\u0101diem: ar k\u0101diem laikapst\u0101k\u013ciem s\u0101ksies novembris?<\/a>&nbsp;&nbsp;TVNET &#8211; Laika zi\u0146as<\/li>\n<li><a href=\"https:\/\/news.google.com\/rss\/articles\/CBMilwFBVV95cUxQNHBhQWZBRmNSOGpkTUU1TWQ0UXhiOUNlbUpmSDQ3ZXFsZHRRS3NGTHA1ODJKcG5OeXVMcTN0cHpRYi04cW5zeDhqd0ZwaXRxRlRnS0MxZzJiek5Ka0tJMDEwd1R5QTA5eDNJNnlObnl6S3ozNk9oTE8wQVVPQlYwQWx3RlQ1SnA0dDhpWDJ5TDB6Z0ZaNmVr?oc=5\" target=\"_blank\" rel=\"nofollow noopener\">Novembra s\u0101kum\u0101 gaid\u0101ms silts un br\u012b\u017eiem lietains laiks<\/a>&nbsp;&nbsp;Jauns.lv<\/li>\n<li><a href=\"https:\/\/news.google.com\/rss\/articles\/CBMid0FVX3lxTE9kM2UxS3FkaktmU0lDMDQwT3JMLS1xSklBTW9wNkdOUVlSRUU1UU00aE5zTjZ0Wl8xNGJBai1mWFRiZF9VcEJ1azZyc1locktBZEs1b3k1NnFGd1FhdklrcnhELU1kYmZjREdfNGliZ2Y0ODFES21Z?oc=5\" target=\"_blank\" rel=\"nofollow noopener\">Sestdien Latvij\u0101 viet\u0101m uzsp\u012bd\u0113s saule<\/a>&nbsp;&nbsp;Apollo.lv<\/li>\n<\/ol>\n","protected":false},"excerpt":{"rendered":"Saule vai lietus? Laika prognoze sestdienai&nbsp;&nbsp;LA.LV No br\u012bvdien\u0101m saulain\u0101ka b\u016bs sestdiena; silta b\u016bs ar\u012b n\u0101kam\u0101 ned\u0113\u013ca \/ Raksts&nbsp;&nbsp;LSM&hellip;\n","protected":false},"author":2,"featured_media":25818,"comment_status":"","ping_status":"","sticky":false,"template":"","format":"standard","meta":{"footnotes":""},"categories":[5],"tags":[23,28,29,32,33,22,30,31,35,39,38,36,37,34,40,20,26,27,24,25,21],"class_list":{"0":"post-36231","1":"post","2":"type-post","3":"status-publish","4":"format-standard","5":"has-post-thumbnail","7":"category-aktualitates","8":"tag-aktualitates","9":"tag-breaking-news","10":"tag-breakingnews","11":"tag-featured-news","12":"tag-featurednews","13":"tag-headlines","14":"tag-latest-news","15":"tag-latestnews","16":"tag-latvia","17":"tag-latvian","18":"tag-latviesu","19":"tag-latviesu-valoda","20":"tag-latviesuvaloda","21":"tag-latvija","22":"tag-lv","23":"tag-news","24":"tag-popularakas-zinas","25":"tag-popularakaszinas","26":"tag-top-stories","27":"tag-topstories","28":"tag-zinas"},"share_on_mastodon":{"url":"https:\/\/pubeurope.com\/@lv\/115469105410545782","error":""},"_links":{"self":[{"href":"https:\/\/www.europesays.com\/lv\/wp-json\/wp\/v2\/posts\/36231","targetHints":{"allow":["GET"]}}],"collection":[{"href":"https:\/\/www.europesays.com\/lv\/wp-json\/wp\/v2\/posts"}],"about":[{"href":"https:\/\/www.europesays.com\/lv\/wp-json\/wp\/v2\/types\/post"}],"author":[{"embeddable":true,"href":"https:\/\/www.europesays.com\/lv\/wp-json\/wp\/v2\/users\/2"}],"replies":[{"embeddable":true,"href":"https:\/\/www.europesays.com\/lv\/wp-json\/wp\/v2\/comments?post=36231"}],"version-history":[{"count":0,"href":"https:\/\/www.europesays.com\/lv\/wp-json\/wp\/v2\/posts\/36231\/revisions"}],"wp:featuredmedia":[{"embeddable":true,"href":"https:\/\/www.europesays.com\/lv\/wp-json\/wp\/v2\/media\/25818"}],"wp:attachment":[{"href":"https:\/\/www.europesays.com\/lv\/wp-json\/wp\/v2\/media?parent=36231"}],"wp:term":[{"taxonomy":"category","embeddable":true,"href":"https:\/\/www.europesays.com\/lv\/wp-json\/wp\/v2\/categories?post=36231"},{"taxonomy":"post_tag","embeddable":true,"href":"https:\/\/www.europesays.com\/lv\/wp-json\/wp\/v2\/tags?post=36231"}],"curies":[{"name":"wp","href":"https:\/\/api.w.org\/{rel}","templated":true}]}}