{"id":36257,"date":"2025-10-31T14:36:11","date_gmt":"2025-10-31T14:36:11","guid":{"rendered":"https:\/\/www.europesays.com\/lv\/36257\/"},"modified":"2025-10-31T14:36:11","modified_gmt":"2025-10-31T14:36:11","slug":"ukraini-veic-triecienus-pa-krievijas-energetikas-objektiem","status":"publish","type":"post","link":"https:\/\/www.europesays.com\/lv\/36257\/","title":{"rendered":"Ukrai\u0146i veic triecienus pa Krievijas ener\u0123\u0113tikas objektiem"},"content":{"rendered":"<p>P\u0113c trieciena Orlas termoelektrocentr\u0101l\u0113 izc\u0113lies ugunsgr\u0113ks, bet pils\u0113t\u0101 pazudusi elektr\u012bba, v\u0113sta &#8220;Telegram&#8221; kan\u0101li, atsaucoties uz aculieciniekiem un viet\u0113jiem iedz\u012bvot\u0101jiem.<\/p>\n<p>Spr\u0101dzieni bija dzirdami ar\u012b Jaroslav\u013c\u0101 pie naftas p\u0101rstr\u0101des r\u016bpn\u012bcas &#8220;Slav\u0146eftj-JANOS&#8221;.<\/p>\n<p>Dronu uzbrukuma d\u0113\u013c sl\u0113gta Jaroslav\u013cas lidosta.<\/p>\n<p>Ar\u012b Vladimir\u0101 bija dzirdami spr\u0101dzieni.<\/p>\n<p>&#8220;Telegram&#8221; kan\u0101ls &#8220;Astra&#8221; v\u0113sta, ka pils\u0113tas Ener\u0123\u0113tikas rajon\u0101 uzbrukts elektr\u012bbas apak\u0161stacijai &#8220;Vladimirskaja&#8221;, kas ir viens no liel\u0101kajiem re\u0123iona ener\u0123\u0113tikas objektiem.<\/p>\n","protected":false},"excerpt":{"rendered":"P\u0113c trieciena Orlas termoelektrocentr\u0101l\u0113 izc\u0113lies ugunsgr\u0113ks, bet pils\u0113t\u0101 pazudusi elektr\u012bba, v\u0113sta &#8220;Telegram&#8221; kan\u0101li, atsaucoties uz aculieciniekiem un viet\u0113jiem&hellip;\n","protected":false},"author":2,"featured_media":36258,"comment_status":"","ping_status":"","sticky":false,"template":"","format":"standard","meta":{"footnotes":""},"categories":[14],"tags":[23,57,28,29,781,32,33,22,234,74,30,31,35,39,38,36,37,34,40,20,26,27,24,25,276,54,55,56,21,58],"class_list":{"0":"post-36257","1":"post","2":"type-post","3":"status-publish","4":"format-standard","5":"has-post-thumbnail","7":"category-zinas-no-arvalstim","8":"tag-aktualitates","9":"tag-arvalstim","10":"tag-breaking-news","11":"tag-breakingnews","12":"tag-energetika","13":"tag-featured-news","14":"tag-featurednews","15":"tag-headlines","16":"tag-krievija","17":"tag-krievijas-iebrukums-ukraina","18":"tag-latest-news","19":"tag-latestnews","20":"tag-latvia","21":"tag-latvian","22":"tag-latviesu","23":"tag-latviesu-valoda","24":"tag-latviesuvaloda","25":"tag-latvija","26":"tag-lv","27":"tag-news","28":"tag-popularakas-zinas","29":"tag-popularakaszinas","30":"tag-top-stories","31":"tag-topstories","32":"tag-ukraina","33":"tag-world","34":"tag-world-news","35":"tag-worldnews","36":"tag-zinas","37":"tag-zinas-no-arvalstim"},"share_on_mastodon":{"url":"https:\/\/pubeurope.com\/@lv\/115469286285232996","error":""},"_links":{"self":[{"href":"https:\/\/www.europesays.com\/lv\/wp-json\/wp\/v2\/posts\/36257","targetHints":{"allow":["GET"]}}],"collection":[{"href":"https:\/\/www.europesays.com\/lv\/wp-json\/wp\/v2\/posts"}],"about":[{"href":"https:\/\/www.europesays.com\/lv\/wp-json\/wp\/v2\/types\/post"}],"author":[{"embeddable":true,"href":"https:\/\/www.europesays.com\/lv\/wp-json\/wp\/v2\/users\/2"}],"replies":[{"embeddable":true,"href":"https:\/\/www.europesays.com\/lv\/wp-json\/wp\/v2\/comments?post=36257"}],"version-history":[{"count":0,"href":"https:\/\/www.europesays.com\/lv\/wp-json\/wp\/v2\/posts\/36257\/revisions"}],"wp:featuredmedia":[{"embeddable":true,"href":"https:\/\/www.europesays.com\/lv\/wp-json\/wp\/v2\/media\/36258"}],"wp:attachment":[{"href":"https:\/\/www.europesays.com\/lv\/wp-json\/wp\/v2\/media?parent=36257"}],"wp:term":[{"taxonomy":"category","embeddable":true,"href":"https:\/\/www.europesays.com\/lv\/wp-json\/wp\/v2\/categories?post=36257"},{"taxonomy":"post_tag","embeddable":true,"href":"https:\/\/www.europesays.com\/lv\/wp-json\/wp\/v2\/tags?post=36257"}],"curies":[{"name":"wp","href":"https:\/\/api.w.org\/{rel}","templated":true}]}}